{"id":2656,"date":"2021-04-23T07:57:48","date_gmt":"2021-04-23T07:57:48","guid":{"rendered":"https:\/\/marcali.plebania.hu\/?p=2656"},"modified":"2021-04-23T07:57:48","modified_gmt":"2021-04-23T07:57:48","slug":"hirdetesek-2021-04-25","status":"publish","type":"post","link":"https:\/\/marcali.plebania.hu\/?p=2656","title":{"rendered":"Hirdet\u00e9sek, 2021. 04. 25."},"content":{"rendered":"\n<ol class=\"wp-block-list\"><li>Ma\nvan H\u00fasv\u00e9t 4. vas\u00e1rnapja. Ma a papi hivat\u00e1sok vil\u00e1gnapja, egyben a j\u00f3 term\u00e9s\u00e9rt\nis im\u00e1dkozunk.<\/li><li>J\u00f6v\u0151\nh\u00e9ten, p\u00e9nteken, 17.30-kor szents\u00e9gim\u00e1d\u00e1s, 18 \u00f3rakor szentmise.<\/li><li>J\u00f6v\u0151\nszombaton a Munk\u00e1s Szent J\u00f3zsefet \u00fcnnepelj\u00fck. Este 18 \u00f3rakor szentmise Szent J\u00f3zsefr\u0151l.<\/li><\/ol>\n","protected":false},"excerpt":{"rendered":"<p>Ma van H\u00fasv\u00e9t 4. vas\u00e1rnapja. Ma a papi hivat\u00e1sok vil\u00e1gnapja, egyben a j\u00f3 term\u00e9s\u00e9rt is im\u00e1dkozunk. J\u00f6v\u0151 h\u00e9ten, p\u00e9nteken, 17.30-kor szents\u00e9gim\u00e1d\u00e1s, 18 \u00f3rakor szentmise. J\u00f6v\u0151 szombaton a Munk\u00e1s Szent J\u00f3zsefet \u00fcnnepelj\u00fck. Este 18 \u00f3rakor szentmise Szent J\u00f3zsefr\u0151l.<\/p>\n","protected":false},"author":2,"featured_media":0,"comment_status":"closed","ping_status":"open","sticky":false,"template":"","format":"standard","meta":{"footnotes":""},"categories":[1],"tags":[],"class_list":["post-2656","post","type-post","status-publish","format-standard","hentry","category-egyeb"],"_links":{"self":[{"href":"https:\/\/marcali.plebania.hu\/index.php?rest_route=\/wp\/v2\/posts\/2656","targetHints":{"allow":["GET"]}}],"collection":[{"href":"https:\/\/marcali.plebania.hu\/index.php?rest_route=\/wp\/v2\/posts"}],"about":[{"href":"https:\/\/marcali.plebania.hu\/index.php?rest_route=\/wp\/v2\/types\/post"}],"author":[{"embeddable":true,"href":"https:\/\/marcali.plebania.hu\/index.php?rest_route=\/wp\/v2\/users\/2"}],"replies":[{"embeddable":true,"href":"https:\/\/marcali.plebania.hu\/index.php?rest_route=%2Fwp%2Fv2%2Fcomments&post=2656"}],"version-history":[{"count":1,"href":"https:\/\/marcali.plebania.hu\/index.php?rest_route=\/wp\/v2\/posts\/2656\/revisions"}],"predecessor-version":[{"id":2657,"href":"https:\/\/marcali.plebania.hu\/index.php?rest_route=\/wp\/v2\/posts\/2656\/revisions\/2657"}],"wp:attachment":[{"href":"https:\/\/marcali.plebania.hu\/index.php?rest_route=%2Fwp%2Fv2%2Fmedia&parent=2656"}],"wp:term":[{"taxonomy":"category","embeddable":true,"href":"https:\/\/marcali.plebania.hu\/index.php?rest_route=%2Fwp%2Fv2%2Fcategories&post=2656"},{"taxonomy":"post_tag","embeddable":true,"href":"https:\/\/marcali.plebania.hu\/index.php?rest_route=%2Fwp%2Fv2%2Ftags&post=2656"}],"curies":[{"name":"wp","href":"https:\/\/api.w.org\/{rel}","templated":true}]}}