{"id":2659,"date":"2021-04-30T07:34:46","date_gmt":"2021-04-30T07:34:46","guid":{"rendered":"https:\/\/marcali.plebania.hu\/?p=2659"},"modified":"2021-04-30T07:34:46","modified_gmt":"2021-04-30T07:34:46","slug":"hirdetesek-2021-05-02","status":"publish","type":"post","link":"https:\/\/marcali.plebania.hu\/?p=2659","title":{"rendered":"Hirdet\u00e9sek, 2021. 05. 02."},"content":{"rendered":"\n<ol class=\"wp-block-list\"><li>Ma\nvan H\u00fasv\u00e9t 5. vas\u00e1rnapja.<\/li><li>P\u00e9nteken\n17.30-kor szents\u00e9gim\u00e1d\u00e1s, melynek keret\u00e9ben m\u00e1jusi lit\u00e1ni\u00e1t mondunk, 18 \u00f3rakor\nszentmise.<\/li><li>Szombaton\n17.45-kor m\u00e1jusi lit\u00e1nia, 18 \u00f3rakor szentmise.<\/li><li>Megkezd\u0151dtek\naz el\u0151k\u00e9sz\u00edt\u0151 t\u00e1rgyal\u00e1sok \u00e9s az enged\u00e9lyek beszerz\u00e9se a templom el\u0151tt\nfel\u00e1ll\u00edtand\u00f3 Szent II. J\u00e1nos P\u00e1l p\u00e1pa szobor elk\u00e9sz\u00edt\u00e9s\u00e9r\u0151l.<\/li><li>A\nmiserend annyiban v\u00e1ltozott, hogy am\u00edg a j\u00e1rv\u00e1nyhelyzet tart, vas\u00e1rnaponk\u00e9nt felv\u00e1ltva\nlesz mise a B. Gizella \u00e9s a gombai templomban. Most vas\u00e1rnap a B. Gizella\ntemplomban lesz szentmise.<\/li><\/ol>\n","protected":false},"excerpt":{"rendered":"<p>Ma van H\u00fasv\u00e9t 5. vas\u00e1rnapja. P\u00e9nteken 17.30-kor szents\u00e9gim\u00e1d\u00e1s, melynek keret\u00e9ben m\u00e1jusi lit\u00e1ni\u00e1t mondunk, 18 \u00f3rakor szentmise. Szombaton 17.45-kor m\u00e1jusi lit\u00e1nia, 18 \u00f3rakor szentmise. Megkezd\u0151dtek az el\u0151k\u00e9sz\u00edt\u0151 t\u00e1rgyal\u00e1sok \u00e9s az enged\u00e9lyek beszerz\u00e9se a templom el\u0151tt fel\u00e1ll\u00edtand\u00f3 Szent II. J\u00e1nos P\u00e1l p\u00e1pa szobor elk\u00e9sz\u00edt\u00e9s\u00e9r\u0151l. A miserend annyiban v\u00e1ltozott, hogy am\u00edg a j\u00e1rv\u00e1nyhelyzet tart, vas\u00e1rnaponk\u00e9nt felv\u00e1ltva lesz mise a B. Gizella \u00e9s a gombai templomban. Most vas\u00e1rnap a B. Gizella templomban lesz szentmise.<\/p>\n","protected":false},"author":2,"featured_media":0,"comment_status":"closed","ping_status":"open","sticky":false,"template":"","format":"standard","meta":{"footnotes":""},"categories":[1],"tags":[],"class_list":["post-2659","post","type-post","status-publish","format-standard","hentry","category-egyeb"],"_links":{"self":[{"href":"https:\/\/marcali.plebania.hu\/index.php?rest_route=\/wp\/v2\/posts\/2659","targetHints":{"allow":["GET"]}}],"collection":[{"href":"https:\/\/marcali.plebania.hu\/index.php?rest_route=\/wp\/v2\/posts"}],"about":[{"href":"https:\/\/marcali.plebania.hu\/index.php?rest_route=\/wp\/v2\/types\/post"}],"author":[{"embeddable":true,"href":"https:\/\/marcali.plebania.hu\/index.php?rest_route=\/wp\/v2\/users\/2"}],"replies":[{"embeddable":true,"href":"https:\/\/marcali.plebania.hu\/index.php?rest_route=%2Fwp%2Fv2%2Fcomments&post=2659"}],"version-history":[{"count":1,"href":"https:\/\/marcali.plebania.hu\/index.php?rest_route=\/wp\/v2\/posts\/2659\/revisions"}],"predecessor-version":[{"id":2660,"href":"https:\/\/marcali.plebania.hu\/index.php?rest_route=\/wp\/v2\/posts\/2659\/revisions\/2660"}],"wp:attachment":[{"href":"https:\/\/marcali.plebania.hu\/index.php?rest_route=%2Fwp%2Fv2%2Fmedia&parent=2659"}],"wp:term":[{"taxonomy":"category","embeddable":true,"href":"https:\/\/marcali.plebania.hu\/index.php?rest_route=%2Fwp%2Fv2%2Fcategories&post=2659"},{"taxonomy":"post_tag","embeddable":true,"href":"https:\/\/marcali.plebania.hu\/index.php?rest_route=%2Fwp%2Fv2%2Ftags&post=2659"}],"curies":[{"name":"wp","href":"https:\/\/api.w.org\/{rel}","templated":true}]}}