{"id":2661,"date":"2021-05-07T08:36:26","date_gmt":"2021-05-07T08:36:26","guid":{"rendered":"https:\/\/marcali.plebania.hu\/?p=2661"},"modified":"2021-05-07T08:36:26","modified_gmt":"2021-05-07T08:36:26","slug":"hirdetesek-2021-05-09","status":"publish","type":"post","link":"https:\/\/marcali.plebania.hu\/?p=2661","title":{"rendered":"Hirdet\u00e9sek, 2021. 05. 09."},"content":{"rendered":"\n<ol class=\"wp-block-list\"><li>Ma\nvan H\u00fasv\u00e9t 6. vas\u00e1rnapja.<\/li><li>A\nh\u00e9ten, cs\u00fct\u00f6rt\u00f6k\u00f6n, 13-\u00e1n 17 \u00f3rakor fatimai engesztel\u0151 ima\u00f3ra, 18 \u00f3rakor\nszentmise.<\/li><li>P\u00e9nteken\n17.30-kor szents\u00e9gim\u00e1d\u00e1s, m\u00e1jusi lit\u00e1ni\u00e1val, 18 \u00f3rakor szentmise.<\/li><li>J\u00f6v\u0151\nvas\u00e1rnap Urunk mennybemenetel\u00e9nek \u00fcnnepe.<\/li><li>K\u00e9t\nh\u00e9t m\u00falva P\u00fcnk\u00f6sd vas\u00e1rnapja. P\u00fcnk\u00f6sd h\u00e9tf\u0151n keresztel\u00e9sek is lesznek.<\/li><\/ol>\n","protected":false},"excerpt":{"rendered":"<p>Ma van H\u00fasv\u00e9t 6. vas\u00e1rnapja. A h\u00e9ten, cs\u00fct\u00f6rt\u00f6k\u00f6n, 13-\u00e1n 17 \u00f3rakor fatimai engesztel\u0151 ima\u00f3ra, 18 \u00f3rakor szentmise. P\u00e9nteken 17.30-kor szents\u00e9gim\u00e1d\u00e1s, m\u00e1jusi lit\u00e1ni\u00e1val, 18 \u00f3rakor szentmise. J\u00f6v\u0151 vas\u00e1rnap Urunk mennybemenetel\u00e9nek \u00fcnnepe. K\u00e9t h\u00e9t m\u00falva P\u00fcnk\u00f6sd vas\u00e1rnapja. P\u00fcnk\u00f6sd h\u00e9tf\u0151n keresztel\u00e9sek is lesznek.<\/p>\n","protected":false},"author":2,"featured_media":0,"comment_status":"closed","ping_status":"open","sticky":false,"template":"","format":"standard","meta":{"footnotes":""},"categories":[1],"tags":[],"class_list":["post-2661","post","type-post","status-publish","format-standard","hentry","category-egyeb"],"_links":{"self":[{"href":"https:\/\/marcali.plebania.hu\/index.php?rest_route=\/wp\/v2\/posts\/2661","targetHints":{"allow":["GET"]}}],"collection":[{"href":"https:\/\/marcali.plebania.hu\/index.php?rest_route=\/wp\/v2\/posts"}],"about":[{"href":"https:\/\/marcali.plebania.hu\/index.php?rest_route=\/wp\/v2\/types\/post"}],"author":[{"embeddable":true,"href":"https:\/\/marcali.plebania.hu\/index.php?rest_route=\/wp\/v2\/users\/2"}],"replies":[{"embeddable":true,"href":"https:\/\/marcali.plebania.hu\/index.php?rest_route=%2Fwp%2Fv2%2Fcomments&post=2661"}],"version-history":[{"count":1,"href":"https:\/\/marcali.plebania.hu\/index.php?rest_route=\/wp\/v2\/posts\/2661\/revisions"}],"predecessor-version":[{"id":2662,"href":"https:\/\/marcali.plebania.hu\/index.php?rest_route=\/wp\/v2\/posts\/2661\/revisions\/2662"}],"wp:attachment":[{"href":"https:\/\/marcali.plebania.hu\/index.php?rest_route=%2Fwp%2Fv2%2Fmedia&parent=2661"}],"wp:term":[{"taxonomy":"category","embeddable":true,"href":"https:\/\/marcali.plebania.hu\/index.php?rest_route=%2Fwp%2Fv2%2Fcategories&post=2661"},{"taxonomy":"post_tag","embeddable":true,"href":"https:\/\/marcali.plebania.hu\/index.php?rest_route=%2Fwp%2Fv2%2Ftags&post=2661"}],"curies":[{"name":"wp","href":"https:\/\/api.w.org\/{rel}","templated":true}]}}