{"id":2664,"date":"2021-05-14T07:18:24","date_gmt":"2021-05-14T07:18:24","guid":{"rendered":"https:\/\/marcali.plebania.hu\/?p=2664"},"modified":"2021-05-14T07:18:24","modified_gmt":"2021-05-14T07:18:24","slug":"hirdetesek-2021-05-16","status":"publish","type":"post","link":"https:\/\/marcali.plebania.hu\/?p=2664","title":{"rendered":"Hirdet\u00e9sek, 2021. 05. 16."},"content":{"rendered":"\n<ol class=\"wp-block-list\"><li>Ma\nUrunk mennybemenetel\u00e9nek \u00fcnnepe van.<\/li><li>P\u00e9nteken\n17.30-kor szents\u00e9gim\u00e1d\u00e1s, m\u00e1jusi lit\u00e1ni\u00e1val, 18 \u00f3rakor szentmise.<\/li><li>J\u00f6v\u0151\nvas\u00e1rnap, P\u00fcnk\u00f6sd \u00fcnnepe, a Szentl\u00e9lek ki\u00e1rad\u00e1s\u00e1nak napja.<\/li><li>Az\nOrb\u00e1n k\u00e1polna b\u00facs\u00fa napj\u00e1t 2 h\u00e9t m\u00falva, m\u00e1jus 30-\u00e1n, Szenth\u00e1roms\u00e1g vas\u00e1rnapj\u00e1n\n11 \u00f3rakor tartjuk.<\/li><li>A\nnagyharang \u00e9s a torony\u00f3ra szerel\u00e9se folyamatban van.<\/li><\/ol>\n","protected":false},"excerpt":{"rendered":"<p>Ma Urunk mennybemenetel\u00e9nek \u00fcnnepe van. P\u00e9nteken 17.30-kor szents\u00e9gim\u00e1d\u00e1s, m\u00e1jusi lit\u00e1ni\u00e1val, 18 \u00f3rakor szentmise. J\u00f6v\u0151 vas\u00e1rnap, P\u00fcnk\u00f6sd \u00fcnnepe, a Szentl\u00e9lek ki\u00e1rad\u00e1s\u00e1nak napja. Az Orb\u00e1n k\u00e1polna b\u00facs\u00fa napj\u00e1t 2 h\u00e9t m\u00falva, m\u00e1jus 30-\u00e1n, Szenth\u00e1roms\u00e1g vas\u00e1rnapj\u00e1n 11 \u00f3rakor tartjuk. A nagyharang \u00e9s a torony\u00f3ra szerel\u00e9se folyamatban van.<\/p>\n","protected":false},"author":2,"featured_media":0,"comment_status":"closed","ping_status":"open","sticky":false,"template":"","format":"standard","meta":{"footnotes":""},"categories":[1],"tags":[],"class_list":["post-2664","post","type-post","status-publish","format-standard","hentry","category-egyeb"],"_links":{"self":[{"href":"https:\/\/marcali.plebania.hu\/index.php?rest_route=\/wp\/v2\/posts\/2664","targetHints":{"allow":["GET"]}}],"collection":[{"href":"https:\/\/marcali.plebania.hu\/index.php?rest_route=\/wp\/v2\/posts"}],"about":[{"href":"https:\/\/marcali.plebania.hu\/index.php?rest_route=\/wp\/v2\/types\/post"}],"author":[{"embeddable":true,"href":"https:\/\/marcali.plebania.hu\/index.php?rest_route=\/wp\/v2\/users\/2"}],"replies":[{"embeddable":true,"href":"https:\/\/marcali.plebania.hu\/index.php?rest_route=%2Fwp%2Fv2%2Fcomments&post=2664"}],"version-history":[{"count":1,"href":"https:\/\/marcali.plebania.hu\/index.php?rest_route=\/wp\/v2\/posts\/2664\/revisions"}],"predecessor-version":[{"id":2665,"href":"https:\/\/marcali.plebania.hu\/index.php?rest_route=\/wp\/v2\/posts\/2664\/revisions\/2665"}],"wp:attachment":[{"href":"https:\/\/marcali.plebania.hu\/index.php?rest_route=%2Fwp%2Fv2%2Fmedia&parent=2664"}],"wp:term":[{"taxonomy":"category","embeddable":true,"href":"https:\/\/marcali.plebania.hu\/index.php?rest_route=%2Fwp%2Fv2%2Fcategories&post=2664"},{"taxonomy":"post_tag","embeddable":true,"href":"https:\/\/marcali.plebania.hu\/index.php?rest_route=%2Fwp%2Fv2%2Ftags&post=2664"}],"curies":[{"name":"wp","href":"https:\/\/api.w.org\/{rel}","templated":true}]}}