{"id":2666,"date":"2021-05-21T07:28:29","date_gmt":"2021-05-21T07:28:29","guid":{"rendered":"https:\/\/marcali.plebania.hu\/?p=2666"},"modified":"2021-05-21T07:28:29","modified_gmt":"2021-05-21T07:28:29","slug":"meghivo-az-orban-kapolna-bucsui-szentmisejere-2021","status":"publish","type":"post","link":"https:\/\/marcali.plebania.hu\/?p=2666","title":{"rendered":"Megh\u00edv\u00f3 az Orb\u00e1n k\u00e1polna b\u00facs\u00fai szentmis\u00e9j\u00e9re &#8211; 2021"},"content":{"rendered":"\n<figure class=\"wp-block-image size-large\"><img loading=\"lazy\" decoding=\"async\" width=\"960\" height=\"720\" src=\"https:\/\/marcali.plebania.hu\/wp-content\/uploads\/2021\/05\/Orb\u00e1n-k\u00e1polna-2021.jpg\" alt=\"\" class=\"wp-image-2667\" srcset=\"https:\/\/marcali.plebania.hu\/wp-content\/uploads\/2021\/05\/Orb\u00e1n-k\u00e1polna-2021.jpg 960w, https:\/\/marcali.plebania.hu\/wp-content\/uploads\/2021\/05\/Orb\u00e1n-k\u00e1polna-2021-300x225.jpg 300w, https:\/\/marcali.plebania.hu\/wp-content\/uploads\/2021\/05\/Orb\u00e1n-k\u00e1polna-2021-768x576.jpg 768w, https:\/\/marcali.plebania.hu\/wp-content\/uploads\/2021\/05\/Orb\u00e1n-k\u00e1polna-2021-360x270.jpg 360w\" sizes=\"auto, (max-width: 960px) 100vw, 960px\" \/><\/figure>\n","protected":false},"excerpt":{"rendered":"","protected":false},"author":2,"featured_media":0,"comment_status":"closed","ping_status":"open","sticky":false,"template":"","format":"standard","meta":{"footnotes":""},"categories":[1],"tags":[],"class_list":["post-2666","post","type-post","status-publish","format-standard","hentry","category-egyeb"],"_links":{"self":[{"href":"https:\/\/marcali.plebania.hu\/index.php?rest_route=\/wp\/v2\/posts\/2666","targetHints":{"allow":["GET"]}}],"collection":[{"href":"https:\/\/marcali.plebania.hu\/index.php?rest_route=\/wp\/v2\/posts"}],"about":[{"href":"https:\/\/marcali.plebania.hu\/index.php?rest_route=\/wp\/v2\/types\/post"}],"author":[{"embeddable":true,"href":"https:\/\/marcali.plebania.hu\/index.php?rest_route=\/wp\/v2\/users\/2"}],"replies":[{"embeddable":true,"href":"https:\/\/marcali.plebania.hu\/index.php?rest_route=%2Fwp%2Fv2%2Fcomments&post=2666"}],"version-history":[{"count":1,"href":"https:\/\/marcali.plebania.hu\/index.php?rest_route=\/wp\/v2\/posts\/2666\/revisions"}],"predecessor-version":[{"id":2668,"href":"https:\/\/marcali.plebania.hu\/index.php?rest_route=\/wp\/v2\/posts\/2666\/revisions\/2668"}],"wp:attachment":[{"href":"https:\/\/marcali.plebania.hu\/index.php?rest_route=%2Fwp%2Fv2%2Fmedia&parent=2666"}],"wp:term":[{"taxonomy":"category","embeddable":true,"href":"https:\/\/marcali.plebania.hu\/index.php?rest_route=%2Fwp%2Fv2%2Fcategories&post=2666"},{"taxonomy":"post_tag","embeddable":true,"href":"https:\/\/marcali.plebania.hu\/index.php?rest_route=%2Fwp%2Fv2%2Ftags&post=2666"}],"curies":[{"name":"wp","href":"https:\/\/api.w.org\/{rel}","templated":true}]}}