{"id":2669,"date":"2021-05-21T07:29:00","date_gmt":"2021-05-21T07:29:00","guid":{"rendered":"https:\/\/marcali.plebania.hu\/?p=2669"},"modified":"2021-05-21T07:29:00","modified_gmt":"2021-05-21T07:29:00","slug":"hirdetesek-2021-05-23","status":"publish","type":"post","link":"https:\/\/marcali.plebania.hu\/?p=2669","title":{"rendered":"Hirdet\u00e9sek, 2021. 05. 23."},"content":{"rendered":"\n<ol class=\"wp-block-list\"><li>Ma\nP\u00fcnk\u00f6sd vas\u00e1rnapja van, a Szentl\u00e9lek ki\u00e1rad\u00e1s\u00e1nak \u00fcnnepe. Ma a v\u00e1ros mindh\u00e1rom\ntemplom\u00e1ban szentmise.<\/li><li>P\u00fcnk\u00f6sd\nh\u00e9tf\u0151n 9 \u00f3rakor a pl\u00e9b\u00e1niatemplomban lesz szentmise.<\/li><li>P\u00e9nteken,\n17.30-kor szents\u00e9gim\u00e1d\u00e1s, 18 \u00f3rakor szentmise.<\/li><li>J\u00f6v\u0151\nvas\u00e1rnap Szenth\u00e1roms\u00e1g vas\u00e1rnapja, az Orb\u00e1n k\u00e1poln\u00e1n\u00e1l is lesz 11 \u00f3rakor\nszentmise.<\/li><li>K\u00e9t\nh\u00e9t m\u00falva, szombaton vil\u00e1gm\u00e9ret\u0171 szents\u00e9gim\u00e1d\u00e1s lesz \u00darnapja el\u0151est\u00e9j\u00e9n. Mi is csatlakozunk,\n17 \u00f3rakor szents\u00e9gim\u00e1d\u00e1st tartunk a pl\u00e9b\u00e1niatemplomban.<\/li><li>Megk\u00f6sz\u00f6nj\u00fck\nS\u00e1ndor \u00c1rp\u00e1d m\u0171szer\u00e9sznek a pl\u00e9b\u00e1niatemplom torony\u00f3r\u00e1ja \u00e9s a harang megjav\u00edt\u00e1s\u00e1ban\nval\u00f3 seg\u00edts\u00e9g\u00e9t \u00e9s munk\u00e1j\u00e1t.<\/li><\/ol>\n","protected":false},"excerpt":{"rendered":"<p>Ma P\u00fcnk\u00f6sd vas\u00e1rnapja van, a Szentl\u00e9lek ki\u00e1rad\u00e1s\u00e1nak \u00fcnnepe. Ma a v\u00e1ros mindh\u00e1rom templom\u00e1ban szentmise. P\u00fcnk\u00f6sd h\u00e9tf\u0151n 9 \u00f3rakor a pl\u00e9b\u00e1niatemplomban lesz szentmise. P\u00e9nteken, 17.30-kor szents\u00e9gim\u00e1d\u00e1s, 18 \u00f3rakor szentmise. J\u00f6v\u0151 vas\u00e1rnap Szenth\u00e1roms\u00e1g vas\u00e1rnapja, az Orb\u00e1n k\u00e1poln\u00e1n\u00e1l is lesz 11 \u00f3rakor szentmise. K\u00e9t h\u00e9t m\u00falva, szombaton vil\u00e1gm\u00e9ret\u0171 szents\u00e9gim\u00e1d\u00e1s lesz \u00darnapja el\u0151est\u00e9j\u00e9n. Mi is csatlakozunk, 17 \u00f3rakor szents\u00e9gim\u00e1d\u00e1st tartunk a pl\u00e9b\u00e1niatemplomban. Megk\u00f6sz\u00f6nj\u00fck S\u00e1ndor \u00c1rp\u00e1d m\u0171szer\u00e9sznek a pl\u00e9b\u00e1niatemplom torony\u00f3r\u00e1ja \u00e9s a harang megjav\u00edt\u00e1s\u00e1ban val\u00f3 seg\u00edts\u00e9g\u00e9t \u00e9s munk\u00e1j\u00e1t.<\/p>\n","protected":false},"author":2,"featured_media":0,"comment_status":"closed","ping_status":"open","sticky":false,"template":"","format":"standard","meta":{"footnotes":""},"categories":[1],"tags":[],"class_list":["post-2669","post","type-post","status-publish","format-standard","hentry","category-egyeb"],"_links":{"self":[{"href":"https:\/\/marcali.plebania.hu\/index.php?rest_route=\/wp\/v2\/posts\/2669","targetHints":{"allow":["GET"]}}],"collection":[{"href":"https:\/\/marcali.plebania.hu\/index.php?rest_route=\/wp\/v2\/posts"}],"about":[{"href":"https:\/\/marcali.plebania.hu\/index.php?rest_route=\/wp\/v2\/types\/post"}],"author":[{"embeddable":true,"href":"https:\/\/marcali.plebania.hu\/index.php?rest_route=\/wp\/v2\/users\/2"}],"replies":[{"embeddable":true,"href":"https:\/\/marcali.plebania.hu\/index.php?rest_route=%2Fwp%2Fv2%2Fcomments&post=2669"}],"version-history":[{"count":1,"href":"https:\/\/marcali.plebania.hu\/index.php?rest_route=\/wp\/v2\/posts\/2669\/revisions"}],"predecessor-version":[{"id":2670,"href":"https:\/\/marcali.plebania.hu\/index.php?rest_route=\/wp\/v2\/posts\/2669\/revisions\/2670"}],"wp:attachment":[{"href":"https:\/\/marcali.plebania.hu\/index.php?rest_route=%2Fwp%2Fv2%2Fmedia&parent=2669"}],"wp:term":[{"taxonomy":"category","embeddable":true,"href":"https:\/\/marcali.plebania.hu\/index.php?rest_route=%2Fwp%2Fv2%2Fcategories&post=2669"},{"taxonomy":"post_tag","embeddable":true,"href":"https:\/\/marcali.plebania.hu\/index.php?rest_route=%2Fwp%2Fv2%2Ftags&post=2669"}],"curies":[{"name":"wp","href":"https:\/\/api.w.org\/{rel}","templated":true}]}}