{"id":2672,"date":"2021-05-28T07:56:29","date_gmt":"2021-05-28T07:56:29","guid":{"rendered":"https:\/\/marcali.plebania.hu\/?p=2672"},"modified":"2021-05-28T07:56:29","modified_gmt":"2021-05-28T07:56:29","slug":"hirdetesek-2021-05-30","status":"publish","type":"post","link":"https:\/\/marcali.plebania.hu\/?p=2672","title":{"rendered":"Hirdet\u00e9sek, 2021. 05. 30."},"content":{"rendered":"\n<ol class=\"wp-block-list\"><li>Ma\nSzenth\u00e1roms\u00e1g vas\u00e1rnapja van, 11 \u00f3rakor az Orb\u00e1n k\u00e1poln\u00e1n\u00e1l is lesz szentmise.<\/li><li>A\nh\u00e9ten els\u0151 p\u00e9ntek. J\u00f3 id\u0151 eset\u00e9n gy\u00f3ntat\u00e1s a templomkertben.<\/li><li>Ugyancsak\np\u00e9nteken lesz a trianoni b\u00e9kedikt\u00e1tum 101. \u00e9vfordul\u00f3ja, mely alkalomb\u00f3l mi is\nharangoz\u00e1ssal csatlakozunk az orsz\u00e1gos programokhoz.<\/li><li>Szombaton\n17 \u00f3rakor vil\u00e1gm\u00e9ret\u0171 szents\u00e9gim\u00e1d\u00e1s lesz az Eukarisztikus Kongresszus\nel\u0151k\u00e9sz\u00edt\u00e9s\u00e9re. Feliratkozni nem kell. K\u00e9rj\u00fck, hogy min\u00e9l t\u00f6bben j\u00f6jjenek el.\n18 \u00f3rakor szentmise.<\/li><li>Vas\u00e1rnap,\n\u00darnapja, d\u00e9lel\u0151tt 10 \u00f3rakor kezd\u0151dik a pl\u00e9b\u00e1niatemplomban a v\u00e1ros k\u00f6z\u00f6s\nszentmis\u00e9je, mely ut\u00e1n \u00farnapi k\u00f6rmenetet tartunk. A k\u00f6r\u00fclm\u00e9nyeknek megfelel\u0151en\ncsak egy \u00farnapi s\u00e1tor lesz, melyet k\u00f6z\u00f6sen d\u00edszit fel a 3 templom h\u00edv\u0151 n\u00e9pe.\nAki vir\u00e1got szeretne hozni, egyeztessen a D\u00f6brei S\u00e1ndorn\u00e9 sekresty\u00e9ssel. A\ns\u00e1tor\u00e9p\u00edt\u00e9shez seg\u00edts\u00e9get elfogadunk. Ebben az \u00fcgyben egyeztessenek Kir\u00e1ly\nJen\u0151vel \u00e9s Gelencs\u00e9r R\u00f3berttel.<\/li><\/ol>\n","protected":false},"excerpt":{"rendered":"<p>Ma Szenth\u00e1roms\u00e1g vas\u00e1rnapja van, 11 \u00f3rakor az Orb\u00e1n k\u00e1poln\u00e1n\u00e1l is lesz szentmise. A h\u00e9ten els\u0151 p\u00e9ntek. J\u00f3 id\u0151 eset\u00e9n gy\u00f3ntat\u00e1s a templomkertben. Ugyancsak p\u00e9nteken lesz a trianoni b\u00e9kedikt\u00e1tum 101. \u00e9vfordul\u00f3ja, mely alkalomb\u00f3l mi is harangoz\u00e1ssal csatlakozunk az orsz\u00e1gos programokhoz. Szombaton 17 \u00f3rakor vil\u00e1gm\u00e9ret\u0171 szents\u00e9gim\u00e1d\u00e1s lesz az Eukarisztikus Kongresszus el\u0151k\u00e9sz\u00edt\u00e9s\u00e9re. Feliratkozni nem kell. K\u00e9rj\u00fck, hogy min\u00e9l t\u00f6bben j\u00f6jjenek el. 18 \u00f3rakor szentmise. Vas\u00e1rnap, \u00darnapja, d\u00e9lel\u0151tt 10 \u00f3rakor kezd\u0151dik a pl\u00e9b\u00e1niatemplomban a v\u00e1ros k\u00f6z\u00f6s szentmis\u00e9je, mely ut\u00e1n \u00farnapi k\u00f6rmenetet tartunk. A k\u00f6r\u00fclm\u00e9nyeknek&#8230;<\/p>\n<p class=\"read-more\"><a class=\"btn btn-default\" href=\"https:\/\/marcali.plebania.hu\/?p=2672\"> Read More<span class=\"screen-reader-text\">  Read More<\/span><\/a><\/p>\n","protected":false},"author":2,"featured_media":0,"comment_status":"closed","ping_status":"open","sticky":false,"template":"","format":"standard","meta":{"footnotes":""},"categories":[1],"tags":[],"class_list":["post-2672","post","type-post","status-publish","format-standard","hentry","category-egyeb"],"_links":{"self":[{"href":"https:\/\/marcali.plebania.hu\/index.php?rest_route=\/wp\/v2\/posts\/2672","targetHints":{"allow":["GET"]}}],"collection":[{"href":"https:\/\/marcali.plebania.hu\/index.php?rest_route=\/wp\/v2\/posts"}],"about":[{"href":"https:\/\/marcali.plebania.hu\/index.php?rest_route=\/wp\/v2\/types\/post"}],"author":[{"embeddable":true,"href":"https:\/\/marcali.plebania.hu\/index.php?rest_route=\/wp\/v2\/users\/2"}],"replies":[{"embeddable":true,"href":"https:\/\/marcali.plebania.hu\/index.php?rest_route=%2Fwp%2Fv2%2Fcomments&post=2672"}],"version-history":[{"count":1,"href":"https:\/\/marcali.plebania.hu\/index.php?rest_route=\/wp\/v2\/posts\/2672\/revisions"}],"predecessor-version":[{"id":2673,"href":"https:\/\/marcali.plebania.hu\/index.php?rest_route=\/wp\/v2\/posts\/2672\/revisions\/2673"}],"wp:attachment":[{"href":"https:\/\/marcali.plebania.hu\/index.php?rest_route=%2Fwp%2Fv2%2Fmedia&parent=2672"}],"wp:term":[{"taxonomy":"category","embeddable":true,"href":"https:\/\/marcali.plebania.hu\/index.php?rest_route=%2Fwp%2Fv2%2Fcategories&post=2672"},{"taxonomy":"post_tag","embeddable":true,"href":"https:\/\/marcali.plebania.hu\/index.php?rest_route=%2Fwp%2Fv2%2Ftags&post=2672"}],"curies":[{"name":"wp","href":"https:\/\/api.w.org\/{rel}","templated":true}]}}