{"id":2674,"date":"2021-06-01T09:51:30","date_gmt":"2021-06-01T09:51:30","guid":{"rendered":"https:\/\/marcali.plebania.hu\/?p=2674"},"modified":"2021-06-01T09:51:30","modified_gmt":"2021-06-01T09:51:30","slug":"szentmise-az-orban-kapolnaban","status":"publish","type":"post","link":"https:\/\/marcali.plebania.hu\/?p=2674","title":{"rendered":"Szentmise az Orb\u00e1n k\u00e1poln\u00e1ban"},"content":{"rendered":"\n<p>2021. m\u00e1jus 30-\u00e1n, vas\u00e1rnap 11 \u00f3rakor az Orb\u00e1n k\u00e1poln\u00e1ban tartott\u00e1k a hagyom\u00e1nyos b\u00facs\u00fai szentmis\u00e9t, melyet a gazd\u00e1lkod\u00f3k\u00e9rt mutatott be Kiss Iv\u00e1n c. pr\u00e9post, esperes-pl\u00e9b\u00e1nos.<\/p>\n\n\n\n<figure class=\"wp-block-gallery columns-3 is-cropped wp-block-gallery-1 is-layout-flex wp-block-gallery-is-layout-flex\"><ul class=\"blocks-gallery-grid\"><li class=\"blocks-gallery-item\"><figure><img loading=\"lazy\" decoding=\"async\" width=\"1024\" height=\"683\" src=\"https:\/\/marcali.plebania.hu\/wp-content\/uploads\/2021\/06\/01-1024x683.jpg\" alt=\"\" data-id=\"2675\" data-full-url=\"https:\/\/marcali.plebania.hu\/wp-content\/uploads\/2021\/06\/01-scaled.jpg\" data-link=\"https:\/\/marcali.plebania.hu\/?attachment_id=2675\" class=\"wp-image-2675\" srcset=\"https:\/\/marcali.plebania.hu\/wp-content\/uploads\/2021\/06\/01-1024x683.jpg 1024w, https:\/\/marcali.plebania.hu\/wp-content\/uploads\/2021\/06\/01-300x200.jpg 300w, https:\/\/marcali.plebania.hu\/wp-content\/uploads\/2021\/06\/01-768x512.jpg 768w, https:\/\/marcali.plebania.hu\/wp-content\/uploads\/2021\/06\/01-1536x1024.jpg 1536w, https:\/\/marcali.plebania.hu\/wp-content\/uploads\/2021\/06\/01-2048x1365.jpg 2048w, https:\/\/marcali.plebania.hu\/wp-content\/uploads\/2021\/06\/01-405x270.jpg 405w\" sizes=\"auto, (max-width: 1024px) 100vw, 1024px\" \/><\/figure><\/li><li class=\"blocks-gallery-item\"><figure><img loading=\"lazy\" decoding=\"async\" width=\"1024\" height=\"683\" src=\"https:\/\/marcali.plebania.hu\/wp-content\/uploads\/2021\/06\/02-1024x683.jpg\" alt=\"\" data-id=\"2676\" data-full-url=\"https:\/\/marcali.plebania.hu\/wp-content\/uploads\/2021\/06\/02-scaled.jpg\" data-link=\"https:\/\/marcali.plebania.hu\/?attachment_id=2676\" class=\"wp-image-2676\" srcset=\"https:\/\/marcali.plebania.hu\/wp-content\/uploads\/2021\/06\/02-1024x683.jpg 1024w, https:\/\/marcali.plebania.hu\/wp-content\/uploads\/2021\/06\/02-300x200.jpg 300w, https:\/\/marcali.plebania.hu\/wp-content\/uploads\/2021\/06\/02-768x512.jpg 768w, https:\/\/marcali.plebania.hu\/wp-content\/uploads\/2021\/06\/02-1536x1024.jpg 1536w, https:\/\/marcali.plebania.hu\/wp-content\/uploads\/2021\/06\/02-2048x1365.jpg 2048w, https:\/\/marcali.plebania.hu\/wp-content\/uploads\/2021\/06\/02-405x270.jpg 405w\" sizes=\"auto, (max-width: 1024px) 100vw, 1024px\" \/><\/figure><\/li><li class=\"blocks-gallery-item\"><figure><img loading=\"lazy\" decoding=\"async\" width=\"1024\" height=\"683\" src=\"https:\/\/marcali.plebania.hu\/wp-content\/uploads\/2021\/06\/03-1024x683.jpg\" alt=\"\" data-id=\"2677\" data-full-url=\"https:\/\/marcali.plebania.hu\/wp-content\/uploads\/2021\/06\/03-scaled.jpg\" data-link=\"https:\/\/marcali.plebania.hu\/?attachment_id=2677\" class=\"wp-image-2677\" srcset=\"https:\/\/marcali.plebania.hu\/wp-content\/uploads\/2021\/06\/03-1024x683.jpg 1024w, https:\/\/marcali.plebania.hu\/wp-content\/uploads\/2021\/06\/03-300x200.jpg 300w, https:\/\/marcali.plebania.hu\/wp-content\/uploads\/2021\/06\/03-768x512.jpg 768w, https:\/\/marcali.plebania.hu\/wp-content\/uploads\/2021\/06\/03-1536x1024.jpg 1536w, https:\/\/marcali.plebania.hu\/wp-content\/uploads\/2021\/06\/03-2048x1365.jpg 2048w, https:\/\/marcali.plebania.hu\/wp-content\/uploads\/2021\/06\/03-405x270.jpg 405w\" sizes=\"auto, (max-width: 1024px) 100vw, 1024px\" \/><\/figure><\/li><li class=\"blocks-gallery-item\"><figure><img loading=\"lazy\" decoding=\"async\" width=\"1024\" height=\"683\" src=\"https:\/\/marcali.plebania.hu\/wp-content\/uploads\/2021\/06\/04-1024x683.jpg\" alt=\"\" data-id=\"2678\" data-full-url=\"https:\/\/marcali.plebania.hu\/wp-content\/uploads\/2021\/06\/04-scaled.jpg\" data-link=\"https:\/\/marcali.plebania.hu\/?attachment_id=2678\" class=\"wp-image-2678\" srcset=\"https:\/\/marcali.plebania.hu\/wp-content\/uploads\/2021\/06\/04-1024x683.jpg 1024w, https:\/\/marcali.plebania.hu\/wp-content\/uploads\/2021\/06\/04-300x200.jpg 300w, https:\/\/marcali.plebania.hu\/wp-content\/uploads\/2021\/06\/04-768x512.jpg 768w, https:\/\/marcali.plebania.hu\/wp-content\/uploads\/2021\/06\/04-1536x1024.jpg 1536w, https:\/\/marcali.plebania.hu\/wp-content\/uploads\/2021\/06\/04-2048x1365.jpg 2048w, https:\/\/marcali.plebania.hu\/wp-content\/uploads\/2021\/06\/04-405x270.jpg 405w\" sizes=\"auto, (max-width: 1024px) 100vw, 1024px\" \/><\/figure><\/li><\/ul><\/figure>\n\n\n\n<p>Ez az idei istentisztelet az\u00e9rt volt k\u00fcl\u00f6nleges alkalom, mert az elm\u00falt \u00e9vben a koronav\u00edrus-j\u00e1rv\u00e1ny miatt elmaradt. \u00cdgy volt mit bep\u00f3tolni most a megjelent hegytulajdonosoknak \u00e9s h\u00edveknek, mik\u00f6zben Szent Orb\u00e1n p\u00e1pa (ur.: 222-230) k\u00f6zbenj\u00e1r\u00e1st k\u00e9rt\u00e9k az idei j\u00f3 term\u00e9s\u00e9rt, \u00a0aki a sz\u0151l\u0151k \u00e9s a vincell\u00e9rek v\u00e9d\u0151szentje.<\/p>\n\n\n\n<figure class=\"wp-block-gallery columns-3 is-cropped wp-block-gallery-2 is-layout-flex wp-block-gallery-is-layout-flex\"><ul class=\"blocks-gallery-grid\"><li class=\"blocks-gallery-item\"><figure><img loading=\"lazy\" decoding=\"async\" width=\"1024\" height=\"683\" src=\"https:\/\/marcali.plebania.hu\/wp-content\/uploads\/2021\/06\/07-1024x683.jpg\" alt=\"\" data-id=\"2679\" data-link=\"https:\/\/marcali.plebania.hu\/?attachment_id=2679\" class=\"wp-image-2679\" srcset=\"https:\/\/marcali.plebania.hu\/wp-content\/uploads\/2021\/06\/07-1024x683.jpg 1024w, https:\/\/marcali.plebania.hu\/wp-content\/uploads\/2021\/06\/07-300x200.jpg 300w, https:\/\/marcali.plebania.hu\/wp-content\/uploads\/2021\/06\/07-768x512.jpg 768w, https:\/\/marcali.plebania.hu\/wp-content\/uploads\/2021\/06\/07-1536x1024.jpg 1536w, https:\/\/marcali.plebania.hu\/wp-content\/uploads\/2021\/06\/07-2048x1365.jpg 2048w, https:\/\/marcali.plebania.hu\/wp-content\/uploads\/2021\/06\/07-405x270.jpg 405w\" sizes=\"auto, (max-width: 1024px) 100vw, 1024px\" \/><\/figure><\/li><li class=\"blocks-gallery-item\"><figure><img loading=\"lazy\" decoding=\"async\" width=\"1024\" height=\"683\" src=\"https:\/\/marcali.plebania.hu\/wp-content\/uploads\/2021\/06\/08-1024x683.jpg\" alt=\"\" data-id=\"2680\" data-link=\"https:\/\/marcali.plebania.hu\/?attachment_id=2680\" class=\"wp-image-2680\" srcset=\"https:\/\/marcali.plebania.hu\/wp-content\/uploads\/2021\/06\/08-1024x683.jpg 1024w, https:\/\/marcali.plebania.hu\/wp-content\/uploads\/2021\/06\/08-300x200.jpg 300w, https:\/\/marcali.plebania.hu\/wp-content\/uploads\/2021\/06\/08-768x512.jpg 768w, https:\/\/marcali.plebania.hu\/wp-content\/uploads\/2021\/06\/08-1536x1024.jpg 1536w, https:\/\/marcali.plebania.hu\/wp-content\/uploads\/2021\/06\/08-2048x1365.jpg 2048w, https:\/\/marcali.plebania.hu\/wp-content\/uploads\/2021\/06\/08-405x270.jpg 405w\" sizes=\"auto, (max-width: 1024px) 100vw, 1024px\" \/><\/figure><\/li><li class=\"blocks-gallery-item\"><figure><img loading=\"lazy\" decoding=\"async\" width=\"1024\" height=\"683\" src=\"https:\/\/marcali.plebania.hu\/wp-content\/uploads\/2021\/06\/10-1024x683.jpg\" alt=\"\" data-id=\"2681\" data-link=\"https:\/\/marcali.plebania.hu\/?attachment_id=2681\" class=\"wp-image-2681\" srcset=\"https:\/\/marcali.plebania.hu\/wp-content\/uploads\/2021\/06\/10-1024x683.jpg 1024w, https:\/\/marcali.plebania.hu\/wp-content\/uploads\/2021\/06\/10-300x200.jpg 300w, https:\/\/marcali.plebania.hu\/wp-content\/uploads\/2021\/06\/10-768x512.jpg 768w, https:\/\/marcali.plebania.hu\/wp-content\/uploads\/2021\/06\/10-1536x1024.jpg 1536w, https:\/\/marcali.plebania.hu\/wp-content\/uploads\/2021\/06\/10-2048x1365.jpg 2048w, https:\/\/marcali.plebania.hu\/wp-content\/uploads\/2021\/06\/10-405x270.jpg 405w\" sizes=\"auto, (max-width: 1024px) 100vw, 1024px\" \/><\/figure><\/li><li class=\"blocks-gallery-item\"><figure><img loading=\"lazy\" decoding=\"async\" width=\"1024\" height=\"683\" src=\"https:\/\/marcali.plebania.hu\/wp-content\/uploads\/2021\/06\/05-1024x683.jpg\" alt=\"\" data-id=\"2683\" data-full-url=\"https:\/\/marcali.plebania.hu\/wp-content\/uploads\/2021\/06\/05-scaled.jpg\" data-link=\"https:\/\/marcali.plebania.hu\/?attachment_id=2683\" class=\"wp-image-2683\" srcset=\"https:\/\/marcali.plebania.hu\/wp-content\/uploads\/2021\/06\/05-1024x683.jpg 1024w, https:\/\/marcali.plebania.hu\/wp-content\/uploads\/2021\/06\/05-300x200.jpg 300w, https:\/\/marcali.plebania.hu\/wp-content\/uploads\/2021\/06\/05-768x512.jpg 768w, https:\/\/marcali.plebania.hu\/wp-content\/uploads\/2021\/06\/05-1536x1024.jpg 1536w, https:\/\/marcali.plebania.hu\/wp-content\/uploads\/2021\/06\/05-2048x1365.jpg 2048w, https:\/\/marcali.plebania.hu\/wp-content\/uploads\/2021\/06\/05-405x270.jpg 405w\" sizes=\"auto, (max-width: 1024px) 100vw, 1024px\" \/><\/figure><\/li><\/ul><\/figure>\n\n\n\n<p>A pand\u00e9mia miatt, az aktu\u00e1lis j\u00e1rv\u00e1ny\u00fcgyi szab\u00e1lyokat is be kellett tartani, \u00edgy a szentmise ut\u00e1ni \u00e1ll\u00f3fogad\u00e1s az id\u00e9n elmaradt, melyet hossz\u00fa id\u0151 \u00f3ta Gelencs\u00e9r R\u00f3bert vil\u00e1gi eln\u00f6k \u00e9s csal\u00e1dja szoktak megszervezni.<\/p>\n\n\n\n<figure class=\"wp-block-gallery columns-1 is-cropped wp-block-gallery-3 is-layout-flex wp-block-gallery-is-layout-flex\"><ul class=\"blocks-gallery-grid\"><li class=\"blocks-gallery-item\"><figure><img loading=\"lazy\" decoding=\"async\" width=\"683\" height=\"1024\" src=\"https:\/\/marcali.plebania.hu\/wp-content\/uploads\/2021\/06\/12-683x1024.jpg\" alt=\"\" data-id=\"2684\" data-full-url=\"https:\/\/marcali.plebania.hu\/wp-content\/uploads\/2021\/06\/12-scaled.jpg\" data-link=\"https:\/\/marcali.plebania.hu\/?attachment_id=2684\" class=\"wp-image-2684\" srcset=\"https:\/\/marcali.plebania.hu\/wp-content\/uploads\/2021\/06\/12-683x1024.jpg 683w, https:\/\/marcali.plebania.hu\/wp-content\/uploads\/2021\/06\/12-200x300.jpg 200w, https:\/\/marcali.plebania.hu\/wp-content\/uploads\/2021\/06\/12-768x1152.jpg 768w, https:\/\/marcali.plebania.hu\/wp-content\/uploads\/2021\/06\/12-1024x1536.jpg 1024w, https:\/\/marcali.plebania.hu\/wp-content\/uploads\/2021\/06\/12-1365x2048.jpg 1365w, https:\/\/marcali.plebania.hu\/wp-content\/uploads\/2021\/06\/12-180x270.jpg 180w, https:\/\/marcali.plebania.hu\/wp-content\/uploads\/2021\/06\/12-scaled.jpg 1707w\" sizes=\"auto, (max-width: 683px) 100vw, 683px\" \/><\/figure><\/li><\/ul><\/figure>\n","protected":false},"excerpt":{"rendered":"<p>2021. m\u00e1jus 30-\u00e1n, vas\u00e1rnap 11 \u00f3rakor az Orb\u00e1n k\u00e1poln\u00e1ban tartott\u00e1k a hagyom\u00e1nyos b\u00facs\u00fai szentmis\u00e9t, melyet a gazd\u00e1lkod\u00f3k\u00e9rt mutatott be Kiss Iv\u00e1n c. pr\u00e9post, esperes-pl\u00e9b\u00e1nos. Ez az idei istentisztelet az\u00e9rt volt k\u00fcl\u00f6nleges alkalom, mert az elm\u00falt \u00e9vben a koronav\u00edrus-j\u00e1rv\u00e1ny miatt elmaradt. \u00cdgy volt mit bep\u00f3tolni most a megjelent hegytulajdonosoknak \u00e9s h\u00edveknek, mik\u00f6zben Szent Orb\u00e1n p\u00e1pa (ur.: 222-230) k\u00f6zbenj\u00e1r\u00e1st k\u00e9rt\u00e9k az idei j\u00f3 term\u00e9s\u00e9rt, \u00a0aki a sz\u0151l\u0151k \u00e9s a vincell\u00e9rek v\u00e9d\u0151szentje. A pand\u00e9mia miatt, az aktu\u00e1lis j\u00e1rv\u00e1ny\u00fcgyi szab\u00e1lyokat is be kellett tartani,&#8230;<\/p>\n<p class=\"read-more\"><a class=\"btn btn-default\" href=\"https:\/\/marcali.plebania.hu\/?p=2674\"> Read More<span class=\"screen-reader-text\">  Read More<\/span><\/a><\/p>\n","protected":false},"author":2,"featured_media":0,"comment_status":"closed","ping_status":"open","sticky":false,"template":"","format":"standard","meta":{"footnotes":""},"categories":[1],"tags":[],"class_list":["post-2674","post","type-post","status-publish","format-standard","hentry","category-egyeb"],"_links":{"self":[{"href":"https:\/\/marcali.plebania.hu\/index.php?rest_route=\/wp\/v2\/posts\/2674","targetHints":{"allow":["GET"]}}],"collection":[{"href":"https:\/\/marcali.plebania.hu\/index.php?rest_route=\/wp\/v2\/posts"}],"about":[{"href":"https:\/\/marcali.plebania.hu\/index.php?rest_route=\/wp\/v2\/types\/post"}],"author":[{"embeddable":true,"href":"https:\/\/marcali.plebania.hu\/index.php?rest_route=\/wp\/v2\/users\/2"}],"replies":[{"embeddable":true,"href":"https:\/\/marcali.plebania.hu\/index.php?rest_route=%2Fwp%2Fv2%2Fcomments&post=2674"}],"version-history":[{"count":1,"href":"https:\/\/marcali.plebania.hu\/index.php?rest_route=\/wp\/v2\/posts\/2674\/revisions"}],"predecessor-version":[{"id":2685,"href":"https:\/\/marcali.plebania.hu\/index.php?rest_route=\/wp\/v2\/posts\/2674\/revisions\/2685"}],"wp:attachment":[{"href":"https:\/\/marcali.plebania.hu\/index.php?rest_route=%2Fwp%2Fv2%2Fmedia&parent=2674"}],"wp:term":[{"taxonomy":"category","embeddable":true,"href":"https:\/\/marcali.plebania.hu\/index.php?rest_route=%2Fwp%2Fv2%2Fcategories&post=2674"},{"taxonomy":"post_tag","embeddable":true,"href":"https:\/\/marcali.plebania.hu\/index.php?rest_route=%2Fwp%2Fv2%2Ftags&post=2674"}],"curies":[{"name":"wp","href":"https:\/\/api.w.org\/{rel}","templated":true}]}}