{"id":2686,"date":"2021-06-04T07:43:51","date_gmt":"2021-06-04T07:43:51","guid":{"rendered":"https:\/\/marcali.plebania.hu\/?p=2686"},"modified":"2021-06-04T08:12:11","modified_gmt":"2021-06-04T08:12:11","slug":"hirdetesek-2021-06-06","status":"publish","type":"post","link":"https:\/\/marcali.plebania.hu\/?p=2686","title":{"rendered":"Hirdet\u00e9sek, 2021. 06. 06."},"content":{"rendered":"\n<ol class=\"wp-block-list\"><li>Ma \u00darnapja, Krisztus Szent teste \u00e9s V\u00e9re \u00fcnnepe. A szentmise ut\u00e1n \u00farapai k\u00f6rmenetet tartunk. Ugyancsak ma a covid-j\u00e1rv\u00e1nyban elhunytak\u00e9rt sz\u00f3lalnak meg az orsz\u00e1g valamennyi templom\u00e1nak harangjai \u00e9s egy k\u00f6z\u00f6s im\u00e1val im\u00e1dkozunk a covid-j\u00e1rv\u00e1nyban elhunytak\u00e9rt.<\/li><li>P\u00e9nteken 17.30 \u00f3rakor szents\u00e9gim\u00e1d\u00e1s, 18 \u00f3rakor szentmise.<\/li><li>Szombaton 17 \u00f3rakor fatimai ima\u00f3r\u00e1t tartunk.<\/li><li>Szeptember 12-\u00e9n lesz az Eucharisztikus Kongresszus z\u00e1r\u00f3 szentmis\u00e9je lesz, melyet Ferenc p\u00e1pa celebr\u00e1l a H\u0151s\u00f6k ter\u00e9n. Erre az alkalomra zar\u00e1ndok buszt szervez\u00fcnk. Jelentkezni Gelencs\u00e9r R\u00f3bert vil\u00e1gi eln\u00f6kn\u00e9l lehet.<\/li><li>K\u00f6sz\u00f6netet mondunk mindazoknak, akik az \u00farnapi el\u0151k\u00e9sz\u00fcletekben r\u00e9szt vettek.<\/li><\/ol>\n","protected":false},"excerpt":{"rendered":"<p>Ma \u00darnapja, Krisztus Szent teste \u00e9s V\u00e9re \u00fcnnepe. A szentmise ut\u00e1n \u00farapai k\u00f6rmenetet tartunk. Ugyancsak ma a covid-j\u00e1rv\u00e1nyban elhunytak\u00e9rt sz\u00f3lalnak meg az orsz\u00e1g valamennyi templom\u00e1nak harangjai \u00e9s egy k\u00f6z\u00f6s im\u00e1val im\u00e1dkozunk a covid-j\u00e1rv\u00e1nyban elhunytak\u00e9rt. P\u00e9nteken 17.30 \u00f3rakor szents\u00e9gim\u00e1d\u00e1s, 18 \u00f3rakor szentmise. Szombaton 17 \u00f3rakor fatimai ima\u00f3r\u00e1t tartunk. Szeptember 12-\u00e9n lesz az Eucharisztikus Kongresszus z\u00e1r\u00f3 szentmis\u00e9je lesz, melyet Ferenc p\u00e1pa celebr\u00e1l a H\u0151s\u00f6k ter\u00e9n. Erre az alkalomra zar\u00e1ndok buszt szervez\u00fcnk. Jelentkezni Gelencs\u00e9r R\u00f3bert vil\u00e1gi eln\u00f6kn\u00e9l lehet. K\u00f6sz\u00f6netet mondunk mindazoknak, akik az&#8230;<\/p>\n<p class=\"read-more\"><a class=\"btn btn-default\" href=\"https:\/\/marcali.plebania.hu\/?p=2686\"> Read More<span class=\"screen-reader-text\">  Read More<\/span><\/a><\/p>\n","protected":false},"author":2,"featured_media":0,"comment_status":"closed","ping_status":"open","sticky":false,"template":"","format":"standard","meta":{"footnotes":""},"categories":[1],"tags":[],"class_list":["post-2686","post","type-post","status-publish","format-standard","hentry","category-egyeb"],"_links":{"self":[{"href":"https:\/\/marcali.plebania.hu\/index.php?rest_route=\/wp\/v2\/posts\/2686","targetHints":{"allow":["GET"]}}],"collection":[{"href":"https:\/\/marcali.plebania.hu\/index.php?rest_route=\/wp\/v2\/posts"}],"about":[{"href":"https:\/\/marcali.plebania.hu\/index.php?rest_route=\/wp\/v2\/types\/post"}],"author":[{"embeddable":true,"href":"https:\/\/marcali.plebania.hu\/index.php?rest_route=\/wp\/v2\/users\/2"}],"replies":[{"embeddable":true,"href":"https:\/\/marcali.plebania.hu\/index.php?rest_route=%2Fwp%2Fv2%2Fcomments&post=2686"}],"version-history":[{"count":2,"href":"https:\/\/marcali.plebania.hu\/index.php?rest_route=\/wp\/v2\/posts\/2686\/revisions"}],"predecessor-version":[{"id":2688,"href":"https:\/\/marcali.plebania.hu\/index.php?rest_route=\/wp\/v2\/posts\/2686\/revisions\/2688"}],"wp:attachment":[{"href":"https:\/\/marcali.plebania.hu\/index.php?rest_route=%2Fwp%2Fv2%2Fmedia&parent=2686"}],"wp:term":[{"taxonomy":"category","embeddable":true,"href":"https:\/\/marcali.plebania.hu\/index.php?rest_route=%2Fwp%2Fv2%2Fcategories&post=2686"},{"taxonomy":"post_tag","embeddable":true,"href":"https:\/\/marcali.plebania.hu\/index.php?rest_route=%2Fwp%2Fv2%2Ftags&post=2686"}],"curies":[{"name":"wp","href":"https:\/\/api.w.org\/{rel}","templated":true}]}}