{"id":269,"date":"2018-06-06T07:18:20","date_gmt":"2018-06-06T07:18:20","guid":{"rendered":"https:\/\/marcali.plebania.hu\/?p=269"},"modified":"2018-06-06T07:19:40","modified_gmt":"2018-06-06T07:19:40","slug":"hirdetesek-2018-06-10","status":"publish","type":"post","link":"https:\/\/marcali.plebania.hu\/?p=269","title":{"rendered":"Hirdet\u00e9sek, 2018. 06. 10."},"content":{"rendered":"<ol>\n<li>Ma van az \u00e9vk\u00f6zi 10. vas\u00e1rnap.<\/li>\n<li>A j\u00f6v\u0151 h\u00e9ten keddt\u0151l est\u00e9nk\u00e9nt 19 \u00f3r\u00e1t\u00f3l szentmise.<\/li>\n<li>Szerd\u00e1n 18 \u00f3r\u00e1t\u00f3l fatimai ima\u00f3ra, 19 \u00f3rakor szentmise.<\/li>\n<li>Aki nem jutott az elm\u00falt vas\u00e1rnap Marcali Katolikus \u00dajs\u00e1ghoz, az \u00fajs\u00e1gos polcr\u00f3l elviheti.<\/li>\n<li>Megk\u00f6sz\u00f6nj\u00fck mindazok munk\u00e1j\u00e1t, akik az elm\u00falt vas\u00e1rnap hozz\u00e1j\u00e1rultak az \u00farnapi k\u00f6rmenet \u00e9s az els\u0151\u00e1ldoz\u00e1s lebonyol\u00edt\u00e1s\u00e1hoz. Sokan voltak, akik seg\u00edtettek. K\u00f6sz\u00f6nj\u00fck!<\/li>\n<\/ol>\n","protected":false},"excerpt":{"rendered":"<p>Ma van az \u00e9vk\u00f6zi 10. vas\u00e1rnap. A j\u00f6v\u0151 h\u00e9ten keddt\u0151l est\u00e9nk\u00e9nt 19 \u00f3r\u00e1t\u00f3l szentmise. Szerd\u00e1n 18 \u00f3r\u00e1t\u00f3l fatimai ima\u00f3ra, 19 \u00f3rakor szentmise. Aki nem jutott az elm\u00falt vas\u00e1rnap Marcali Katolikus \u00dajs\u00e1ghoz, az \u00fajs\u00e1gos polcr\u00f3l elviheti. Megk\u00f6sz\u00f6nj\u00fck mindazok munk\u00e1j\u00e1t, akik az elm\u00falt vas\u00e1rnap hozz\u00e1j\u00e1rultak az \u00farnapi k\u00f6rmenet \u00e9s az els\u0151\u00e1ldoz\u00e1s lebonyol\u00edt\u00e1s\u00e1hoz. Sokan voltak, akik seg\u00edtettek. K\u00f6sz\u00f6nj\u00fck!<\/p>\n","protected":false},"author":2,"featured_media":0,"comment_status":"closed","ping_status":"open","sticky":false,"template":"","format":"standard","meta":{"footnotes":""},"categories":[3],"tags":[],"class_list":["post-269","post","type-post","status-publish","format-standard","hentry","category-hirdetesek"],"_links":{"self":[{"href":"https:\/\/marcali.plebania.hu\/index.php?rest_route=\/wp\/v2\/posts\/269","targetHints":{"allow":["GET"]}}],"collection":[{"href":"https:\/\/marcali.plebania.hu\/index.php?rest_route=\/wp\/v2\/posts"}],"about":[{"href":"https:\/\/marcali.plebania.hu\/index.php?rest_route=\/wp\/v2\/types\/post"}],"author":[{"embeddable":true,"href":"https:\/\/marcali.plebania.hu\/index.php?rest_route=\/wp\/v2\/users\/2"}],"replies":[{"embeddable":true,"href":"https:\/\/marcali.plebania.hu\/index.php?rest_route=%2Fwp%2Fv2%2Fcomments&post=269"}],"version-history":[{"count":1,"href":"https:\/\/marcali.plebania.hu\/index.php?rest_route=\/wp\/v2\/posts\/269\/revisions"}],"predecessor-version":[{"id":270,"href":"https:\/\/marcali.plebania.hu\/index.php?rest_route=\/wp\/v2\/posts\/269\/revisions\/270"}],"wp:attachment":[{"href":"https:\/\/marcali.plebania.hu\/index.php?rest_route=%2Fwp%2Fv2%2Fmedia&parent=269"}],"wp:term":[{"taxonomy":"category","embeddable":true,"href":"https:\/\/marcali.plebania.hu\/index.php?rest_route=%2Fwp%2Fv2%2Fcategories&post=269"},{"taxonomy":"post_tag","embeddable":true,"href":"https:\/\/marcali.plebania.hu\/index.php?rest_route=%2Fwp%2Fv2%2Ftags&post=269"}],"curies":[{"name":"wp","href":"https:\/\/api.w.org\/{rel}","templated":true}]}}