{"id":2690,"date":"2021-06-08T13:54:00","date_gmt":"2021-06-08T13:54:00","guid":{"rendered":"https:\/\/marcali.plebania.hu\/?p=2690"},"modified":"2021-06-08T13:54:00","modified_gmt":"2021-06-08T13:54:00","slug":"urnapi-szentmise-es-kormenet-marcaliban","status":"publish","type":"post","link":"https:\/\/marcali.plebania.hu\/?p=2690","title":{"rendered":"\u00darnapi szentmise \u00e9s k\u00f6rmenet Marcaliban"},"content":{"rendered":"\n<p>2021. j\u00fanius 6-\u00e1n, vas\u00e1rnap 10 \u00f3rakor tartott\u00e1k az idei \u00darnapi szentmis\u00e9t a Marcali Gy\u00fcm\u00f6lcsolt\u00f3 Boldogasszony Pl\u00e9b\u00e1niatemplomban, melyet Kiss Iv\u00e1n c. pr\u00e9post, esperes-pl\u00e9b\u00e1nos celebr\u00e1lt; szentbesz\u00e9det dr. Gyulai Botond akolitus mondott, verset Kozma Kriszti\u00e1n Kazinczy-d\u00edjas el\u0151ad\u00f3 szavalt. Orgon\u00e1val Balogh B\u00e1lint k\u00e1ntor, heged\u0171vel J\u00e1ki Zolt\u00e1n m\u0171k\u00f6d\u00f6tt k\u00f6zre.<\/p>\n\n\n\n<figure class=\"wp-block-gallery columns-3 is-cropped wp-block-gallery-1 is-layout-flex wp-block-gallery-is-layout-flex\"><ul class=\"blocks-gallery-grid\"><li class=\"blocks-gallery-item\"><figure><img loading=\"lazy\" decoding=\"async\" width=\"1024\" height=\"683\" src=\"https:\/\/marcali.plebania.hu\/wp-content\/uploads\/2021\/06\/07-1-1024x683.jpg\" alt=\"\" data-id=\"2691\" data-link=\"https:\/\/marcali.plebania.hu\/?attachment_id=2691\" class=\"wp-image-2691\" srcset=\"https:\/\/marcali.plebania.hu\/wp-content\/uploads\/2021\/06\/07-1-1024x683.jpg 1024w, https:\/\/marcali.plebania.hu\/wp-content\/uploads\/2021\/06\/07-1-300x200.jpg 300w, https:\/\/marcali.plebania.hu\/wp-content\/uploads\/2021\/06\/07-1-768x512.jpg 768w, https:\/\/marcali.plebania.hu\/wp-content\/uploads\/2021\/06\/07-1-1536x1024.jpg 1536w, https:\/\/marcali.plebania.hu\/wp-content\/uploads\/2021\/06\/07-1-2048x1365.jpg 2048w, https:\/\/marcali.plebania.hu\/wp-content\/uploads\/2021\/06\/07-1-405x270.jpg 405w\" sizes=\"auto, (max-width: 1024px) 100vw, 1024px\" \/><\/figure><\/li><li class=\"blocks-gallery-item\"><figure><img loading=\"lazy\" decoding=\"async\" width=\"1024\" height=\"683\" src=\"https:\/\/marcali.plebania.hu\/wp-content\/uploads\/2021\/06\/08-1-1024x683.jpg\" alt=\"\" data-id=\"2692\" data-link=\"https:\/\/marcali.plebania.hu\/?attachment_id=2692\" class=\"wp-image-2692\" srcset=\"https:\/\/marcali.plebania.hu\/wp-content\/uploads\/2021\/06\/08-1-1024x683.jpg 1024w, https:\/\/marcali.plebania.hu\/wp-content\/uploads\/2021\/06\/08-1-300x200.jpg 300w, https:\/\/marcali.plebania.hu\/wp-content\/uploads\/2021\/06\/08-1-768x512.jpg 768w, https:\/\/marcali.plebania.hu\/wp-content\/uploads\/2021\/06\/08-1-1536x1024.jpg 1536w, https:\/\/marcali.plebania.hu\/wp-content\/uploads\/2021\/06\/08-1-2048x1365.jpg 2048w, https:\/\/marcali.plebania.hu\/wp-content\/uploads\/2021\/06\/08-1-405x270.jpg 405w\" sizes=\"auto, (max-width: 1024px) 100vw, 1024px\" \/><\/figure><\/li><li class=\"blocks-gallery-item\"><figure><img loading=\"lazy\" decoding=\"async\" width=\"1024\" height=\"683\" src=\"https:\/\/marcali.plebania.hu\/wp-content\/uploads\/2021\/06\/10-1-1024x683.jpg\" alt=\"\" data-id=\"2693\" data-link=\"https:\/\/marcali.plebania.hu\/?attachment_id=2693\" class=\"wp-image-2693\" srcset=\"https:\/\/marcali.plebania.hu\/wp-content\/uploads\/2021\/06\/10-1-1024x683.jpg 1024w, https:\/\/marcali.plebania.hu\/wp-content\/uploads\/2021\/06\/10-1-300x200.jpg 300w, https:\/\/marcali.plebania.hu\/wp-content\/uploads\/2021\/06\/10-1-768x512.jpg 768w, https:\/\/marcali.plebania.hu\/wp-content\/uploads\/2021\/06\/10-1-1536x1024.jpg 1536w, https:\/\/marcali.plebania.hu\/wp-content\/uploads\/2021\/06\/10-1-2048x1365.jpg 2048w, https:\/\/marcali.plebania.hu\/wp-content\/uploads\/2021\/06\/10-1-405x270.jpg 405w\" sizes=\"auto, (max-width: 1024px) 100vw, 1024px\" \/><\/figure><\/li><li class=\"blocks-gallery-item\"><figure><img loading=\"lazy\" decoding=\"async\" width=\"1024\" height=\"683\" src=\"https:\/\/marcali.plebania.hu\/wp-content\/uploads\/2021\/06\/04-1-1024x683.jpg\" alt=\"\" data-id=\"2694\" data-full-url=\"https:\/\/marcali.plebania.hu\/wp-content\/uploads\/2021\/06\/04-1-scaled.jpg\" data-link=\"https:\/\/marcali.plebania.hu\/?attachment_id=2694\" class=\"wp-image-2694\" srcset=\"https:\/\/marcali.plebania.hu\/wp-content\/uploads\/2021\/06\/04-1-1024x683.jpg 1024w, https:\/\/marcali.plebania.hu\/wp-content\/uploads\/2021\/06\/04-1-300x200.jpg 300w, https:\/\/marcali.plebania.hu\/wp-content\/uploads\/2021\/06\/04-1-768x512.jpg 768w, https:\/\/marcali.plebania.hu\/wp-content\/uploads\/2021\/06\/04-1-1536x1024.jpg 1536w, https:\/\/marcali.plebania.hu\/wp-content\/uploads\/2021\/06\/04-1-2048x1365.jpg 2048w, https:\/\/marcali.plebania.hu\/wp-content\/uploads\/2021\/06\/04-1-405x270.jpg 405w\" sizes=\"auto, (max-width: 1024px) 100vw, 1024px\" \/><\/figure><\/li><\/ul><\/figure>\n\n\n\n<p>Az istentisztelet elej\u00e9n, az orsz\u00e1g valamennyi katolikus templom\u00e1ban, \u00edgy a marcali h\u00edvek is im\u00e1dkoztak a koronav\u00edrus-j\u00e1rv\u00e1ny \u00e1ldozatai\u00e9rt, mik\u00f6zben a harangok \u00e9rt\u00fck sz\u00f3ltak.<\/p>\n\n\n\n<figure class=\"wp-block-gallery columns-3 is-cropped wp-block-gallery-2 is-layout-flex wp-block-gallery-is-layout-flex\"><ul class=\"blocks-gallery-grid\"><li class=\"blocks-gallery-item\"><figure><img loading=\"lazy\" decoding=\"async\" width=\"1024\" height=\"683\" src=\"https:\/\/marcali.plebania.hu\/wp-content\/uploads\/2021\/06\/06-1024x683.jpg\" alt=\"\" data-id=\"2695\" data-link=\"https:\/\/marcali.plebania.hu\/?attachment_id=2695\" class=\"wp-image-2695\" srcset=\"https:\/\/marcali.plebania.hu\/wp-content\/uploads\/2021\/06\/06-1024x683.jpg 1024w, https:\/\/marcali.plebania.hu\/wp-content\/uploads\/2021\/06\/06-300x200.jpg 300w, https:\/\/marcali.plebania.hu\/wp-content\/uploads\/2021\/06\/06-768x512.jpg 768w, https:\/\/marcali.plebania.hu\/wp-content\/uploads\/2021\/06\/06-1536x1024.jpg 1536w, https:\/\/marcali.plebania.hu\/wp-content\/uploads\/2021\/06\/06-2048x1365.jpg 2048w, https:\/\/marcali.plebania.hu\/wp-content\/uploads\/2021\/06\/06-405x270.jpg 405w\" sizes=\"auto, (max-width: 1024px) 100vw, 1024px\" \/><\/figure><\/li><li class=\"blocks-gallery-item\"><figure><img loading=\"lazy\" decoding=\"async\" width=\"1024\" height=\"683\" src=\"https:\/\/marcali.plebania.hu\/wp-content\/uploads\/2021\/06\/15-1024x683.jpg\" alt=\"\" data-id=\"2696\" data-link=\"https:\/\/marcali.plebania.hu\/?attachment_id=2696\" class=\"wp-image-2696\" srcset=\"https:\/\/marcali.plebania.hu\/wp-content\/uploads\/2021\/06\/15-1024x683.jpg 1024w, https:\/\/marcali.plebania.hu\/wp-content\/uploads\/2021\/06\/15-300x200.jpg 300w, https:\/\/marcali.plebania.hu\/wp-content\/uploads\/2021\/06\/15-768x512.jpg 768w, https:\/\/marcali.plebania.hu\/wp-content\/uploads\/2021\/06\/15-1536x1024.jpg 1536w, https:\/\/marcali.plebania.hu\/wp-content\/uploads\/2021\/06\/15-2048x1365.jpg 2048w, https:\/\/marcali.plebania.hu\/wp-content\/uploads\/2021\/06\/15-405x270.jpg 405w\" sizes=\"auto, (max-width: 1024px) 100vw, 1024px\" \/><\/figure><\/li><li class=\"blocks-gallery-item\"><figure><img loading=\"lazy\" decoding=\"async\" width=\"1024\" height=\"683\" src=\"https:\/\/marcali.plebania.hu\/wp-content\/uploads\/2021\/06\/13-1024x683.jpg\" alt=\"\" data-id=\"2697\" data-link=\"https:\/\/marcali.plebania.hu\/?attachment_id=2697\" class=\"wp-image-2697\" srcset=\"https:\/\/marcali.plebania.hu\/wp-content\/uploads\/2021\/06\/13-1024x683.jpg 1024w, https:\/\/marcali.plebania.hu\/wp-content\/uploads\/2021\/06\/13-300x200.jpg 300w, https:\/\/marcali.plebania.hu\/wp-content\/uploads\/2021\/06\/13-768x512.jpg 768w, https:\/\/marcali.plebania.hu\/wp-content\/uploads\/2021\/06\/13-1536x1024.jpg 1536w, https:\/\/marcali.plebania.hu\/wp-content\/uploads\/2021\/06\/13-2048x1365.jpg 2048w, https:\/\/marcali.plebania.hu\/wp-content\/uploads\/2021\/06\/13-405x270.jpg 405w\" sizes=\"auto, (max-width: 1024px) 100vw, 1024px\" \/><\/figure><\/li><li class=\"blocks-gallery-item\"><figure><img loading=\"lazy\" decoding=\"async\" width=\"1024\" height=\"683\" src=\"https:\/\/marcali.plebania.hu\/wp-content\/uploads\/2021\/06\/12-1-1024x683.jpg\" alt=\"\" data-id=\"2698\" data-full-url=\"https:\/\/marcali.plebania.hu\/wp-content\/uploads\/2021\/06\/12-1-scaled.jpg\" data-link=\"https:\/\/marcali.plebania.hu\/?attachment_id=2698\" class=\"wp-image-2698\" srcset=\"https:\/\/marcali.plebania.hu\/wp-content\/uploads\/2021\/06\/12-1-1024x683.jpg 1024w, https:\/\/marcali.plebania.hu\/wp-content\/uploads\/2021\/06\/12-1-300x200.jpg 300w, https:\/\/marcali.plebania.hu\/wp-content\/uploads\/2021\/06\/12-1-768x512.jpg 768w, https:\/\/marcali.plebania.hu\/wp-content\/uploads\/2021\/06\/12-1-1536x1024.jpg 1536w, https:\/\/marcali.plebania.hu\/wp-content\/uploads\/2021\/06\/12-1-2048x1365.jpg 2048w, https:\/\/marcali.plebania.hu\/wp-content\/uploads\/2021\/06\/12-1-405x270.jpg 405w\" sizes=\"auto, (max-width: 1024px) 100vw, 1024px\" \/><\/figure><\/li><\/ul><\/figure>\n\n\n\n<p>Az \u00darnapja a katolikus f\u0151\u00fcnnepek egyike, tulajdonk\u00e9ppen az Eucharisztia (Olt\u00e1riszents\u00e9g) tisztelet\u00e9re szolg\u00e1l, az \u00dar Szent Test\u00e9nek \u00e9s Szent V\u00e9r\u00e9nek az \u00fcnnepe, melyen Krisztus val\u00f3s\u00e1gos jelenl\u00e9te \u00e1ll a k\u00f6z\u00e9ppontban. Ennek gy\u00f6kerei a XIII. sz\u00e1zadig ny\u00falnak vissza. A napja eredetileg a Szenth\u00e1roms\u00e1g vas\u00e1rnapja ut\u00e1ni cs\u00fct\u00f6rt\u00f6kre esett, s haz\u00e1nkban csak k\u00e9s\u0151bb tett\u00e9k \u00e1t \u00fcnnep\u00e9t vas\u00e1rnapra.<\/p>\n\n\n\n<figure class=\"wp-block-gallery columns-3 is-cropped wp-block-gallery-3 is-layout-flex wp-block-gallery-is-layout-flex\"><ul class=\"blocks-gallery-grid\"><li class=\"blocks-gallery-item\"><figure><img loading=\"lazy\" decoding=\"async\" width=\"1024\" height=\"683\" src=\"https:\/\/marcali.plebania.hu\/wp-content\/uploads\/2021\/06\/17-1024x683.jpg\" alt=\"\" data-id=\"2699\" data-link=\"https:\/\/marcali.plebania.hu\/?attachment_id=2699\" class=\"wp-image-2699\" srcset=\"https:\/\/marcali.plebania.hu\/wp-content\/uploads\/2021\/06\/17-1024x683.jpg 1024w, https:\/\/marcali.plebania.hu\/wp-content\/uploads\/2021\/06\/17-300x200.jpg 300w, https:\/\/marcali.plebania.hu\/wp-content\/uploads\/2021\/06\/17-768x512.jpg 768w, https:\/\/marcali.plebania.hu\/wp-content\/uploads\/2021\/06\/17-1536x1024.jpg 1536w, https:\/\/marcali.plebania.hu\/wp-content\/uploads\/2021\/06\/17-2048x1365.jpg 2048w, https:\/\/marcali.plebania.hu\/wp-content\/uploads\/2021\/06\/17-405x270.jpg 405w\" sizes=\"auto, (max-width: 1024px) 100vw, 1024px\" \/><\/figure><\/li><li class=\"blocks-gallery-item\"><figure><img loading=\"lazy\" decoding=\"async\" width=\"1024\" height=\"683\" src=\"https:\/\/marcali.plebania.hu\/wp-content\/uploads\/2021\/06\/18-1024x683.jpg\" alt=\"\" data-id=\"2700\" data-link=\"https:\/\/marcali.plebania.hu\/?attachment_id=2700\" class=\"wp-image-2700\" srcset=\"https:\/\/marcali.plebania.hu\/wp-content\/uploads\/2021\/06\/18-1024x683.jpg 1024w, https:\/\/marcali.plebania.hu\/wp-content\/uploads\/2021\/06\/18-300x200.jpg 300w, https:\/\/marcali.plebania.hu\/wp-content\/uploads\/2021\/06\/18-768x512.jpg 768w, https:\/\/marcali.plebania.hu\/wp-content\/uploads\/2021\/06\/18-1536x1024.jpg 1536w, https:\/\/marcali.plebania.hu\/wp-content\/uploads\/2021\/06\/18-2048x1365.jpg 2048w, https:\/\/marcali.plebania.hu\/wp-content\/uploads\/2021\/06\/18-405x270.jpg 405w\" sizes=\"auto, (max-width: 1024px) 100vw, 1024px\" \/><\/figure><\/li><li class=\"blocks-gallery-item\"><figure><img loading=\"lazy\" decoding=\"async\" width=\"1024\" height=\"683\" src=\"https:\/\/marcali.plebania.hu\/wp-content\/uploads\/2021\/06\/19-1024x683.jpg\" alt=\"\" data-id=\"2701\" data-link=\"https:\/\/marcali.plebania.hu\/?attachment_id=2701\" class=\"wp-image-2701\" srcset=\"https:\/\/marcali.plebania.hu\/wp-content\/uploads\/2021\/06\/19-1024x683.jpg 1024w, https:\/\/marcali.plebania.hu\/wp-content\/uploads\/2021\/06\/19-300x200.jpg 300w, https:\/\/marcali.plebania.hu\/wp-content\/uploads\/2021\/06\/19-768x512.jpg 768w, https:\/\/marcali.plebania.hu\/wp-content\/uploads\/2021\/06\/19-1536x1024.jpg 1536w, https:\/\/marcali.plebania.hu\/wp-content\/uploads\/2021\/06\/19-2048x1365.jpg 2048w, https:\/\/marcali.plebania.hu\/wp-content\/uploads\/2021\/06\/19-405x270.jpg 405w\" sizes=\"auto, (max-width: 1024px) 100vw, 1024px\" \/><\/figure><\/li><li class=\"blocks-gallery-item\"><figure><img loading=\"lazy\" decoding=\"async\" width=\"1024\" height=\"683\" src=\"https:\/\/marcali.plebania.hu\/wp-content\/uploads\/2021\/06\/22-1024x683.jpg\" alt=\"\" data-id=\"2702\" data-full-url=\"https:\/\/marcali.plebania.hu\/wp-content\/uploads\/2021\/06\/22-scaled.jpg\" data-link=\"https:\/\/marcali.plebania.hu\/?attachment_id=2702\" class=\"wp-image-2702\" srcset=\"https:\/\/marcali.plebania.hu\/wp-content\/uploads\/2021\/06\/22-1024x683.jpg 1024w, https:\/\/marcali.plebania.hu\/wp-content\/uploads\/2021\/06\/22-300x200.jpg 300w, https:\/\/marcali.plebania.hu\/wp-content\/uploads\/2021\/06\/22-768x512.jpg 768w, https:\/\/marcali.plebania.hu\/wp-content\/uploads\/2021\/06\/22-1536x1024.jpg 1536w, https:\/\/marcali.plebania.hu\/wp-content\/uploads\/2021\/06\/22-2048x1365.jpg 2048w, https:\/\/marcali.plebania.hu\/wp-content\/uploads\/2021\/06\/22-405x270.jpg 405w\" sizes=\"auto, (max-width: 1024px) 100vw, 1024px\" \/><\/figure><\/li><\/ul><\/figure>\n\n\n\n<p>A szentmis\u00e9t k\u00f6vet\u0151en az \u00farnapi k\u00f6rmenetet, a koronav\u00edrus-j\u00e1rv\u00e1ny miatt \u2013 a kor\u00e1bbi \u00e9vek hagyom\u00e1nyait\u00f3l elt\u00e9r\u0151en \u2013, egyszer\u0171bb \u00e9s r\u00f6vid\u00edtett form\u00e1ban tartott\u00e1k meg. A pl\u00e9b\u00e1niatemplom d\u00e9li ajtaj\u00e1n vonult ki a menet, majd a j\u00e1rd\u00e1n haladva \u00e9rkeztek a templom bej\u00e1rata mellett elk\u00e9sz\u00edtett egyetlen k\u00fclt\u00e9ri lombs\u00e1torhoz. (A pand\u00e9mia el\u0151tt n\u00e9gyet szoktak \u00e9p\u00edteni.) Itt v\u00e9gezte el Iv\u00e1n atya a liturgi\u00e1t, majd pedig \u00e1ld\u00e1st adott a v\u00e1rosra \u00e9s lak\u00f3ira.<\/p>\n\n\n\n<figure class=\"wp-block-gallery columns-3 is-cropped wp-block-gallery-4 is-layout-flex wp-block-gallery-is-layout-flex\"><ul class=\"blocks-gallery-grid\"><li class=\"blocks-gallery-item\"><figure><img loading=\"lazy\" decoding=\"async\" width=\"1024\" height=\"683\" src=\"https:\/\/marcali.plebania.hu\/wp-content\/uploads\/2021\/06\/24-1024x683.jpg\" alt=\"\" data-id=\"2703\" data-link=\"https:\/\/marcali.plebania.hu\/?attachment_id=2703\" class=\"wp-image-2703\" srcset=\"https:\/\/marcali.plebania.hu\/wp-content\/uploads\/2021\/06\/24-1024x683.jpg 1024w, https:\/\/marcali.plebania.hu\/wp-content\/uploads\/2021\/06\/24-300x200.jpg 300w, https:\/\/marcali.plebania.hu\/wp-content\/uploads\/2021\/06\/24-768x512.jpg 768w, https:\/\/marcali.plebania.hu\/wp-content\/uploads\/2021\/06\/24-1536x1024.jpg 1536w, https:\/\/marcali.plebania.hu\/wp-content\/uploads\/2021\/06\/24-2048x1365.jpg 2048w, https:\/\/marcali.plebania.hu\/wp-content\/uploads\/2021\/06\/24-405x270.jpg 405w\" sizes=\"auto, (max-width: 1024px) 100vw, 1024px\" \/><\/figure><\/li><li class=\"blocks-gallery-item\"><figure><img loading=\"lazy\" decoding=\"async\" width=\"1024\" height=\"683\" src=\"https:\/\/marcali.plebania.hu\/wp-content\/uploads\/2021\/06\/33-1024x683.jpg\" alt=\"\" data-id=\"2704\" data-link=\"https:\/\/marcali.plebania.hu\/?attachment_id=2704\" class=\"wp-image-2704\" srcset=\"https:\/\/marcali.plebania.hu\/wp-content\/uploads\/2021\/06\/33-1024x683.jpg 1024w, https:\/\/marcali.plebania.hu\/wp-content\/uploads\/2021\/06\/33-300x200.jpg 300w, https:\/\/marcali.plebania.hu\/wp-content\/uploads\/2021\/06\/33-768x512.jpg 768w, https:\/\/marcali.plebania.hu\/wp-content\/uploads\/2021\/06\/33-1536x1024.jpg 1536w, https:\/\/marcali.plebania.hu\/wp-content\/uploads\/2021\/06\/33-2048x1365.jpg 2048w, https:\/\/marcali.plebania.hu\/wp-content\/uploads\/2021\/06\/33-405x270.jpg 405w\" sizes=\"auto, (max-width: 1024px) 100vw, 1024px\" \/><\/figure><\/li><li class=\"blocks-gallery-item\"><figure><img loading=\"lazy\" decoding=\"async\" width=\"1024\" height=\"683\" src=\"https:\/\/marcali.plebania.hu\/wp-content\/uploads\/2021\/06\/32-1024x683.jpg\" alt=\"\" data-id=\"2705\" data-link=\"https:\/\/marcali.plebania.hu\/?attachment_id=2705\" class=\"wp-image-2705\" srcset=\"https:\/\/marcali.plebania.hu\/wp-content\/uploads\/2021\/06\/32-1024x683.jpg 1024w, https:\/\/marcali.plebania.hu\/wp-content\/uploads\/2021\/06\/32-300x200.jpg 300w, https:\/\/marcali.plebania.hu\/wp-content\/uploads\/2021\/06\/32-768x512.jpg 768w, https:\/\/marcali.plebania.hu\/wp-content\/uploads\/2021\/06\/32-1536x1024.jpg 1536w, https:\/\/marcali.plebania.hu\/wp-content\/uploads\/2021\/06\/32-2048x1365.jpg 2048w, https:\/\/marcali.plebania.hu\/wp-content\/uploads\/2021\/06\/32-405x270.jpg 405w\" sizes=\"auto, (max-width: 1024px) 100vw, 1024px\" \/><\/figure><\/li><li class=\"blocks-gallery-item\"><figure><img loading=\"lazy\" decoding=\"async\" width=\"1024\" height=\"683\" src=\"https:\/\/marcali.plebania.hu\/wp-content\/uploads\/2021\/06\/27-1024x683.jpg\" alt=\"\" data-id=\"2706\" data-full-url=\"https:\/\/marcali.plebania.hu\/wp-content\/uploads\/2021\/06\/27-scaled.jpg\" data-link=\"https:\/\/marcali.plebania.hu\/?attachment_id=2706\" class=\"wp-image-2706\" srcset=\"https:\/\/marcali.plebania.hu\/wp-content\/uploads\/2021\/06\/27-1024x683.jpg 1024w, https:\/\/marcali.plebania.hu\/wp-content\/uploads\/2021\/06\/27-300x200.jpg 300w, https:\/\/marcali.plebania.hu\/wp-content\/uploads\/2021\/06\/27-768x512.jpg 768w, https:\/\/marcali.plebania.hu\/wp-content\/uploads\/2021\/06\/27-1536x1024.jpg 1536w, https:\/\/marcali.plebania.hu\/wp-content\/uploads\/2021\/06\/27-2048x1365.jpg 2048w, https:\/\/marcali.plebania.hu\/wp-content\/uploads\/2021\/06\/27-405x270.jpg 405w\" sizes=\"auto, (max-width: 1024px) 100vw, 1024px\" \/><\/figure><\/li><\/ul><\/figure>\n\n\n\n<p>A k\u00fclt\u00e9ri lombs\u00e1tor f\u00e9m-szerkezet\u00e9nek \u00f6ssze\u00e1ll\u00edt\u00e1s\u00e1\u00e9rt Kir\u00e1ly Jen\u0151 templomatya felelt. Az \u00e1gakkal val\u00f3 d\u00edsz\u00edt\u00e9st Gelencs\u00e9r R\u00f3bert vil\u00e1gi eln\u00f6k \u00e9s a T\u00f3th P\u00e9ter vezette csapat v\u00e9gezte, m\u00edg a vir\u00e1g-d\u00edsz\u00edt\u00e9sben a pl\u00e9b\u00e1ni\u00e1hoz tartoz\u00f3 n\u00e9gy templom (pl\u00e9b\u00e1niatemplom, Boldog Gizella, Gomba \u00e9s Bize) akt\u00edvabb h\u00edvei seg\u00edtettek. Kiss Iv\u00e1n atya a szentmise v\u00e9g\u00e9n megk\u00f6sz\u00f6nte mindenkinek az \u00e1ldozatos \u00e9s seg\u00edt\u0151 munk\u00e1j\u00e1t.<\/p>\n\n\n\n<figure class=\"wp-block-gallery columns-3 is-cropped wp-block-gallery-5 is-layout-flex wp-block-gallery-is-layout-flex\"><ul class=\"blocks-gallery-grid\"><li class=\"blocks-gallery-item\"><figure><img loading=\"lazy\" decoding=\"async\" width=\"1024\" height=\"683\" src=\"https:\/\/marcali.plebania.hu\/wp-content\/uploads\/2021\/06\/35-1024x683.jpg\" alt=\"\" data-id=\"2707\" data-link=\"https:\/\/marcali.plebania.hu\/?attachment_id=2707\" class=\"wp-image-2707\" srcset=\"https:\/\/marcali.plebania.hu\/wp-content\/uploads\/2021\/06\/35-1024x683.jpg 1024w, https:\/\/marcali.plebania.hu\/wp-content\/uploads\/2021\/06\/35-300x200.jpg 300w, https:\/\/marcali.plebania.hu\/wp-content\/uploads\/2021\/06\/35-768x512.jpg 768w, https:\/\/marcali.plebania.hu\/wp-content\/uploads\/2021\/06\/35-1536x1024.jpg 1536w, https:\/\/marcali.plebania.hu\/wp-content\/uploads\/2021\/06\/35-2048x1365.jpg 2048w, https:\/\/marcali.plebania.hu\/wp-content\/uploads\/2021\/06\/35-405x270.jpg 405w\" sizes=\"auto, (max-width: 1024px) 100vw, 1024px\" \/><\/figure><\/li><li class=\"blocks-gallery-item\"><figure><img loading=\"lazy\" decoding=\"async\" width=\"1024\" height=\"683\" src=\"https:\/\/marcali.plebania.hu\/wp-content\/uploads\/2021\/06\/36-1024x683.jpg\" alt=\"\" data-id=\"2708\" data-link=\"https:\/\/marcali.plebania.hu\/?attachment_id=2708\" class=\"wp-image-2708\" srcset=\"https:\/\/marcali.plebania.hu\/wp-content\/uploads\/2021\/06\/36-1024x683.jpg 1024w, https:\/\/marcali.plebania.hu\/wp-content\/uploads\/2021\/06\/36-300x200.jpg 300w, https:\/\/marcali.plebania.hu\/wp-content\/uploads\/2021\/06\/36-768x512.jpg 768w, https:\/\/marcali.plebania.hu\/wp-content\/uploads\/2021\/06\/36-1536x1024.jpg 1536w, https:\/\/marcali.plebania.hu\/wp-content\/uploads\/2021\/06\/36-2048x1365.jpg 2048w, https:\/\/marcali.plebania.hu\/wp-content\/uploads\/2021\/06\/36-405x270.jpg 405w\" sizes=\"auto, (max-width: 1024px) 100vw, 1024px\" \/><\/figure><\/li><li class=\"blocks-gallery-item\"><figure><img loading=\"lazy\" decoding=\"async\" width=\"1024\" height=\"683\" src=\"https:\/\/marcali.plebania.hu\/wp-content\/uploads\/2021\/06\/38-1024x683.jpg\" alt=\"\" data-id=\"2709\" data-link=\"https:\/\/marcali.plebania.hu\/?attachment_id=2709\" class=\"wp-image-2709\" srcset=\"https:\/\/marcali.plebania.hu\/wp-content\/uploads\/2021\/06\/38-1024x683.jpg 1024w, https:\/\/marcali.plebania.hu\/wp-content\/uploads\/2021\/06\/38-300x200.jpg 300w, https:\/\/marcali.plebania.hu\/wp-content\/uploads\/2021\/06\/38-768x512.jpg 768w, https:\/\/marcali.plebania.hu\/wp-content\/uploads\/2021\/06\/38-1536x1024.jpg 1536w, https:\/\/marcali.plebania.hu\/wp-content\/uploads\/2021\/06\/38-2048x1365.jpg 2048w, https:\/\/marcali.plebania.hu\/wp-content\/uploads\/2021\/06\/38-405x270.jpg 405w\" sizes=\"auto, (max-width: 1024px) 100vw, 1024px\" \/><\/figure><\/li><li class=\"blocks-gallery-item\"><figure><img loading=\"lazy\" decoding=\"async\" width=\"1024\" height=\"683\" src=\"https:\/\/marcali.plebania.hu\/wp-content\/uploads\/2021\/06\/39-1024x683.jpg\" alt=\"\" data-id=\"2710\" data-full-url=\"https:\/\/marcali.plebania.hu\/wp-content\/uploads\/2021\/06\/39-scaled.jpg\" data-link=\"https:\/\/marcali.plebania.hu\/?attachment_id=2710\" class=\"wp-image-2710\" srcset=\"https:\/\/marcali.plebania.hu\/wp-content\/uploads\/2021\/06\/39-1024x683.jpg 1024w, https:\/\/marcali.plebania.hu\/wp-content\/uploads\/2021\/06\/39-300x200.jpg 300w, https:\/\/marcali.plebania.hu\/wp-content\/uploads\/2021\/06\/39-768x512.jpg 768w, https:\/\/marcali.plebania.hu\/wp-content\/uploads\/2021\/06\/39-1536x1024.jpg 1536w, https:\/\/marcali.plebania.hu\/wp-content\/uploads\/2021\/06\/39-2048x1365.jpg 2048w, https:\/\/marcali.plebania.hu\/wp-content\/uploads\/2021\/06\/39-405x270.jpg 405w\" sizes=\"auto, (max-width: 1024px) 100vw, 1024px\" \/><\/figure><\/li><\/ul><\/figure>\n","protected":false},"excerpt":{"rendered":"<p>2021. j\u00fanius 6-\u00e1n, vas\u00e1rnap 10 \u00f3rakor tartott\u00e1k az idei \u00darnapi szentmis\u00e9t a Marcali Gy\u00fcm\u00f6lcsolt\u00f3 Boldogasszony Pl\u00e9b\u00e1niatemplomban, melyet Kiss Iv\u00e1n c. pr\u00e9post, esperes-pl\u00e9b\u00e1nos celebr\u00e1lt; szentbesz\u00e9det dr. Gyulai Botond akolitus mondott, verset Kozma Kriszti\u00e1n Kazinczy-d\u00edjas el\u0151ad\u00f3 szavalt. Orgon\u00e1val Balogh B\u00e1lint k\u00e1ntor, heged\u0171vel J\u00e1ki Zolt\u00e1n m\u0171k\u00f6d\u00f6tt k\u00f6zre. Az istentisztelet elej\u00e9n, az orsz\u00e1g valamennyi katolikus templom\u00e1ban, \u00edgy a marcali h\u00edvek is im\u00e1dkoztak a koronav\u00edrus-j\u00e1rv\u00e1ny \u00e1ldozatai\u00e9rt, mik\u00f6zben a harangok \u00e9rt\u00fck sz\u00f3ltak. Az \u00darnapja a katolikus f\u0151\u00fcnnepek egyike, tulajdonk\u00e9ppen az Eucharisztia (Olt\u00e1riszents\u00e9g) tisztelet\u00e9re szolg\u00e1l, az \u00dar&#8230;<\/p>\n<p class=\"read-more\"><a class=\"btn btn-default\" href=\"https:\/\/marcali.plebania.hu\/?p=2690\"> Read More<span class=\"screen-reader-text\">  Read More<\/span><\/a><\/p>\n","protected":false},"author":2,"featured_media":0,"comment_status":"closed","ping_status":"open","sticky":false,"template":"","format":"standard","meta":{"footnotes":""},"categories":[1],"tags":[],"class_list":["post-2690","post","type-post","status-publish","format-standard","hentry","category-egyeb"],"_links":{"self":[{"href":"https:\/\/marcali.plebania.hu\/index.php?rest_route=\/wp\/v2\/posts\/2690","targetHints":{"allow":["GET"]}}],"collection":[{"href":"https:\/\/marcali.plebania.hu\/index.php?rest_route=\/wp\/v2\/posts"}],"about":[{"href":"https:\/\/marcali.plebania.hu\/index.php?rest_route=\/wp\/v2\/types\/post"}],"author":[{"embeddable":true,"href":"https:\/\/marcali.plebania.hu\/index.php?rest_route=\/wp\/v2\/users\/2"}],"replies":[{"embeddable":true,"href":"https:\/\/marcali.plebania.hu\/index.php?rest_route=%2Fwp%2Fv2%2Fcomments&post=2690"}],"version-history":[{"count":1,"href":"https:\/\/marcali.plebania.hu\/index.php?rest_route=\/wp\/v2\/posts\/2690\/revisions"}],"predecessor-version":[{"id":2711,"href":"https:\/\/marcali.plebania.hu\/index.php?rest_route=\/wp\/v2\/posts\/2690\/revisions\/2711"}],"wp:attachment":[{"href":"https:\/\/marcali.plebania.hu\/index.php?rest_route=%2Fwp%2Fv2%2Fmedia&parent=2690"}],"wp:term":[{"taxonomy":"category","embeddable":true,"href":"https:\/\/marcali.plebania.hu\/index.php?rest_route=%2Fwp%2Fv2%2Fcategories&post=2690"},{"taxonomy":"post_tag","embeddable":true,"href":"https:\/\/marcali.plebania.hu\/index.php?rest_route=%2Fwp%2Fv2%2Ftags&post=2690"}],"curies":[{"name":"wp","href":"https:\/\/api.w.org\/{rel}","templated":true}]}}