{"id":2712,"date":"2021-06-11T09:45:13","date_gmt":"2021-06-11T09:45:13","guid":{"rendered":"https:\/\/marcali.plebania.hu\/?p=2712"},"modified":"2021-06-11T09:45:13","modified_gmt":"2021-06-11T09:45:13","slug":"hirdetesek-2021-06-13","status":"publish","type":"post","link":"https:\/\/marcali.plebania.hu\/?p=2712","title":{"rendered":"Hirdet\u00e9sek, 2021. 06. 13."},"content":{"rendered":"\n<ol class=\"wp-block-list\"><li>Ma\nvan az \u00e9vk\u00f6zi 11. vas\u00e1rnap.<\/li><li>&nbsp;Szeptember 12-\u00e9n lesz az Eucharisztikus\nKongresszus z\u00e1r\u00f3 szentmis\u00e9je, melyet Ferenc p\u00e1pa celebr\u00e1l a H\u0151s\u00f6k ter\u00e9n. Erre\naz alkalomra zar\u00e1ndok buszt szervez\u00fcnk. Jelentkezni Gelencs\u00e9r R\u00f3bert vil\u00e1gi\neln\u00f6kn\u00e9l lehet.<\/li><\/ol>\n","protected":false},"excerpt":{"rendered":"<p>Ma van az \u00e9vk\u00f6zi 11. vas\u00e1rnap. &nbsp;Szeptember 12-\u00e9n lesz az Eucharisztikus Kongresszus z\u00e1r\u00f3 szentmis\u00e9je, melyet Ferenc p\u00e1pa celebr\u00e1l a H\u0151s\u00f6k ter\u00e9n. Erre az alkalomra zar\u00e1ndok buszt szervez\u00fcnk. Jelentkezni Gelencs\u00e9r R\u00f3bert vil\u00e1gi eln\u00f6kn\u00e9l lehet.<\/p>\n","protected":false},"author":2,"featured_media":0,"comment_status":"closed","ping_status":"open","sticky":false,"template":"","format":"standard","meta":{"footnotes":""},"categories":[1],"tags":[],"class_list":["post-2712","post","type-post","status-publish","format-standard","hentry","category-egyeb"],"_links":{"self":[{"href":"https:\/\/marcali.plebania.hu\/index.php?rest_route=\/wp\/v2\/posts\/2712","targetHints":{"allow":["GET"]}}],"collection":[{"href":"https:\/\/marcali.plebania.hu\/index.php?rest_route=\/wp\/v2\/posts"}],"about":[{"href":"https:\/\/marcali.plebania.hu\/index.php?rest_route=\/wp\/v2\/types\/post"}],"author":[{"embeddable":true,"href":"https:\/\/marcali.plebania.hu\/index.php?rest_route=\/wp\/v2\/users\/2"}],"replies":[{"embeddable":true,"href":"https:\/\/marcali.plebania.hu\/index.php?rest_route=%2Fwp%2Fv2%2Fcomments&post=2712"}],"version-history":[{"count":1,"href":"https:\/\/marcali.plebania.hu\/index.php?rest_route=\/wp\/v2\/posts\/2712\/revisions"}],"predecessor-version":[{"id":2713,"href":"https:\/\/marcali.plebania.hu\/index.php?rest_route=\/wp\/v2\/posts\/2712\/revisions\/2713"}],"wp:attachment":[{"href":"https:\/\/marcali.plebania.hu\/index.php?rest_route=%2Fwp%2Fv2%2Fmedia&parent=2712"}],"wp:term":[{"taxonomy":"category","embeddable":true,"href":"https:\/\/marcali.plebania.hu\/index.php?rest_route=%2Fwp%2Fv2%2Fcategories&post=2712"},{"taxonomy":"post_tag","embeddable":true,"href":"https:\/\/marcali.plebania.hu\/index.php?rest_route=%2Fwp%2Fv2%2Ftags&post=2712"}],"curies":[{"name":"wp","href":"https:\/\/api.w.org\/{rel}","templated":true}]}}