{"id":2717,"date":"2021-06-25T07:38:26","date_gmt":"2021-06-25T07:38:26","guid":{"rendered":"https:\/\/marcali.plebania.hu\/?p=2717"},"modified":"2021-06-25T07:38:26","modified_gmt":"2021-06-25T07:38:26","slug":"hirdetesek-2021-06-27","status":"publish","type":"post","link":"https:\/\/marcali.plebania.hu\/?p=2717","title":{"rendered":"Hirdet\u00e9sek, 2021. 06. 27."},"content":{"rendered":"\n<ol class=\"wp-block-list\"><li>Ma van az \u00e9vk\u00f6zi 13. vas\u00e1rnap.<\/li><li>Kedden, Szent P\u00e9ter \u00e9s Szent P\u00e1l apostolok \u00fcnnep\u00e9n\nszentmise este 18 \u00f3rakor.<\/li><li>P\u00e9nteken, els\u0151 p\u00e9ntek, 17 \u00f3r\u00e1t\u00f3l gy\u00f3ntat\u00e1s a\nsekresty\u00e9ben, 17.30-tz\u00f3l szents\u00e9gim\u00e1d\u00e1s, 18 \u00f3rakor szentmise.<\/li><li>Szombaton 17 \u00f3rakor els\u0151 szombati \u00e1jtatoss\u00e1g, 18\n\u00f3rakor szentmise.<\/li><li>J\u00f6v\u0151 vas\u00e1rnap gy\u0171jt\u00e9s van a Szentsz\u00e9k jav\u00e1ra\n(P\u00e9terfill\u00e9r gy\u0171jt\u00e9s).<\/li><li>A Szent II. J\u00e1nos P\u00e1l p\u00e1pa szobor el\u0151k\u00e9sz\u00fcleti\nmunk\u00e1latai az elm\u00falt hetekben megkezd\u0151dtek. Sz\u00f3r\u00e1di Zsigmond szobr\u00e1szm\u0171v\u00e9sz\nv\u00e1llalta a mellszobor elk\u00e9sz\u00edt\u00e9s\u00e9t. A h\u00e9ten az \u00d6nkorm\u00e1nyzat K\u00e9pvisel\u0151 Test\u00fclete\nmegszavazta az \u00e9p\u00edt\u00e9si enged\u00e9ly megad\u00e1s\u00e1t. K\u00f6sz\u00f6net \u00e9rte! Jelenleg t\u00f6bb enged\u00e9ly\nbeszerz\u00e9se is folyamatban van \u00e9s rem\u00e9nyeink szerint nemsok\u00e1ra megkezd\u0151dhetnek\naz alapoz\u00e1si \u00e9s a talapzat el\u0151k\u00e9sz\u00edt\u00e9si munk\u00e1k is.<\/li><li>Szeptember 12-\u00e9n lesz az Eucharisztikus Kongresszus\nz\u00e1r\u00f3 szentmis\u00e9je, melyet Ferenc p\u00e1pa celebr\u00e1l a H\u0151s\u00f6k ter\u00e9n. Erre az alkalomra\nzar\u00e1ndok buszt szervez\u00fcnk. Jelentkezni Gelencs\u00e9r R\u00f3bert vil\u00e1gi eln\u00f6kn\u00e9l lehet.<\/li><\/ol>\n","protected":false},"excerpt":{"rendered":"<p>Ma van az \u00e9vk\u00f6zi 13. vas\u00e1rnap. Kedden, Szent P\u00e9ter \u00e9s Szent P\u00e1l apostolok \u00fcnnep\u00e9n szentmise este 18 \u00f3rakor. P\u00e9nteken, els\u0151 p\u00e9ntek, 17 \u00f3r\u00e1t\u00f3l gy\u00f3ntat\u00e1s a sekresty\u00e9ben, 17.30-tz\u00f3l szents\u00e9gim\u00e1d\u00e1s, 18 \u00f3rakor szentmise. Szombaton 17 \u00f3rakor els\u0151 szombati \u00e1jtatoss\u00e1g, 18 \u00f3rakor szentmise. J\u00f6v\u0151 vas\u00e1rnap gy\u0171jt\u00e9s van a Szentsz\u00e9k jav\u00e1ra (P\u00e9terfill\u00e9r gy\u0171jt\u00e9s). A Szent II. J\u00e1nos P\u00e1l p\u00e1pa szobor el\u0151k\u00e9sz\u00fcleti munk\u00e1latai az elm\u00falt hetekben megkezd\u0151dtek. Sz\u00f3r\u00e1di Zsigmond szobr\u00e1szm\u0171v\u00e9sz v\u00e1llalta a mellszobor elk\u00e9sz\u00edt\u00e9s\u00e9t. A h\u00e9ten az \u00d6nkorm\u00e1nyzat K\u00e9pvisel\u0151 Test\u00fclete megszavazta az \u00e9p\u00edt\u00e9si enged\u00e9ly megad\u00e1s\u00e1t&#8230;.<\/p>\n<p class=\"read-more\"><a class=\"btn btn-default\" href=\"https:\/\/marcali.plebania.hu\/?p=2717\"> Read More<span class=\"screen-reader-text\">  Read More<\/span><\/a><\/p>\n","protected":false},"author":2,"featured_media":0,"comment_status":"closed","ping_status":"open","sticky":false,"template":"","format":"standard","meta":{"footnotes":""},"categories":[1],"tags":[],"class_list":["post-2717","post","type-post","status-publish","format-standard","hentry","category-egyeb"],"_links":{"self":[{"href":"https:\/\/marcali.plebania.hu\/index.php?rest_route=\/wp\/v2\/posts\/2717","targetHints":{"allow":["GET"]}}],"collection":[{"href":"https:\/\/marcali.plebania.hu\/index.php?rest_route=\/wp\/v2\/posts"}],"about":[{"href":"https:\/\/marcali.plebania.hu\/index.php?rest_route=\/wp\/v2\/types\/post"}],"author":[{"embeddable":true,"href":"https:\/\/marcali.plebania.hu\/index.php?rest_route=\/wp\/v2\/users\/2"}],"replies":[{"embeddable":true,"href":"https:\/\/marcali.plebania.hu\/index.php?rest_route=%2Fwp%2Fv2%2Fcomments&post=2717"}],"version-history":[{"count":1,"href":"https:\/\/marcali.plebania.hu\/index.php?rest_route=\/wp\/v2\/posts\/2717\/revisions"}],"predecessor-version":[{"id":2718,"href":"https:\/\/marcali.plebania.hu\/index.php?rest_route=\/wp\/v2\/posts\/2717\/revisions\/2718"}],"wp:attachment":[{"href":"https:\/\/marcali.plebania.hu\/index.php?rest_route=%2Fwp%2Fv2%2Fmedia&parent=2717"}],"wp:term":[{"taxonomy":"category","embeddable":true,"href":"https:\/\/marcali.plebania.hu\/index.php?rest_route=%2Fwp%2Fv2%2Fcategories&post=2717"},{"taxonomy":"post_tag","embeddable":true,"href":"https:\/\/marcali.plebania.hu\/index.php?rest_route=%2Fwp%2Fv2%2Ftags&post=2717"}],"curies":[{"name":"wp","href":"https:\/\/api.w.org\/{rel}","templated":true}]}}