{"id":2719,"date":"2021-07-01T15:11:28","date_gmt":"2021-07-01T15:11:28","guid":{"rendered":"https:\/\/marcali.plebania.hu\/?p=2719"},"modified":"2021-07-01T15:11:28","modified_gmt":"2021-07-01T15:11:28","slug":"hirdetesek-2021-07-04","status":"publish","type":"post","link":"https:\/\/marcali.plebania.hu\/?p=2719","title":{"rendered":"Hirdet\u00e9sek, 2021. 07. 04."},"content":{"rendered":"\n<ol class=\"wp-block-list\"><li>Ma\nvan az \u00e9vk\u00f6zi 14. vas\u00e1rnap. Ma az orsz\u00e1g valamennyi katolikus templom\u00e1ban\nP\u00e9terfill\u00e9r-gy\u0171jt\u00e9s van.<\/li><li>A\nSzent II. J\u00e1nos P\u00e1l p\u00e1pa szobor el\u0151k\u00e9sz\u00fcleti munk\u00e1latai az elm\u00falt hetekben\nmegkezd\u0151dtek. Sz\u00f3r\u00e1di Zsigmond szobr\u00e1szm\u0171v\u00e9sz v\u00e1llalta a mellszobor\nelk\u00e9sz\u00edt\u00e9s\u00e9t. Az \u00d6nkorm\u00e1nyzat K\u00e9pvisel\u0151 Test\u00fclete megszavazta az \u00e9p\u00edt\u00e9si\nenged\u00e9ly megad\u00e1s\u00e1t. K\u00f6sz\u00f6net \u00e9rte! Jelenleg t\u00f6bb enged\u00e9ly beszerz\u00e9se is\nfolyamatban van \u00e9s rem\u00e9nyeink szerint nemsok\u00e1ra megkezd\u0151dhetnek az alapoz\u00e1si \u00e9s\na talapzat el\u0151k\u00e9sz\u00edt\u00e9si munk\u00e1k is.<\/li><li>Szeptember\n12-\u00e9n lesz az Eucharisztikus Kongresszus z\u00e1r\u00f3 szentmis\u00e9je, melyet Ferenc p\u00e1pa\ncelebr\u00e1l a H\u0151s\u00f6k ter\u00e9n. Erre az alkalomra zar\u00e1ndok buszt szervez\u00fcnk.\nJelentkezni Gelencs\u00e9r R\u00f3bert vil\u00e1gi eln\u00f6kn\u00e9l lehet.<\/li><li>A\nj\u00e1rv\u00e1ny\u00fcgyi helyzetnek megfelel\u0151en a maszk visel\u00e9se nem k\u00f6telez\u0151\ntemplomainkban, a temet\u00e9seken. <\/li><\/ol>\n","protected":false},"excerpt":{"rendered":"<p>Ma van az \u00e9vk\u00f6zi 14. vas\u00e1rnap. Ma az orsz\u00e1g valamennyi katolikus templom\u00e1ban P\u00e9terfill\u00e9r-gy\u0171jt\u00e9s van. A Szent II. J\u00e1nos P\u00e1l p\u00e1pa szobor el\u0151k\u00e9sz\u00fcleti munk\u00e1latai az elm\u00falt hetekben megkezd\u0151dtek. Sz\u00f3r\u00e1di Zsigmond szobr\u00e1szm\u0171v\u00e9sz v\u00e1llalta a mellszobor elk\u00e9sz\u00edt\u00e9s\u00e9t. Az \u00d6nkorm\u00e1nyzat K\u00e9pvisel\u0151 Test\u00fclete megszavazta az \u00e9p\u00edt\u00e9si enged\u00e9ly megad\u00e1s\u00e1t. K\u00f6sz\u00f6net \u00e9rte! Jelenleg t\u00f6bb enged\u00e9ly beszerz\u00e9se is folyamatban van \u00e9s rem\u00e9nyeink szerint nemsok\u00e1ra megkezd\u0151dhetnek az alapoz\u00e1si \u00e9s a talapzat el\u0151k\u00e9sz\u00edt\u00e9si munk\u00e1k is. Szeptember 12-\u00e9n lesz az Eucharisztikus Kongresszus z\u00e1r\u00f3 szentmis\u00e9je, melyet Ferenc p\u00e1pa celebr\u00e1l a H\u0151s\u00f6k ter\u00e9n&#8230;.<\/p>\n<p class=\"read-more\"><a class=\"btn btn-default\" href=\"https:\/\/marcali.plebania.hu\/?p=2719\"> Read More<span class=\"screen-reader-text\">  Read More<\/span><\/a><\/p>\n","protected":false},"author":2,"featured_media":0,"comment_status":"closed","ping_status":"open","sticky":false,"template":"","format":"standard","meta":{"footnotes":""},"categories":[1],"tags":[],"class_list":["post-2719","post","type-post","status-publish","format-standard","hentry","category-egyeb"],"_links":{"self":[{"href":"https:\/\/marcali.plebania.hu\/index.php?rest_route=\/wp\/v2\/posts\/2719","targetHints":{"allow":["GET"]}}],"collection":[{"href":"https:\/\/marcali.plebania.hu\/index.php?rest_route=\/wp\/v2\/posts"}],"about":[{"href":"https:\/\/marcali.plebania.hu\/index.php?rest_route=\/wp\/v2\/types\/post"}],"author":[{"embeddable":true,"href":"https:\/\/marcali.plebania.hu\/index.php?rest_route=\/wp\/v2\/users\/2"}],"replies":[{"embeddable":true,"href":"https:\/\/marcali.plebania.hu\/index.php?rest_route=%2Fwp%2Fv2%2Fcomments&post=2719"}],"version-history":[{"count":1,"href":"https:\/\/marcali.plebania.hu\/index.php?rest_route=\/wp\/v2\/posts\/2719\/revisions"}],"predecessor-version":[{"id":2720,"href":"https:\/\/marcali.plebania.hu\/index.php?rest_route=\/wp\/v2\/posts\/2719\/revisions\/2720"}],"wp:attachment":[{"href":"https:\/\/marcali.plebania.hu\/index.php?rest_route=%2Fwp%2Fv2%2Fmedia&parent=2719"}],"wp:term":[{"taxonomy":"category","embeddable":true,"href":"https:\/\/marcali.plebania.hu\/index.php?rest_route=%2Fwp%2Fv2%2Fcategories&post=2719"},{"taxonomy":"post_tag","embeddable":true,"href":"https:\/\/marcali.plebania.hu\/index.php?rest_route=%2Fwp%2Fv2%2Ftags&post=2719"}],"curies":[{"name":"wp","href":"https:\/\/api.w.org\/{rel}","templated":true}]}}