{"id":272,"date":"2018-06-15T08:18:21","date_gmt":"2018-06-15T08:18:21","guid":{"rendered":"https:\/\/marcali.plebania.hu\/?p=272"},"modified":"2018-06-15T08:18:21","modified_gmt":"2018-06-15T08:18:21","slug":"hirdetesek-2018-06-17","status":"publish","type":"post","link":"https:\/\/marcali.plebania.hu\/?p=272","title":{"rendered":"Hirdet\u00e9sek, 2018. 06. 17."},"content":{"rendered":"<ol>\n<li>Ma van az \u00e9vk\u00f6zi 11. vas\u00e1rnap.<\/li>\n<li>Templomunk fel\u00faj\u00edt\u00e1si munk\u00e1ja miatt v\u00e1ltoz\u00e1sok lesznek a szentmise helysz\u00edneiben: h\u00e9tk\u00f6znap keddt\u0151l szombatig az esti szentmis\u00e9k 19 \u00f3rakor az X-h\u00e1zban kezd\u0151dnek. K\u00e9t vas\u00e1rnap: 24-\u00e9n \u00e9s j\u00falius 1-\u00e9n 9 \u00f3rakor a B. Gizella templomban, 11 \u00f3rakor Gomb\u00e1n, illetve Biz\u00e9n, 19 \u00f3rakor szint\u00e9n a B. Gizella templomban. A temet\u00e9si szentmis\u00e9k a B. Gizella templomban lesznek.<\/li>\n<li>Templomunk fel\u00faj\u00edt\u00e1si munk\u00e1ja miatt ma d\u00e9lut\u00e1n 2 \u00f3r\u00e1ra szeretettel v\u00e1rjuk azokat, akik seg\u00edteni szeretn\u00e9nek a pakol\u00e1si munk\u00e1ban.<\/li>\n<li>Szombaton, Kaposv\u00e1ron a sz\u00e9kesegyh\u00e1zban 10 \u00f3ra 30-kor Varga L\u00e1szl\u00f3 megy\u00e9sp\u00fcsp\u00f6k 2 \u00faj papot szentel.<\/li>\n<li>Szombaton 18 \u00f3rakor a gad\u00e1nyi templomban a F\u00e9ny Gyermekei Zenekar ad koncertet, melyre szeretettel h\u00edvj\u00e1k a marcali h\u00edveket is.<\/li>\n<li>Templomunk fel\u00faj\u00edt\u00e1sa el\u0151re l\u00e1that\u00f3lag 2-3 h\u00e9tig fog tartani. Adom\u00e1nyokat m\u00e9g elfogadunk.<\/li>\n<\/ol>\n","protected":false},"excerpt":{"rendered":"<p>Ma van az \u00e9vk\u00f6zi 11. vas\u00e1rnap. Templomunk fel\u00faj\u00edt\u00e1si munk\u00e1ja miatt v\u00e1ltoz\u00e1sok lesznek a szentmise helysz\u00edneiben: h\u00e9tk\u00f6znap keddt\u0151l szombatig az esti szentmis\u00e9k 19 \u00f3rakor az X-h\u00e1zban kezd\u0151dnek. K\u00e9t vas\u00e1rnap: 24-\u00e9n \u00e9s j\u00falius 1-\u00e9n 9 \u00f3rakor a B. Gizella templomban, 11 \u00f3rakor Gomb\u00e1n, illetve Biz\u00e9n, 19 \u00f3rakor szint\u00e9n a B. Gizella templomban. A temet\u00e9si szentmis\u00e9k a B. Gizella templomban lesznek. Templomunk fel\u00faj\u00edt\u00e1si munk\u00e1ja miatt ma d\u00e9lut\u00e1n 2 \u00f3r\u00e1ra szeretettel v\u00e1rjuk azokat, akik seg\u00edteni szeretn\u00e9nek a pakol\u00e1si munk\u00e1ban. Szombaton, Kaposv\u00e1ron a sz\u00e9kesegyh\u00e1zban 10&#8230;<\/p>\n<p class=\"read-more\"><a class=\"btn btn-default\" href=\"https:\/\/marcali.plebania.hu\/?p=272\"> Read More<span class=\"screen-reader-text\">  Read More<\/span><\/a><\/p>\n","protected":false},"author":2,"featured_media":0,"comment_status":"closed","ping_status":"open","sticky":false,"template":"","format":"standard","meta":{"footnotes":""},"categories":[1],"tags":[],"class_list":["post-272","post","type-post","status-publish","format-standard","hentry","category-egyeb"],"_links":{"self":[{"href":"https:\/\/marcali.plebania.hu\/index.php?rest_route=\/wp\/v2\/posts\/272","targetHints":{"allow":["GET"]}}],"collection":[{"href":"https:\/\/marcali.plebania.hu\/index.php?rest_route=\/wp\/v2\/posts"}],"about":[{"href":"https:\/\/marcali.plebania.hu\/index.php?rest_route=\/wp\/v2\/types\/post"}],"author":[{"embeddable":true,"href":"https:\/\/marcali.plebania.hu\/index.php?rest_route=\/wp\/v2\/users\/2"}],"replies":[{"embeddable":true,"href":"https:\/\/marcali.plebania.hu\/index.php?rest_route=%2Fwp%2Fv2%2Fcomments&post=272"}],"version-history":[{"count":1,"href":"https:\/\/marcali.plebania.hu\/index.php?rest_route=\/wp\/v2\/posts\/272\/revisions"}],"predecessor-version":[{"id":273,"href":"https:\/\/marcali.plebania.hu\/index.php?rest_route=\/wp\/v2\/posts\/272\/revisions\/273"}],"wp:attachment":[{"href":"https:\/\/marcali.plebania.hu\/index.php?rest_route=%2Fwp%2Fv2%2Fmedia&parent=272"}],"wp:term":[{"taxonomy":"category","embeddable":true,"href":"https:\/\/marcali.plebania.hu\/index.php?rest_route=%2Fwp%2Fv2%2Fcategories&post=272"},{"taxonomy":"post_tag","embeddable":true,"href":"https:\/\/marcali.plebania.hu\/index.php?rest_route=%2Fwp%2Fv2%2Ftags&post=272"}],"curies":[{"name":"wp","href":"https:\/\/api.w.org\/{rel}","templated":true}]}}