{"id":2722,"date":"2021-07-09T08:58:55","date_gmt":"2021-07-09T08:58:55","guid":{"rendered":"https:\/\/marcali.plebania.hu\/?p=2722"},"modified":"2021-07-09T08:58:55","modified_gmt":"2021-07-09T08:58:55","slug":"hirdetesek-2021-07-11","status":"publish","type":"post","link":"https:\/\/marcali.plebania.hu\/?p=2722","title":{"rendered":"Hirdet\u00e9sek, 2021. 07. 11."},"content":{"rendered":"\n<ol class=\"wp-block-list\"><li>Ma\nvan az \u00e9vk\u00f6zi 15. vas\u00e1rnap.<\/li><li>Kedden\n13-\u00e1n, 17 \u00f3r\u00e1t\u00f3l fatimai ima\u00f3ra lesz.<\/li><li>P\u00e9nteken\n17.30 \u00f3rakor szents\u00e9gim\u00e1d\u00e1s, 18 \u00f3rakor szentmise.<\/li><li>Szombaton\n18 \u00f3rakor lesz szentmise.<\/li><li>A\nny\u00e1ri id\u0151szakban, amikor am\u00fagy is visszaesik a templombaj\u00e1r\u00f3k sz\u00e1ma, a B.\nGizella templomban \u00e9s a gombai templomban felv\u00e1ltva lesz vas\u00e1rnapi szentmise.\nMost vas\u00e1rnap a B. Gizella templomban lesz 18 \u00f3rakor.<\/li><li>A\nlelki adopt\u00e1l\u00e1s j\u00faliusi k\u00f6z\u00f6s im\u00e1ds\u00e1ga j\u00falius 23-\u00e1n, p\u00e9nteken 17.15-t\u00f3l lesz a\npl\u00e9b\u00e1niatemplomban.<\/li><li>Szeptember\n12-\u00e9n lesz az Eucharisztikus Kongresszus z\u00e1r\u00f3 szentmis\u00e9je, melyet Ferenc p\u00e1pa\ncelebr\u00e1l a H\u0151s\u00f6k ter\u00e9n. Erre az alkalomra zar\u00e1ndok buszt szervez\u00fcnk.\nJelentkezni Gelencs\u00e9r R\u00f3bert vil\u00e1gi eln\u00f6kn\u00e9l lehet.<\/li><\/ol>\n","protected":false},"excerpt":{"rendered":"<p>Ma van az \u00e9vk\u00f6zi 15. vas\u00e1rnap. Kedden 13-\u00e1n, 17 \u00f3r\u00e1t\u00f3l fatimai ima\u00f3ra lesz. P\u00e9nteken 17.30 \u00f3rakor szents\u00e9gim\u00e1d\u00e1s, 18 \u00f3rakor szentmise. Szombaton 18 \u00f3rakor lesz szentmise. A ny\u00e1ri id\u0151szakban, amikor am\u00fagy is visszaesik a templombaj\u00e1r\u00f3k sz\u00e1ma, a B. Gizella templomban \u00e9s a gombai templomban felv\u00e1ltva lesz vas\u00e1rnapi szentmise. Most vas\u00e1rnap a B. Gizella templomban lesz 18 \u00f3rakor. A lelki adopt\u00e1l\u00e1s j\u00faliusi k\u00f6z\u00f6s im\u00e1ds\u00e1ga j\u00falius 23-\u00e1n, p\u00e9nteken 17.15-t\u00f3l lesz a pl\u00e9b\u00e1niatemplomban. Szeptember 12-\u00e9n lesz az Eucharisztikus Kongresszus z\u00e1r\u00f3 szentmis\u00e9je, melyet Ferenc p\u00e1pa&#8230;<\/p>\n<p class=\"read-more\"><a class=\"btn btn-default\" href=\"https:\/\/marcali.plebania.hu\/?p=2722\"> Read More<span class=\"screen-reader-text\">  Read More<\/span><\/a><\/p>\n","protected":false},"author":2,"featured_media":0,"comment_status":"closed","ping_status":"open","sticky":false,"template":"","format":"standard","meta":{"footnotes":""},"categories":[1],"tags":[],"class_list":["post-2722","post","type-post","status-publish","format-standard","hentry","category-egyeb"],"_links":{"self":[{"href":"https:\/\/marcali.plebania.hu\/index.php?rest_route=\/wp\/v2\/posts\/2722","targetHints":{"allow":["GET"]}}],"collection":[{"href":"https:\/\/marcali.plebania.hu\/index.php?rest_route=\/wp\/v2\/posts"}],"about":[{"href":"https:\/\/marcali.plebania.hu\/index.php?rest_route=\/wp\/v2\/types\/post"}],"author":[{"embeddable":true,"href":"https:\/\/marcali.plebania.hu\/index.php?rest_route=\/wp\/v2\/users\/2"}],"replies":[{"embeddable":true,"href":"https:\/\/marcali.plebania.hu\/index.php?rest_route=%2Fwp%2Fv2%2Fcomments&post=2722"}],"version-history":[{"count":1,"href":"https:\/\/marcali.plebania.hu\/index.php?rest_route=\/wp\/v2\/posts\/2722\/revisions"}],"predecessor-version":[{"id":2723,"href":"https:\/\/marcali.plebania.hu\/index.php?rest_route=\/wp\/v2\/posts\/2722\/revisions\/2723"}],"wp:attachment":[{"href":"https:\/\/marcali.plebania.hu\/index.php?rest_route=%2Fwp%2Fv2%2Fmedia&parent=2722"}],"wp:term":[{"taxonomy":"category","embeddable":true,"href":"https:\/\/marcali.plebania.hu\/index.php?rest_route=%2Fwp%2Fv2%2Fcategories&post=2722"},{"taxonomy":"post_tag","embeddable":true,"href":"https:\/\/marcali.plebania.hu\/index.php?rest_route=%2Fwp%2Fv2%2Ftags&post=2722"}],"curies":[{"name":"wp","href":"https:\/\/api.w.org\/{rel}","templated":true}]}}