{"id":2724,"date":"2021-07-16T09:41:56","date_gmt":"2021-07-16T09:41:56","guid":{"rendered":"https:\/\/marcali.plebania.hu\/?p=2724"},"modified":"2021-07-16T09:41:56","modified_gmt":"2021-07-16T09:41:56","slug":"hirdetesek-2021-07-18","status":"publish","type":"post","link":"https:\/\/marcali.plebania.hu\/?p=2724","title":{"rendered":"Hirdet\u00e9sek, 2021. 07. 18."},"content":{"rendered":"\n<ol class=\"wp-block-list\"><li>Ma van az \u00e9vk\u00f6zi 16. vas\u00e1rnap.<\/li><li>P\u00e9nteken 17.30 \u00f3rakor szents\u00e9gim\u00e1d\u00e1s,\n18 \u00f3rakor szentmise.<\/li><li>Szombaton 18 \u00f3rakor lesz szentmise.<\/li><li>A ny\u00e1ri id\u0151szakban, amikor am\u00fagy is\nvisszaesik a templombaj\u00e1r\u00f3k sz\u00e1ma, a B. Gizella templomban \u00e9s a gombai\ntemplomban felv\u00e1ltva lesz vas\u00e1rnapi szentmise.<\/li><li>A lelki adopt\u00e1l\u00e1s j\u00faliusi k\u00f6z\u00f6s\nim\u00e1ds\u00e1ga j\u00falius 23-\u00e1n, p\u00e9nteken 17.15-t\u00f3l lesz a pl\u00e9b\u00e1niatemplomban.<\/li><li>Szeptember 12-\u00e9n lesz az Eucharisztikus\nKongresszus z\u00e1r\u00f3 szentmis\u00e9je, melyet Ferenc p\u00e1pa celebr\u00e1l a H\u0151s\u00f6k ter\u00e9n. Erre\naz alkalomra zar\u00e1ndok buszt szervez\u00fcnk. Jelentkezni Gelencs\u00e9r R\u00f3bert vil\u00e1gi\neln\u00f6kn\u00e9l lehet.<\/li><\/ol>\n","protected":false},"excerpt":{"rendered":"<p>Ma van az \u00e9vk\u00f6zi 16. vas\u00e1rnap. P\u00e9nteken 17.30 \u00f3rakor szents\u00e9gim\u00e1d\u00e1s, 18 \u00f3rakor szentmise. Szombaton 18 \u00f3rakor lesz szentmise. A ny\u00e1ri id\u0151szakban, amikor am\u00fagy is visszaesik a templombaj\u00e1r\u00f3k sz\u00e1ma, a B. Gizella templomban \u00e9s a gombai templomban felv\u00e1ltva lesz vas\u00e1rnapi szentmise. A lelki adopt\u00e1l\u00e1s j\u00faliusi k\u00f6z\u00f6s im\u00e1ds\u00e1ga j\u00falius 23-\u00e1n, p\u00e9nteken 17.15-t\u00f3l lesz a pl\u00e9b\u00e1niatemplomban. Szeptember 12-\u00e9n lesz az Eucharisztikus Kongresszus z\u00e1r\u00f3 szentmis\u00e9je, melyet Ferenc p\u00e1pa celebr\u00e1l a H\u0151s\u00f6k ter\u00e9n. Erre az alkalomra zar\u00e1ndok buszt szervez\u00fcnk. Jelentkezni Gelencs\u00e9r R\u00f3bert vil\u00e1gi eln\u00f6kn\u00e9l lehet.<\/p>\n","protected":false},"author":2,"featured_media":0,"comment_status":"closed","ping_status":"open","sticky":false,"template":"","format":"standard","meta":{"footnotes":""},"categories":[1],"tags":[],"class_list":["post-2724","post","type-post","status-publish","format-standard","hentry","category-egyeb"],"_links":{"self":[{"href":"https:\/\/marcali.plebania.hu\/index.php?rest_route=\/wp\/v2\/posts\/2724","targetHints":{"allow":["GET"]}}],"collection":[{"href":"https:\/\/marcali.plebania.hu\/index.php?rest_route=\/wp\/v2\/posts"}],"about":[{"href":"https:\/\/marcali.plebania.hu\/index.php?rest_route=\/wp\/v2\/types\/post"}],"author":[{"embeddable":true,"href":"https:\/\/marcali.plebania.hu\/index.php?rest_route=\/wp\/v2\/users\/2"}],"replies":[{"embeddable":true,"href":"https:\/\/marcali.plebania.hu\/index.php?rest_route=%2Fwp%2Fv2%2Fcomments&post=2724"}],"version-history":[{"count":1,"href":"https:\/\/marcali.plebania.hu\/index.php?rest_route=\/wp\/v2\/posts\/2724\/revisions"}],"predecessor-version":[{"id":2725,"href":"https:\/\/marcali.plebania.hu\/index.php?rest_route=\/wp\/v2\/posts\/2724\/revisions\/2725"}],"wp:attachment":[{"href":"https:\/\/marcali.plebania.hu\/index.php?rest_route=%2Fwp%2Fv2%2Fmedia&parent=2724"}],"wp:term":[{"taxonomy":"category","embeddable":true,"href":"https:\/\/marcali.plebania.hu\/index.php?rest_route=%2Fwp%2Fv2%2Fcategories&post=2724"},{"taxonomy":"post_tag","embeddable":true,"href":"https:\/\/marcali.plebania.hu\/index.php?rest_route=%2Fwp%2Fv2%2Ftags&post=2724"}],"curies":[{"name":"wp","href":"https:\/\/api.w.org\/{rel}","templated":true}]}}