{"id":2727,"date":"2021-07-23T07:37:23","date_gmt":"2021-07-23T07:37:23","guid":{"rendered":"https:\/\/marcali.plebania.hu\/?p=2727"},"modified":"2021-07-23T07:37:23","modified_gmt":"2021-07-23T07:37:23","slug":"hirdetesek-2021-07-25","status":"publish","type":"post","link":"https:\/\/marcali.plebania.hu\/?p=2727","title":{"rendered":"Hirdet\u00e9sek, 2021. 07. 25."},"content":{"rendered":"\n<ol class=\"wp-block-list\"><li>Ma van az \u00e9vk\u00f6zi 17. vas\u00e1rnap.<\/li><li>A j\u00f6v\u0151 h\u00e9ten csak d\u00e9lel\u0151tt lesz \u00fcgyf\u00e9lfogad\u00e1s a pl\u00e9b\u00e1ni\u00e1n 8.30 \u00e9s 12\n\u00f3ra k\u00f6z\u00f6tt. D\u00e9lut\u00e1nonk\u00e9nt nem lesz nyitva a hivatal.<\/li><li>P\u00e9nteken 17.30 \u00f3rakor szents\u00e9gim\u00e1d\u00e1s,\n18 \u00f3rakor igeliturgia.<\/li><li>Szombaton 18 \u00f3rakor lesz szentmise.<\/li><li>A ny\u00e1ri id\u0151szakban, amikor am\u00fagy is visszaesik\na templombaj\u00e1r\u00f3k sz\u00e1ma, a B. Gizella templomban \u00e9s a gombai templomban\nfelv\u00e1ltva lesz vas\u00e1rnapi szentmise.<\/li><li>Szeptember 12-\u00e9n lesz az Eucharisztikus\nKongresszus z\u00e1r\u00f3 szentmis\u00e9je, melyet Ferenc p\u00e1pa celebr\u00e1l a H\u0151s\u00f6k ter\u00e9n. Erre\naz alkalomra zar\u00e1ndok buszt szervez\u00fcnk. Jelentkezni Gelencs\u00e9r R\u00f3bert vil\u00e1gi\neln\u00f6kn\u00e9l lehet. <\/li><\/ol>\n","protected":false},"excerpt":{"rendered":"<p>Ma van az \u00e9vk\u00f6zi 17. vas\u00e1rnap. A j\u00f6v\u0151 h\u00e9ten csak d\u00e9lel\u0151tt lesz \u00fcgyf\u00e9lfogad\u00e1s a pl\u00e9b\u00e1ni\u00e1n 8.30 \u00e9s 12 \u00f3ra k\u00f6z\u00f6tt. D\u00e9lut\u00e1nonk\u00e9nt nem lesz nyitva a hivatal. P\u00e9nteken 17.30 \u00f3rakor szents\u00e9gim\u00e1d\u00e1s, 18 \u00f3rakor igeliturgia. Szombaton 18 \u00f3rakor lesz szentmise. A ny\u00e1ri id\u0151szakban, amikor am\u00fagy is visszaesik a templombaj\u00e1r\u00f3k sz\u00e1ma, a B. Gizella templomban \u00e9s a gombai templomban felv\u00e1ltva lesz vas\u00e1rnapi szentmise. Szeptember 12-\u00e9n lesz az Eucharisztikus Kongresszus z\u00e1r\u00f3 szentmis\u00e9je, melyet Ferenc p\u00e1pa celebr\u00e1l a H\u0151s\u00f6k ter\u00e9n. Erre az alkalomra zar\u00e1ndok buszt&#8230;<\/p>\n<p class=\"read-more\"><a class=\"btn btn-default\" href=\"https:\/\/marcali.plebania.hu\/?p=2727\"> Read More<span class=\"screen-reader-text\">  Read More<\/span><\/a><\/p>\n","protected":false},"author":2,"featured_media":0,"comment_status":"closed","ping_status":"open","sticky":false,"template":"","format":"standard","meta":{"footnotes":""},"categories":[1],"tags":[],"class_list":["post-2727","post","type-post","status-publish","format-standard","hentry","category-egyeb"],"_links":{"self":[{"href":"https:\/\/marcali.plebania.hu\/index.php?rest_route=\/wp\/v2\/posts\/2727","targetHints":{"allow":["GET"]}}],"collection":[{"href":"https:\/\/marcali.plebania.hu\/index.php?rest_route=\/wp\/v2\/posts"}],"about":[{"href":"https:\/\/marcali.plebania.hu\/index.php?rest_route=\/wp\/v2\/types\/post"}],"author":[{"embeddable":true,"href":"https:\/\/marcali.plebania.hu\/index.php?rest_route=\/wp\/v2\/users\/2"}],"replies":[{"embeddable":true,"href":"https:\/\/marcali.plebania.hu\/index.php?rest_route=%2Fwp%2Fv2%2Fcomments&post=2727"}],"version-history":[{"count":1,"href":"https:\/\/marcali.plebania.hu\/index.php?rest_route=\/wp\/v2\/posts\/2727\/revisions"}],"predecessor-version":[{"id":2728,"href":"https:\/\/marcali.plebania.hu\/index.php?rest_route=\/wp\/v2\/posts\/2727\/revisions\/2728"}],"wp:attachment":[{"href":"https:\/\/marcali.plebania.hu\/index.php?rest_route=%2Fwp%2Fv2%2Fmedia&parent=2727"}],"wp:term":[{"taxonomy":"category","embeddable":true,"href":"https:\/\/marcali.plebania.hu\/index.php?rest_route=%2Fwp%2Fv2%2Fcategories&post=2727"},{"taxonomy":"post_tag","embeddable":true,"href":"https:\/\/marcali.plebania.hu\/index.php?rest_route=%2Fwp%2Fv2%2Ftags&post=2727"}],"curies":[{"name":"wp","href":"https:\/\/api.w.org\/{rel}","templated":true}]}}