{"id":2729,"date":"2021-07-30T09:55:54","date_gmt":"2021-07-30T09:55:54","guid":{"rendered":"https:\/\/marcali.plebania.hu\/?p=2729"},"modified":"2021-07-30T09:55:54","modified_gmt":"2021-07-30T09:55:54","slug":"szent-kristof-kozbenjarasat-kertek-a-kozlekedokre-ismet-megaldottak-a-jarmuveket-marcaliban","status":"publish","type":"post","link":"https:\/\/marcali.plebania.hu\/?p=2729","title":{"rendered":"Szent Krist\u00f3f k\u00f6zbenj\u00e1r\u00e1s\u00e1t k\u00e9rt\u00e9k a k\u00f6zleked\u0151kre. Ism\u00e9t meg\u00e1ldott\u00e1k a j\u00e1rm\u0171veket Marcaliban"},"content":{"rendered":"\n<p>2021. j\u00falius 25-\u00e9n, vas\u00e1rnap a 9 \u00f3r\u00e1s szentmis\u00e9t k\u00f6vet\u0151en \u2013 az el\u0151z\u0151 \u00e9vek hagyom\u00e1nyaihoz hasonl\u00f3an \u2013 az id\u00e9n is meg\u00e1ldott\u00e1k a ker\u00e9kp\u00e1rokat, j\u00e1rm\u0171veket \u00e9s g\u00e9pj\u00e1rm\u0171veket a Gy\u00fcm\u00f6lcsolt\u00f3 Boldogasszony pl\u00e9b\u00e1niatemplom el\u0151tti Boldog II. J\u00e1nos P\u00e1l p\u00e1pa \u00e9s a H\u0151s\u00f6k ter\u00e9n.<\/p>\n\n\n\n<figure class=\"wp-block-gallery columns-3 is-cropped wp-block-gallery-1 is-layout-flex wp-block-gallery-is-layout-flex\"><ul class=\"blocks-gallery-grid\"><li class=\"blocks-gallery-item\"><figure><img loading=\"lazy\" decoding=\"async\" width=\"640\" height=\"480\" src=\"https:\/\/marcali.plebania.hu\/wp-content\/uploads\/2021\/07\/IMG_0734.jpg\" alt=\"\" data-id=\"2731\" data-link=\"https:\/\/marcali.plebania.hu\/?attachment_id=2731\" class=\"wp-image-2731\" srcset=\"https:\/\/marcali.plebania.hu\/wp-content\/uploads\/2021\/07\/IMG_0734.jpg 640w, https:\/\/marcali.plebania.hu\/wp-content\/uploads\/2021\/07\/IMG_0734-300x225.jpg 300w, https:\/\/marcali.plebania.hu\/wp-content\/uploads\/2021\/07\/IMG_0734-360x270.jpg 360w\" sizes=\"auto, (max-width: 640px) 100vw, 640px\" \/><\/figure><\/li><li class=\"blocks-gallery-item\"><figure><img loading=\"lazy\" decoding=\"async\" width=\"640\" height=\"480\" src=\"https:\/\/marcali.plebania.hu\/wp-content\/uploads\/2021\/07\/IMG_0735.jpg\" alt=\"\" data-id=\"2732\" data-link=\"https:\/\/marcali.plebania.hu\/?attachment_id=2732\" class=\"wp-image-2732\" srcset=\"https:\/\/marcali.plebania.hu\/wp-content\/uploads\/2021\/07\/IMG_0735.jpg 640w, https:\/\/marcali.plebania.hu\/wp-content\/uploads\/2021\/07\/IMG_0735-300x225.jpg 300w, https:\/\/marcali.plebania.hu\/wp-content\/uploads\/2021\/07\/IMG_0735-360x270.jpg 360w\" sizes=\"auto, (max-width: 640px) 100vw, 640px\" \/><\/figure><\/li><li class=\"blocks-gallery-item\"><figure><img loading=\"lazy\" decoding=\"async\" width=\"640\" height=\"480\" src=\"https:\/\/marcali.plebania.hu\/wp-content\/uploads\/2021\/07\/IMG_0737.jpg\" alt=\"\" data-id=\"2733\" data-link=\"https:\/\/marcali.plebania.hu\/?attachment_id=2733\" class=\"wp-image-2733\" srcset=\"https:\/\/marcali.plebania.hu\/wp-content\/uploads\/2021\/07\/IMG_0737.jpg 640w, https:\/\/marcali.plebania.hu\/wp-content\/uploads\/2021\/07\/IMG_0737-300x225.jpg 300w, https:\/\/marcali.plebania.hu\/wp-content\/uploads\/2021\/07\/IMG_0737-360x270.jpg 360w\" sizes=\"auto, (max-width: 640px) 100vw, 640px\" \/><\/figure><\/li><li class=\"blocks-gallery-item\"><figure><img loading=\"lazy\" decoding=\"async\" width=\"640\" height=\"480\" src=\"https:\/\/marcali.plebania.hu\/wp-content\/uploads\/2021\/07\/IMG_0739.jpg\" alt=\"\" data-id=\"2734\" data-full-url=\"https:\/\/marcali.plebania.hu\/wp-content\/uploads\/2021\/07\/IMG_0739.jpg\" data-link=\"https:\/\/marcali.plebania.hu\/?attachment_id=2734\" class=\"wp-image-2734\" srcset=\"https:\/\/marcali.plebania.hu\/wp-content\/uploads\/2021\/07\/IMG_0739.jpg 640w, https:\/\/marcali.plebania.hu\/wp-content\/uploads\/2021\/07\/IMG_0739-300x225.jpg 300w, https:\/\/marcali.plebania.hu\/wp-content\/uploads\/2021\/07\/IMG_0739-360x270.jpg 360w\" sizes=\"auto, (max-width: 640px) 100vw, 640px\" \/><\/figure><\/li><\/ul><\/figure>\n\n\n\n<p>Kiss Iv\u00e1n c. pr\u00e9post-pl\u00e9b\u00e1nos betegs\u00e9ge miatt a szertart\u00e1st ez\u00fattal Galambos Ferenc mesztegny\u0151i pl\u00e9b\u00e1nos tartotta, aki a h\u00edvekkel egy\u00fctt im\u00e1dkozott az \u00faton l\u00e9v\u0151k\u00e9rt \u00e9s a balesetmentes k\u00f6zleked\u00e9s\u00e9rt.<\/p>\n\n\n\n<figure class=\"wp-block-gallery columns-3 is-cropped wp-block-gallery-2 is-layout-flex wp-block-gallery-is-layout-flex\"><ul class=\"blocks-gallery-grid\"><li class=\"blocks-gallery-item\"><figure><img loading=\"lazy\" decoding=\"async\" width=\"640\" height=\"480\" src=\"https:\/\/marcali.plebania.hu\/wp-content\/uploads\/2021\/07\/IMG_0738.jpg\" alt=\"\" data-id=\"2735\" data-link=\"https:\/\/marcali.plebania.hu\/?attachment_id=2735\" class=\"wp-image-2735\" srcset=\"https:\/\/marcali.plebania.hu\/wp-content\/uploads\/2021\/07\/IMG_0738.jpg 640w, https:\/\/marcali.plebania.hu\/wp-content\/uploads\/2021\/07\/IMG_0738-300x225.jpg 300w, https:\/\/marcali.plebania.hu\/wp-content\/uploads\/2021\/07\/IMG_0738-360x270.jpg 360w\" sizes=\"auto, (max-width: 640px) 100vw, 640px\" \/><\/figure><\/li><li class=\"blocks-gallery-item\"><figure><img loading=\"lazy\" decoding=\"async\" width=\"640\" height=\"480\" src=\"https:\/\/marcali.plebania.hu\/wp-content\/uploads\/2021\/07\/IMG_0740.jpg\" alt=\"\" data-id=\"2736\" data-link=\"https:\/\/marcali.plebania.hu\/?attachment_id=2736\" class=\"wp-image-2736\" srcset=\"https:\/\/marcali.plebania.hu\/wp-content\/uploads\/2021\/07\/IMG_0740.jpg 640w, https:\/\/marcali.plebania.hu\/wp-content\/uploads\/2021\/07\/IMG_0740-300x225.jpg 300w, https:\/\/marcali.plebania.hu\/wp-content\/uploads\/2021\/07\/IMG_0740-360x270.jpg 360w\" sizes=\"auto, (max-width: 640px) 100vw, 640px\" \/><\/figure><\/li><li class=\"blocks-gallery-item\"><figure><img loading=\"lazy\" decoding=\"async\" width=\"640\" height=\"480\" src=\"https:\/\/marcali.plebania.hu\/wp-content\/uploads\/2021\/07\/IMG_0742.jpg\" alt=\"\" data-id=\"2737\" data-link=\"https:\/\/marcali.plebania.hu\/?attachment_id=2737\" class=\"wp-image-2737\" srcset=\"https:\/\/marcali.plebania.hu\/wp-content\/uploads\/2021\/07\/IMG_0742.jpg 640w, https:\/\/marcali.plebania.hu\/wp-content\/uploads\/2021\/07\/IMG_0742-300x225.jpg 300w, https:\/\/marcali.plebania.hu\/wp-content\/uploads\/2021\/07\/IMG_0742-360x270.jpg 360w\" sizes=\"auto, (max-width: 640px) 100vw, 640px\" \/><\/figure><\/li><li class=\"blocks-gallery-item\"><figure><img loading=\"lazy\" decoding=\"async\" width=\"640\" height=\"480\" src=\"https:\/\/marcali.plebania.hu\/wp-content\/uploads\/2021\/07\/IMG_0745.jpg\" alt=\"\" data-id=\"2738\" data-full-url=\"https:\/\/marcali.plebania.hu\/wp-content\/uploads\/2021\/07\/IMG_0745.jpg\" data-link=\"https:\/\/marcali.plebania.hu\/?attachment_id=2738\" class=\"wp-image-2738\" srcset=\"https:\/\/marcali.plebania.hu\/wp-content\/uploads\/2021\/07\/IMG_0745.jpg 640w, https:\/\/marcali.plebania.hu\/wp-content\/uploads\/2021\/07\/IMG_0745-300x225.jpg 300w, https:\/\/marcali.plebania.hu\/wp-content\/uploads\/2021\/07\/IMG_0745-360x270.jpg 360w\" sizes=\"auto, (max-width: 640px) 100vw, 640px\" \/><\/figure><\/li><\/ul><\/figure>\n\n\n\n<p>Szent Krist\u00f3fot ugyanis ezen a napon \u00fcnneplik a Katolikus Egyh\u00e1zban, aki az utasok, v\u00e1ndorok, haj\u00f3sok v\u00e9d\u0151szentje; a tizenn\u00e9gy seg\u00edt\u0151 szent egyike, a n\u00e9pies vall\u00e1soss\u00e1g egyik legn\u00e9pszer\u0171bb alakja. A Magyar Aut\u00f3klub is r\u00f3la nevezte el azt a d\u00edjat, amelynek bronz, ez\u00fcst \u00e9s arany fokozat\u00e1val jutalmazza azokat, akik legt\u00f6bbet tettek a biztons\u00e1gos k\u00f6zleked\u00e9s\u00e9rt. \u00c9ppen ez\u00e9rt az aut\u00f3sok \u00e9s motorosok k\u00f6z\u00fcl sokan magukn\u00e1l tartj\u00e1k Szent Krist\u00f3f portr\u00e9j\u00e1t. A legismertebb \u00e1br\u00e1zol\u00e1sa, amikor a kis J\u00e9zust viszi a v\u00e1ll\u00e1n egy foly\u00f3n \u00e1t.<\/p>\n\n\n\n<figure class=\"wp-block-gallery columns-3 is-cropped wp-block-gallery-3 is-layout-flex wp-block-gallery-is-layout-flex\"><ul class=\"blocks-gallery-grid\"><li class=\"blocks-gallery-item\"><figure><img loading=\"lazy\" decoding=\"async\" width=\"640\" height=\"480\" src=\"https:\/\/marcali.plebania.hu\/wp-content\/uploads\/2021\/07\/IMG_0746.jpg\" alt=\"\" data-id=\"2739\" data-link=\"https:\/\/marcali.plebania.hu\/?attachment_id=2739\" class=\"wp-image-2739\" srcset=\"https:\/\/marcali.plebania.hu\/wp-content\/uploads\/2021\/07\/IMG_0746.jpg 640w, https:\/\/marcali.plebania.hu\/wp-content\/uploads\/2021\/07\/IMG_0746-300x225.jpg 300w, https:\/\/marcali.plebania.hu\/wp-content\/uploads\/2021\/07\/IMG_0746-360x270.jpg 360w\" sizes=\"auto, (max-width: 640px) 100vw, 640px\" \/><\/figure><\/li><li class=\"blocks-gallery-item\"><figure><img loading=\"lazy\" decoding=\"async\" width=\"640\" height=\"480\" src=\"https:\/\/marcali.plebania.hu\/wp-content\/uploads\/2021\/07\/IMG_0747.jpg\" alt=\"\" data-id=\"2740\" data-link=\"https:\/\/marcali.plebania.hu\/?attachment_id=2740\" class=\"wp-image-2740\" srcset=\"https:\/\/marcali.plebania.hu\/wp-content\/uploads\/2021\/07\/IMG_0747.jpg 640w, https:\/\/marcali.plebania.hu\/wp-content\/uploads\/2021\/07\/IMG_0747-300x225.jpg 300w, https:\/\/marcali.plebania.hu\/wp-content\/uploads\/2021\/07\/IMG_0747-360x270.jpg 360w\" sizes=\"auto, (max-width: 640px) 100vw, 640px\" \/><\/figure><\/li><li class=\"blocks-gallery-item\"><figure><img loading=\"lazy\" decoding=\"async\" width=\"640\" height=\"480\" src=\"https:\/\/marcali.plebania.hu\/wp-content\/uploads\/2021\/07\/IMG_0748.jpg\" alt=\"\" data-id=\"2741\" data-link=\"https:\/\/marcali.plebania.hu\/?attachment_id=2741\" class=\"wp-image-2741\" srcset=\"https:\/\/marcali.plebania.hu\/wp-content\/uploads\/2021\/07\/IMG_0748.jpg 640w, https:\/\/marcali.plebania.hu\/wp-content\/uploads\/2021\/07\/IMG_0748-300x225.jpg 300w, https:\/\/marcali.plebania.hu\/wp-content\/uploads\/2021\/07\/IMG_0748-360x270.jpg 360w\" sizes=\"auto, (max-width: 640px) 100vw, 640px\" \/><\/figure><\/li><li class=\"blocks-gallery-item\"><figure><img loading=\"lazy\" decoding=\"async\" width=\"640\" height=\"480\" src=\"https:\/\/marcali.plebania.hu\/wp-content\/uploads\/2021\/07\/IMG_0753.jpg\" alt=\"\" data-id=\"2742\" data-full-url=\"https:\/\/marcali.plebania.hu\/wp-content\/uploads\/2021\/07\/IMG_0753.jpg\" data-link=\"https:\/\/marcali.plebania.hu\/?attachment_id=2742\" class=\"wp-image-2742\" srcset=\"https:\/\/marcali.plebania.hu\/wp-content\/uploads\/2021\/07\/IMG_0753.jpg 640w, https:\/\/marcali.plebania.hu\/wp-content\/uploads\/2021\/07\/IMG_0753-300x225.jpg 300w, https:\/\/marcali.plebania.hu\/wp-content\/uploads\/2021\/07\/IMG_0753-360x270.jpg 360w\" sizes=\"auto, (max-width: 640px) 100vw, 640px\" \/><\/figure><\/li><\/ul><\/figure>\n\n\n\n<p>Ferenc atya a\nszentmis\u00e9n kihirdette, hogy a k\u00f6vetkez\u0151 vas\u00e1rnap is meg\u00e1ldja azokat a\nj\u00e1rm\u0171veket, amelyeket most nem hoztak el erre az alkalomra.<\/p>\n","protected":false},"excerpt":{"rendered":"<p>2021. j\u00falius 25-\u00e9n, vas\u00e1rnap a 9 \u00f3r\u00e1s szentmis\u00e9t k\u00f6vet\u0151en \u2013 az el\u0151z\u0151 \u00e9vek hagyom\u00e1nyaihoz hasonl\u00f3an \u2013 az id\u00e9n is meg\u00e1ldott\u00e1k a ker\u00e9kp\u00e1rokat, j\u00e1rm\u0171veket \u00e9s g\u00e9pj\u00e1rm\u0171veket a Gy\u00fcm\u00f6lcsolt\u00f3 Boldogasszony pl\u00e9b\u00e1niatemplom el\u0151tti Boldog II. J\u00e1nos P\u00e1l p\u00e1pa \u00e9s a H\u0151s\u00f6k ter\u00e9n. Kiss Iv\u00e1n c. pr\u00e9post-pl\u00e9b\u00e1nos betegs\u00e9ge miatt a szertart\u00e1st ez\u00fattal Galambos Ferenc mesztegny\u0151i pl\u00e9b\u00e1nos tartotta, aki a h\u00edvekkel egy\u00fctt im\u00e1dkozott az \u00faton l\u00e9v\u0151k\u00e9rt \u00e9s a balesetmentes k\u00f6zleked\u00e9s\u00e9rt. Szent Krist\u00f3fot ugyanis ezen a napon \u00fcnneplik a Katolikus Egyh\u00e1zban, aki az utasok, v\u00e1ndorok, haj\u00f3sok&#8230;<\/p>\n<p class=\"read-more\"><a class=\"btn btn-default\" href=\"https:\/\/marcali.plebania.hu\/?p=2729\"> Read More<span class=\"screen-reader-text\">  Read More<\/span><\/a><\/p>\n","protected":false},"author":2,"featured_media":0,"comment_status":"closed","ping_status":"open","sticky":false,"template":"","format":"standard","meta":{"footnotes":""},"categories":[1],"tags":[],"class_list":["post-2729","post","type-post","status-publish","format-standard","hentry","category-egyeb"],"_links":{"self":[{"href":"https:\/\/marcali.plebania.hu\/index.php?rest_route=\/wp\/v2\/posts\/2729","targetHints":{"allow":["GET"]}}],"collection":[{"href":"https:\/\/marcali.plebania.hu\/index.php?rest_route=\/wp\/v2\/posts"}],"about":[{"href":"https:\/\/marcali.plebania.hu\/index.php?rest_route=\/wp\/v2\/types\/post"}],"author":[{"embeddable":true,"href":"https:\/\/marcali.plebania.hu\/index.php?rest_route=\/wp\/v2\/users\/2"}],"replies":[{"embeddable":true,"href":"https:\/\/marcali.plebania.hu\/index.php?rest_route=%2Fwp%2Fv2%2Fcomments&post=2729"}],"version-history":[{"count":1,"href":"https:\/\/marcali.plebania.hu\/index.php?rest_route=\/wp\/v2\/posts\/2729\/revisions"}],"predecessor-version":[{"id":2743,"href":"https:\/\/marcali.plebania.hu\/index.php?rest_route=\/wp\/v2\/posts\/2729\/revisions\/2743"}],"wp:attachment":[{"href":"https:\/\/marcali.plebania.hu\/index.php?rest_route=%2Fwp%2Fv2%2Fmedia&parent=2729"}],"wp:term":[{"taxonomy":"category","embeddable":true,"href":"https:\/\/marcali.plebania.hu\/index.php?rest_route=%2Fwp%2Fv2%2Fcategories&post=2729"},{"taxonomy":"post_tag","embeddable":true,"href":"https:\/\/marcali.plebania.hu\/index.php?rest_route=%2Fwp%2Fv2%2Ftags&post=2729"}],"curies":[{"name":"wp","href":"https:\/\/api.w.org\/{rel}","templated":true}]}}