{"id":2744,"date":"2021-07-30T09:56:27","date_gmt":"2021-07-30T09:56:27","guid":{"rendered":"https:\/\/marcali.plebania.hu\/?p=2744"},"modified":"2021-07-30T09:56:27","modified_gmt":"2021-07-30T09:56:27","slug":"hirdetesek-2021-08-01","status":"publish","type":"post","link":"https:\/\/marcali.plebania.hu\/?p=2744","title":{"rendered":"Hirdet\u00e9sek, 2021. 08. 01."},"content":{"rendered":"\n<ol class=\"wp-block-list\"><li>Ma van az \u00e9vk\u00f6zi 18. vas\u00e1rnap.<\/li><li>A j\u00f6v\u0151 h\u00e9ten csak d\u00e9lel\u0151tt lesz \u00fcgyf\u00e9lfogad\u00e1s\na pl\u00e9b\u00e1ni\u00e1n 8.30 \u00e9s 12 \u00f3ra k\u00f6z\u00f6tt. D\u00e9lut\u00e1nonk\u00e9nt nem lesz nyitva a hivatal.<\/li><li>P\u00e9nteken 17.30 \u00f3rakor szents\u00e9gim\u00e1d\u00e1s,\n18 \u00f3rakor igeliturgia.<\/li><li>Szombaton 17 \u00f3r\u00e1t\u00f3l lesz els\u0151 p\u00e9nteki\ngy\u00f3ntat\u00e1s, 18 \u00f3rakor szentmise.<\/li><li>A ny\u00e1ri id\u0151szakban, amikor am\u00fagy is\nvisszaesik a templombaj\u00e1r\u00f3k sz\u00e1ma, a B. Gizella templomban \u00e9s a gombai\ntemplomban felv\u00e1ltva lesz vas\u00e1rnapi szentmise.<\/li><li>Szeptember 12-\u00e9n lesz az\nEucharisztikus Kongresszus z\u00e1r\u00f3 szentmis\u00e9je, melyet Ferenc p\u00e1pa celebr\u00e1l a\nH\u0151s\u00f6k ter\u00e9n. Erre az alkalomra zar\u00e1ndok buszt szervez\u00fcnk. Jelentkezni Gelencs\u00e9r\nR\u00f3bert vil\u00e1gi eln\u00f6kn\u00e9l lehet.<\/li><li>Megk\u00f6sz\u00f6nj\u00fck S\u00e1ndor \u00c1rp\u00e1d \u00e9s testv\u00e9re\nk\u00f6zrem\u0171k\u00f6d\u00e9s\u00e9t, akik a m\u00faltkori vihark\u00e1r miatt elromlott harangok jav\u00edt\u00e1si\nmunk\u00e1it v\u00e9gezt\u00e9k.<\/li><\/ol>\n","protected":false},"excerpt":{"rendered":"<p>Ma van az \u00e9vk\u00f6zi 18. vas\u00e1rnap. A j\u00f6v\u0151 h\u00e9ten csak d\u00e9lel\u0151tt lesz \u00fcgyf\u00e9lfogad\u00e1s a pl\u00e9b\u00e1ni\u00e1n 8.30 \u00e9s 12 \u00f3ra k\u00f6z\u00f6tt. D\u00e9lut\u00e1nonk\u00e9nt nem lesz nyitva a hivatal. P\u00e9nteken 17.30 \u00f3rakor szents\u00e9gim\u00e1d\u00e1s, 18 \u00f3rakor igeliturgia. Szombaton 17 \u00f3r\u00e1t\u00f3l lesz els\u0151 p\u00e9nteki gy\u00f3ntat\u00e1s, 18 \u00f3rakor szentmise. A ny\u00e1ri id\u0151szakban, amikor am\u00fagy is visszaesik a templombaj\u00e1r\u00f3k sz\u00e1ma, a B. Gizella templomban \u00e9s a gombai templomban felv\u00e1ltva lesz vas\u00e1rnapi szentmise. Szeptember 12-\u00e9n lesz az Eucharisztikus Kongresszus z\u00e1r\u00f3 szentmis\u00e9je, melyet Ferenc p\u00e1pa celebr\u00e1l a H\u0151s\u00f6k ter\u00e9n&#8230;.<\/p>\n<p class=\"read-more\"><a class=\"btn btn-default\" href=\"https:\/\/marcali.plebania.hu\/?p=2744\"> Read More<span class=\"screen-reader-text\">  Read More<\/span><\/a><\/p>\n","protected":false},"author":2,"featured_media":0,"comment_status":"closed","ping_status":"open","sticky":false,"template":"","format":"standard","meta":{"footnotes":""},"categories":[1],"tags":[],"class_list":["post-2744","post","type-post","status-publish","format-standard","hentry","category-egyeb"],"_links":{"self":[{"href":"https:\/\/marcali.plebania.hu\/index.php?rest_route=\/wp\/v2\/posts\/2744","targetHints":{"allow":["GET"]}}],"collection":[{"href":"https:\/\/marcali.plebania.hu\/index.php?rest_route=\/wp\/v2\/posts"}],"about":[{"href":"https:\/\/marcali.plebania.hu\/index.php?rest_route=\/wp\/v2\/types\/post"}],"author":[{"embeddable":true,"href":"https:\/\/marcali.plebania.hu\/index.php?rest_route=\/wp\/v2\/users\/2"}],"replies":[{"embeddable":true,"href":"https:\/\/marcali.plebania.hu\/index.php?rest_route=%2Fwp%2Fv2%2Fcomments&post=2744"}],"version-history":[{"count":1,"href":"https:\/\/marcali.plebania.hu\/index.php?rest_route=\/wp\/v2\/posts\/2744\/revisions"}],"predecessor-version":[{"id":2745,"href":"https:\/\/marcali.plebania.hu\/index.php?rest_route=\/wp\/v2\/posts\/2744\/revisions\/2745"}],"wp:attachment":[{"href":"https:\/\/marcali.plebania.hu\/index.php?rest_route=%2Fwp%2Fv2%2Fmedia&parent=2744"}],"wp:term":[{"taxonomy":"category","embeddable":true,"href":"https:\/\/marcali.plebania.hu\/index.php?rest_route=%2Fwp%2Fv2%2Fcategories&post=2744"},{"taxonomy":"post_tag","embeddable":true,"href":"https:\/\/marcali.plebania.hu\/index.php?rest_route=%2Fwp%2Fv2%2Ftags&post=2744"}],"curies":[{"name":"wp","href":"https:\/\/api.w.org\/{rel}","templated":true}]}}