{"id":2747,"date":"2021-08-06T09:49:58","date_gmt":"2021-08-06T09:49:58","guid":{"rendered":"https:\/\/marcali.plebania.hu\/?p=2747"},"modified":"2021-08-06T09:49:58","modified_gmt":"2021-08-06T09:49:58","slug":"hirdetesek-2021-08-08","status":"publish","type":"post","link":"https:\/\/marcali.plebania.hu\/?p=2747","title":{"rendered":"Hirdet\u00e9sek, 2021. 08. 08."},"content":{"rendered":"\n<ol class=\"wp-block-list\"><li>Ma\nvan az \u00e9vk\u00f6zi 19. vas\u00e1rnap.<\/li><li>P\u00e9nteken,\naugusztus 13-\u00e1n 17 \u00f3rakor fatimai ima\u00f3r\u00e1t tartunk, ut\u00e1na igeliturgia.<\/li><li>J\u00f6v\u0151\nvas\u00e1rnap Nagyboldogasszony \u00fcnnepe, a szombati el\u0151esti \u00fcnnepi szentmis\u00e9n is\nNagyboldogasszonyt \u00fcnnepelj\u00fck.<\/li><li>Mivel\nCsatl\u00f3s Istv\u00e1n inkei pl\u00e9b\u00e1nos atya jelentkezett, hogy szeretne a Marcali\nlelkip\u00e1sztori munk\u00e1ba bekapcsol\u00f3dni, ez\u00e9rt a vas\u00e1rnapi esti B. Gizella templomi\nszentmis\u00e9ket \u00e1tv\u00e1llalja. Ez\u00e9rt a tov\u00e1bbi int\u00e9zked\u00e9sig minden vas\u00e1rnap este lesz\nszentmise a B. Gizella templomban.<\/li><li>Az\nEukarisztikus Kongresszusra val\u00f3 jelentkez\u00e9s lez\u00e1rult, 35-en jelentkeztek. A\npl\u00e9b\u00e1nia az \u00fatik\u00f6lts\u00e9g fel\u00e9t \u00e1tv\u00e1llalja, \u00edgy a h\u00edveknek mind\u00f6ssze 2500- Ft-ot\nkell majd befizetni\u00fck.<\/li><li>A\nj\u00f6v\u0151 h\u00e9ten csak d\u00e9lel\u0151tt lesz \u00fcgyf\u00e9lfogad\u00e1s a pl\u00e9b\u00e1ni\u00e1n 10 \u00e9s 12 \u00f3ra k\u00f6z\u00f6tt.\nD\u00e9lut\u00e1nonk\u00e9nt nem lesz nyitva a hivatal.<\/li><\/ol>\n","protected":false},"excerpt":{"rendered":"<p>Ma van az \u00e9vk\u00f6zi 19. vas\u00e1rnap. P\u00e9nteken, augusztus 13-\u00e1n 17 \u00f3rakor fatimai ima\u00f3r\u00e1t tartunk, ut\u00e1na igeliturgia. J\u00f6v\u0151 vas\u00e1rnap Nagyboldogasszony \u00fcnnepe, a szombati el\u0151esti \u00fcnnepi szentmis\u00e9n is Nagyboldogasszonyt \u00fcnnepelj\u00fck. Mivel Csatl\u00f3s Istv\u00e1n inkei pl\u00e9b\u00e1nos atya jelentkezett, hogy szeretne a Marcali lelkip\u00e1sztori munk\u00e1ba bekapcsol\u00f3dni, ez\u00e9rt a vas\u00e1rnapi esti B. Gizella templomi szentmis\u00e9ket \u00e1tv\u00e1llalja. Ez\u00e9rt a tov\u00e1bbi int\u00e9zked\u00e9sig minden vas\u00e1rnap este lesz szentmise a B. Gizella templomban. Az Eukarisztikus Kongresszusra val\u00f3 jelentkez\u00e9s lez\u00e1rult, 35-en jelentkeztek. A pl\u00e9b\u00e1nia az \u00fatik\u00f6lts\u00e9g fel\u00e9t \u00e1tv\u00e1llalja, \u00edgy a&#8230;<\/p>\n<p class=\"read-more\"><a class=\"btn btn-default\" href=\"https:\/\/marcali.plebania.hu\/?p=2747\"> Read More<span class=\"screen-reader-text\">  Read More<\/span><\/a><\/p>\n","protected":false},"author":2,"featured_media":0,"comment_status":"closed","ping_status":"open","sticky":false,"template":"","format":"standard","meta":{"footnotes":""},"categories":[1],"tags":[],"class_list":["post-2747","post","type-post","status-publish","format-standard","hentry","category-egyeb"],"_links":{"self":[{"href":"https:\/\/marcali.plebania.hu\/index.php?rest_route=\/wp\/v2\/posts\/2747","targetHints":{"allow":["GET"]}}],"collection":[{"href":"https:\/\/marcali.plebania.hu\/index.php?rest_route=\/wp\/v2\/posts"}],"about":[{"href":"https:\/\/marcali.plebania.hu\/index.php?rest_route=\/wp\/v2\/types\/post"}],"author":[{"embeddable":true,"href":"https:\/\/marcali.plebania.hu\/index.php?rest_route=\/wp\/v2\/users\/2"}],"replies":[{"embeddable":true,"href":"https:\/\/marcali.plebania.hu\/index.php?rest_route=%2Fwp%2Fv2%2Fcomments&post=2747"}],"version-history":[{"count":1,"href":"https:\/\/marcali.plebania.hu\/index.php?rest_route=\/wp\/v2\/posts\/2747\/revisions"}],"predecessor-version":[{"id":2748,"href":"https:\/\/marcali.plebania.hu\/index.php?rest_route=\/wp\/v2\/posts\/2747\/revisions\/2748"}],"wp:attachment":[{"href":"https:\/\/marcali.plebania.hu\/index.php?rest_route=%2Fwp%2Fv2%2Fmedia&parent=2747"}],"wp:term":[{"taxonomy":"category","embeddable":true,"href":"https:\/\/marcali.plebania.hu\/index.php?rest_route=%2Fwp%2Fv2%2Fcategories&post=2747"},{"taxonomy":"post_tag","embeddable":true,"href":"https:\/\/marcali.plebania.hu\/index.php?rest_route=%2Fwp%2Fv2%2Ftags&post=2747"}],"curies":[{"name":"wp","href":"https:\/\/api.w.org\/{rel}","templated":true}]}}