{"id":275,"date":"2018-06-22T07:05:41","date_gmt":"2018-06-22T07:05:41","guid":{"rendered":"https:\/\/marcali.plebania.hu\/?p=275"},"modified":"2018-06-22T07:05:41","modified_gmt":"2018-06-22T07:05:41","slug":"hirdetesek-2018-06-24","status":"publish","type":"post","link":"https:\/\/marcali.plebania.hu\/?p=275","title":{"rendered":"Hirdet\u00e9sek, 2018. 06. 24."},"content":{"rendered":"<ol>\n<li>Ma Keresztel\u0151 Szent J\u00e1nos sz\u00fclet\u00e9s\u00e9nek \u00fcnnepe.<\/li>\n<li>A j\u00f6v\u0151 h\u00e9ten a pl\u00e9b\u00e1niatemplom fel\u00faj\u00edt\u00e1sa miatt a szentmis\u00e9k az elm\u00falt h\u00e9t rendj\u00e9nek megfelel\u0151en: keddt\u0151l-szombatig az X-h\u00e1z nagyterme, a vas\u00e1rnapi 9 \u00f3r\u00e1s szentmise a B. Gizella templomban lesz. A fel\u00faj\u00edt\u00e1s a tervek szerint halad.<\/li>\n<li>Az idei esztend\u0151ben is megrendezz\u00fck a hittanos gyermekek napk\u00f6zis t\u00e1bor\u00e1t, k\u00e9t turnusban: j\u00falius 9-t\u0151l \u00e9s 23-t\u00f3l kezd\u0151d\u0151 h\u00e9ten az X-h\u00e1z ter\u00fclet\u00e9n. A t\u00e1boroz\u00f3k sz\u00fcleinek j\u00falius 3-\u00e1n d\u00e9lut\u00e1n 5 \u00f3rakor sz\u00fcl\u0151i \u00e9rtekezletet tartunk az X-h\u00e1z nagyterm\u00e9ben. A t\u00e1borba jelentkezni m\u00e1r nem lehet. Mindkett\u0151 turnus megtelt.<\/li>\n<li>Szerd\u00e1n lesz Szent L\u00e1szl\u00f3 f\u0151\u00fcnnepe, szentmise 19 \u00f3rakor az X-h\u00e1zban.<\/li>\n<li>P\u00e9nteken Szent P\u00e9ter \u00e9s P\u00e1l apostolok f\u0151 \u00fcnnepe, este 19 \u00f3rakor az X-h\u00e1zban.<\/li>\n<li>A k\u00f6vetkez\u0151 vas\u00e1rnap a Szentsz\u00e9k jav\u00e1ra lesz P\u00e9ter-fill\u00e9r gy\u0171jt\u00e9s az orsz\u00e1g valamennyi katolikus templom\u00e1ban.<\/li>\n<\/ol>\n","protected":false},"excerpt":{"rendered":"<p>Ma Keresztel\u0151 Szent J\u00e1nos sz\u00fclet\u00e9s\u00e9nek \u00fcnnepe. A j\u00f6v\u0151 h\u00e9ten a pl\u00e9b\u00e1niatemplom fel\u00faj\u00edt\u00e1sa miatt a szentmis\u00e9k az elm\u00falt h\u00e9t rendj\u00e9nek megfelel\u0151en: keddt\u0151l-szombatig az X-h\u00e1z nagyterme, a vas\u00e1rnapi 9 \u00f3r\u00e1s szentmise a B. Gizella templomban lesz. A fel\u00faj\u00edt\u00e1s a tervek szerint halad. Az idei esztend\u0151ben is megrendezz\u00fck a hittanos gyermekek napk\u00f6zis t\u00e1bor\u00e1t, k\u00e9t turnusban: j\u00falius 9-t\u0151l \u00e9s 23-t\u00f3l kezd\u0151d\u0151 h\u00e9ten az X-h\u00e1z ter\u00fclet\u00e9n. A t\u00e1boroz\u00f3k sz\u00fcleinek j\u00falius 3-\u00e1n d\u00e9lut\u00e1n 5 \u00f3rakor sz\u00fcl\u0151i \u00e9rtekezletet tartunk az X-h\u00e1z nagyterm\u00e9ben. A t\u00e1borba jelentkezni m\u00e1r nem&#8230;<\/p>\n<p class=\"read-more\"><a class=\"btn btn-default\" href=\"https:\/\/marcali.plebania.hu\/?p=275\"> Read More<span class=\"screen-reader-text\">  Read More<\/span><\/a><\/p>\n","protected":false},"author":2,"featured_media":0,"comment_status":"closed","ping_status":"open","sticky":false,"template":"","format":"standard","meta":{"footnotes":""},"categories":[1],"tags":[],"class_list":["post-275","post","type-post","status-publish","format-standard","hentry","category-egyeb"],"_links":{"self":[{"href":"https:\/\/marcali.plebania.hu\/index.php?rest_route=\/wp\/v2\/posts\/275","targetHints":{"allow":["GET"]}}],"collection":[{"href":"https:\/\/marcali.plebania.hu\/index.php?rest_route=\/wp\/v2\/posts"}],"about":[{"href":"https:\/\/marcali.plebania.hu\/index.php?rest_route=\/wp\/v2\/types\/post"}],"author":[{"embeddable":true,"href":"https:\/\/marcali.plebania.hu\/index.php?rest_route=\/wp\/v2\/users\/2"}],"replies":[{"embeddable":true,"href":"https:\/\/marcali.plebania.hu\/index.php?rest_route=%2Fwp%2Fv2%2Fcomments&post=275"}],"version-history":[{"count":1,"href":"https:\/\/marcali.plebania.hu\/index.php?rest_route=\/wp\/v2\/posts\/275\/revisions"}],"predecessor-version":[{"id":276,"href":"https:\/\/marcali.plebania.hu\/index.php?rest_route=\/wp\/v2\/posts\/275\/revisions\/276"}],"wp:attachment":[{"href":"https:\/\/marcali.plebania.hu\/index.php?rest_route=%2Fwp%2Fv2%2Fmedia&parent=275"}],"wp:term":[{"taxonomy":"category","embeddable":true,"href":"https:\/\/marcali.plebania.hu\/index.php?rest_route=%2Fwp%2Fv2%2Fcategories&post=275"},{"taxonomy":"post_tag","embeddable":true,"href":"https:\/\/marcali.plebania.hu\/index.php?rest_route=%2Fwp%2Fv2%2Ftags&post=275"}],"curies":[{"name":"wp","href":"https:\/\/api.w.org\/{rel}","templated":true}]}}