{"id":2750,"date":"2021-08-13T21:11:41","date_gmt":"2021-08-13T21:11:41","guid":{"rendered":"https:\/\/marcali.plebania.hu\/?p=2750"},"modified":"2021-08-13T21:11:41","modified_gmt":"2021-08-13T21:11:41","slug":"hirdetesek-2021-08-15","status":"publish","type":"post","link":"https:\/\/marcali.plebania.hu\/?p=2750","title":{"rendered":"Hirdet\u00e9sek, 2021. 08. 15."},"content":{"rendered":"\n<ol class=\"wp-block-list\"><li>Ma Nagyboldogasszony \u00fcnnepe.<\/li><li>A h\u00e9ten, p\u00e9nteken lesz szent Istv\u00e1n kir\u00e1lyunk f\u0151\u00fcnnepe. \u00dcnnepi szentmise 10\n\u00f3rakor a Gy\u00fcm\u00f6lcsolt\u00f3 Boldogasszony templomban. A szentmise ut\u00e1n lesz az \u00faj\nkeny\u00e9r meg\u00e1ld\u00e1sa \u00e9s megszeg\u00e9se. A v\u00e1ros kenyer\u00e9hez a lisztet a k\u00e9thelyi Gazdak\u00f6r\nadta, akiknek k\u00fcl\u00f6n k\u00f6sz\u00f6netet mondunk.<\/li><li>P\u00e9nteken az esti szentmise elmarad.<\/li><li>P\u00e1pal\u00e1togat\u00e1s. Az Egyh\u00e1zk\u00f6zs\u00e9g \u00e1ltal szervezett busszal 36 szem\u00e9ly megy. K\u00fcl\u00f6n\ncsak az induljon \u00fatnak, aki regisztr\u00e1lt \u00e9s rendelkezik bel\u00e9p\u0151 jeggyel, ugyanis\na p\u00e1pai szentmis\u00e9re csak jeggyel lehet bel\u00e9pni, ami ugyan ingyenes, de\nsz\u00fcks\u00e9ges. Akinek jegyre van sz\u00fcks\u00e9ge, forduljon Gelencs\u00e9r R\u00f3berthez.<\/li><li>Mint a kedves h\u00edvek is l\u00e1tj\u00e1k, hogy elkezd\u0151d\u00f6tt szent II. J\u00e1nos P\u00e1l p\u00e1pa szobr\u00e1nak\n\u00e9p\u00edt\u00e9se, az alapot m\u00e1r lerakt\u00e1k, a m\u0171v\u00e9sz saj\u00e1t m\u0171hely\u00e9ben k\u00e9sz\u00edti alkot\u00e1s\u00e1t.\n\u00c1tad\u00e1sa \u0151sz folyam\u00e1n v\u00e1rhat\u00f3.<\/li><li>J\u00f6v\u0151 vas\u00e1rnapt\u00f3l kezdve a Boldog Gizella \u00e9s gombai templomban is lesz\nmindig szentmise.<\/li><\/ol>\n\n\n\n<p><\/p>\n","protected":false},"excerpt":{"rendered":"<p>Ma Nagyboldogasszony \u00fcnnepe. A h\u00e9ten, p\u00e9nteken lesz szent Istv\u00e1n kir\u00e1lyunk f\u0151\u00fcnnepe. \u00dcnnepi szentmise 10 \u00f3rakor a Gy\u00fcm\u00f6lcsolt\u00f3 Boldogasszony templomban. A szentmise ut\u00e1n lesz az \u00faj keny\u00e9r meg\u00e1ld\u00e1sa \u00e9s megszeg\u00e9se. A v\u00e1ros kenyer\u00e9hez a lisztet a k\u00e9thelyi Gazdak\u00f6r adta, akiknek k\u00fcl\u00f6n k\u00f6sz\u00f6netet mondunk. P\u00e9nteken az esti szentmise elmarad. P\u00e1pal\u00e1togat\u00e1s. Az Egyh\u00e1zk\u00f6zs\u00e9g \u00e1ltal szervezett busszal 36 szem\u00e9ly megy. K\u00fcl\u00f6n csak az induljon \u00fatnak, aki regisztr\u00e1lt \u00e9s rendelkezik bel\u00e9p\u0151 jeggyel, ugyanis a p\u00e1pai szentmis\u00e9re csak jeggyel lehet bel\u00e9pni, ami ugyan ingyenes, de sz\u00fcks\u00e9ges&#8230;.<\/p>\n<p class=\"read-more\"><a class=\"btn btn-default\" href=\"https:\/\/marcali.plebania.hu\/?p=2750\"> Read More<span class=\"screen-reader-text\">  Read More<\/span><\/a><\/p>\n","protected":false},"author":2,"featured_media":0,"comment_status":"closed","ping_status":"open","sticky":false,"template":"","format":"standard","meta":{"footnotes":""},"categories":[1],"tags":[],"class_list":["post-2750","post","type-post","status-publish","format-standard","hentry","category-egyeb"],"_links":{"self":[{"href":"https:\/\/marcali.plebania.hu\/index.php?rest_route=\/wp\/v2\/posts\/2750","targetHints":{"allow":["GET"]}}],"collection":[{"href":"https:\/\/marcali.plebania.hu\/index.php?rest_route=\/wp\/v2\/posts"}],"about":[{"href":"https:\/\/marcali.plebania.hu\/index.php?rest_route=\/wp\/v2\/types\/post"}],"author":[{"embeddable":true,"href":"https:\/\/marcali.plebania.hu\/index.php?rest_route=\/wp\/v2\/users\/2"}],"replies":[{"embeddable":true,"href":"https:\/\/marcali.plebania.hu\/index.php?rest_route=%2Fwp%2Fv2%2Fcomments&post=2750"}],"version-history":[{"count":1,"href":"https:\/\/marcali.plebania.hu\/index.php?rest_route=\/wp\/v2\/posts\/2750\/revisions"}],"predecessor-version":[{"id":2751,"href":"https:\/\/marcali.plebania.hu\/index.php?rest_route=\/wp\/v2\/posts\/2750\/revisions\/2751"}],"wp:attachment":[{"href":"https:\/\/marcali.plebania.hu\/index.php?rest_route=%2Fwp%2Fv2%2Fmedia&parent=2750"}],"wp:term":[{"taxonomy":"category","embeddable":true,"href":"https:\/\/marcali.plebania.hu\/index.php?rest_route=%2Fwp%2Fv2%2Fcategories&post=2750"},{"taxonomy":"post_tag","embeddable":true,"href":"https:\/\/marcali.plebania.hu\/index.php?rest_route=%2Fwp%2Fv2%2Ftags&post=2750"}],"curies":[{"name":"wp","href":"https:\/\/api.w.org\/{rel}","templated":true}]}}