{"id":2752,"date":"2021-08-19T09:49:01","date_gmt":"2021-08-19T09:49:01","guid":{"rendered":"https:\/\/marcali.plebania.hu\/?p=2752"},"modified":"2021-08-19T09:49:01","modified_gmt":"2021-08-19T09:49:01","slug":"hirdetesek-2021-08-20","status":"publish","type":"post","link":"https:\/\/marcali.plebania.hu\/?p=2752","title":{"rendered":"Hirdet\u00e9sek, 2021. 08. 20."},"content":{"rendered":"\n<ol class=\"wp-block-list\"><li>Ma Szent Istv\u00e1nt, Magyarorsz\u00e1g f\u0151v\u00e9d\u0151szentj\u00e9t\n\u00fcnnepelj\u00fck. Megk\u00f6sz\u00f6nj\u00fck a K\u00e9thelyi Gazdak\u00f6rnek a lisztet, melyb\u0151l a Tak\u00e1cs\nS\u00fct\u00f6de elk\u00e9sz\u00edtette a v\u00e1ros kenyer\u00e9t. (Ma az \u00e9vk\u00f6zi 21. vas\u00e1rnap van.)<\/li><li>Az Eukarisztikus Kongresszusra jelentkezettek\nGelencs\u00e9r R\u00f3bertn\u00e9l fizethetik be a buszk\u00f6lts\u00e9get (2.500- Ft). Az \u00fatik\u00f6lts\u00e9g\nm\u00e1sik r\u00e9sz\u00e9t a pl\u00e9b\u00e1nia \u00e1tv\u00e1llalja. Az egyh\u00e1zk\u00f6zs\u00e9g \u00e1ltal szervezett zar\u00e1ndokok\njegyet kapnak, mely arra jogos\u00edtja \u0151ket, hogy a megfelel\u0151 szektorban helyet\nfoglaljanak a Ferenc p\u00e1pa \u00e1ltal celebr\u00e1lt szentmis\u00e9n. Az egy\u00e9nileg utaz\u00f3knak\nregisztr\u00e1lni kell az Eukarisztikus Kongresszus honlapj\u00e1n \u00e9s \u0151k is jegyet\nkapnak, hogy r\u00e9szt vegyenek a p\u00e1pai mis\u00e9n. A p\u00e1pai mis\u00e9re biztons\u00e1gi okokb\u00f3l\nnem lehet bevinni semmi olyan t\u00e1rgyat, mellyel \u00fctni, v\u00e1gni, dobni lehet. Vizet\nvigy\u00fcnk magunkkal.<\/li><li>K\u00f6zeledik az \u00faj tan\u00e9v, melyben ism\u00e9t elkezd\u0151dik a hit-\n\u00e9s erk\u00f6lcstan oktat\u00e1s. Marcali iskol\u00e1iban 405 gyermek v\u00e1lasztotta a hit- \u00e9s\nerk\u00f6lcstant. Hitoktat\u00f3ink: dr. Gyulain\u00e9 Domj\u00e1n Zsuzsanna, Pozsonyin\u00e9 Kiss\nM\u00e1ria, Bojtorn\u00e9 Kir\u00e1ly M\u00e1rta \u00e9s Tombor Erzs\u00e9bet. A hittank\u00f6nyvek meg\u00e9rkeztek,\naz els\u0151 \u00f3r\u00e1n fogj\u00e1k kiosztani a hitoktat\u00f3k. A k\u00f6nyv id\u00e9n is ingyenes lesz.<\/li><li>Elk\u00e9sz\u00fclt a templom el\u0151tti t\u00e9ren, a tiszafa el\u0151tt\nSzent II. J\u00e1nos P\u00e1l p\u00e1pa leend\u0151 szobr\u00e1nak talapzata. A szobrot Sz\u00f3r\u00e1di Zsigmond\nszobr\u00e1szm\u0171v\u00e9sz k\u00e9sz\u00edti. El\u0151re l\u00e1that\u00f3lag szeptember h\u00f3napban k\u00e9sz lesz \u00e9s\nokt\u00f3berben tervezz\u00fck a meg\u00e1ld\u00e1s\u00e1t. K\u00f6sz\u00f6nj\u00fck mindazok adom\u00e1ny\u00e1t, akik\nhozz\u00e1j\u00e1rultak a k\u00f6lts\u00e9gekhez. A Marcali V\u00e1rosi \u00d6nkorm\u00e1nyzat 1,5 milli\u00f3\nforinttal t\u00e1mogatta a szobor elk\u00e9sz\u00edt\u00e9s\u00e9t.<\/li><li>A K\u00c9SZ Marcali Csoportja szeptember 25-\u00e9n\nzar\u00e1ndoklatot tervez Bodajk, M\u00f3r \u00e9s P\u00e1kozd \u00fatvonalon. Jelentkezni lehet S\u00e1voly\nAndre\u00e1n\u00e1l \u00e9s Kiss K\u00e1lm\u00e1nn\u00e1l.<\/li><\/ol>\n","protected":false},"excerpt":{"rendered":"<p>Ma Szent Istv\u00e1nt, Magyarorsz\u00e1g f\u0151v\u00e9d\u0151szentj\u00e9t \u00fcnnepelj\u00fck. Megk\u00f6sz\u00f6nj\u00fck a K\u00e9thelyi Gazdak\u00f6rnek a lisztet, melyb\u0151l a Tak\u00e1cs S\u00fct\u00f6de elk\u00e9sz\u00edtette a v\u00e1ros kenyer\u00e9t. (Ma az \u00e9vk\u00f6zi 21. vas\u00e1rnap van.) Az Eukarisztikus Kongresszusra jelentkezettek Gelencs\u00e9r R\u00f3bertn\u00e9l fizethetik be a buszk\u00f6lts\u00e9get (2.500- Ft). Az \u00fatik\u00f6lts\u00e9g m\u00e1sik r\u00e9sz\u00e9t a pl\u00e9b\u00e1nia \u00e1tv\u00e1llalja. Az egyh\u00e1zk\u00f6zs\u00e9g \u00e1ltal szervezett zar\u00e1ndokok jegyet kapnak, mely arra jogos\u00edtja \u0151ket, hogy a megfelel\u0151 szektorban helyet foglaljanak a Ferenc p\u00e1pa \u00e1ltal celebr\u00e1lt szentmis\u00e9n. Az egy\u00e9nileg utaz\u00f3knak regisztr\u00e1lni kell az Eukarisztikus Kongresszus honlapj\u00e1n \u00e9s \u0151k is&#8230;<\/p>\n<p class=\"read-more\"><a class=\"btn btn-default\" href=\"https:\/\/marcali.plebania.hu\/?p=2752\"> Read More<span class=\"screen-reader-text\">  Read More<\/span><\/a><\/p>\n","protected":false},"author":2,"featured_media":0,"comment_status":"closed","ping_status":"open","sticky":false,"template":"","format":"standard","meta":{"footnotes":""},"categories":[1],"tags":[],"class_list":["post-2752","post","type-post","status-publish","format-standard","hentry","category-egyeb"],"_links":{"self":[{"href":"https:\/\/marcali.plebania.hu\/index.php?rest_route=\/wp\/v2\/posts\/2752","targetHints":{"allow":["GET"]}}],"collection":[{"href":"https:\/\/marcali.plebania.hu\/index.php?rest_route=\/wp\/v2\/posts"}],"about":[{"href":"https:\/\/marcali.plebania.hu\/index.php?rest_route=\/wp\/v2\/types\/post"}],"author":[{"embeddable":true,"href":"https:\/\/marcali.plebania.hu\/index.php?rest_route=\/wp\/v2\/users\/2"}],"replies":[{"embeddable":true,"href":"https:\/\/marcali.plebania.hu\/index.php?rest_route=%2Fwp%2Fv2%2Fcomments&post=2752"}],"version-history":[{"count":1,"href":"https:\/\/marcali.plebania.hu\/index.php?rest_route=\/wp\/v2\/posts\/2752\/revisions"}],"predecessor-version":[{"id":2753,"href":"https:\/\/marcali.plebania.hu\/index.php?rest_route=\/wp\/v2\/posts\/2752\/revisions\/2753"}],"wp:attachment":[{"href":"https:\/\/marcali.plebania.hu\/index.php?rest_route=%2Fwp%2Fv2%2Fmedia&parent=2752"}],"wp:term":[{"taxonomy":"category","embeddable":true,"href":"https:\/\/marcali.plebania.hu\/index.php?rest_route=%2Fwp%2Fv2%2Fcategories&post=2752"},{"taxonomy":"post_tag","embeddable":true,"href":"https:\/\/marcali.plebania.hu\/index.php?rest_route=%2Fwp%2Fv2%2Ftags&post=2752"}],"curies":[{"name":"wp","href":"https:\/\/api.w.org\/{rel}","templated":true}]}}