{"id":2755,"date":"2021-08-24T07:33:06","date_gmt":"2021-08-24T07:33:06","guid":{"rendered":"https:\/\/marcali.plebania.hu\/?p=2755"},"modified":"2021-08-24T07:33:06","modified_gmt":"2021-08-24T07:33:06","slug":"szent-istvan-napi-unnepi-szentmise-es-kenyermegaldas-marcaliban","status":"publish","type":"post","link":"https:\/\/marcali.plebania.hu\/?p=2755","title":{"rendered":"Szent Istv\u00e1n-napi \u00fcnnepi szentmise \u00e9s keny\u00e9rmeg\u00e1ld\u00e1s Marcaliban"},"content":{"rendered":"\n<p>2021. augusztus 20-\u00e1n, p\u00e9nteken 10 \u00f3rakor a Gy\u00fcm\u00f6lcsolt\u00f3 Boldogasszony pl\u00e9b\u00e1niatemplomban \u00fcnnepi szentmis\u00e9vel eml\u00e9keztek az \u00e1llamalap\u00edt\u00f3 Szent Istv\u00e1n kir\u00e1lyra.<\/p>\n\n\n\n<figure class=\"wp-block-gallery columns-3 is-cropped wp-block-gallery-1 is-layout-flex wp-block-gallery-is-layout-flex\"><ul class=\"blocks-gallery-grid\"><li class=\"blocks-gallery-item\"><figure><img loading=\"lazy\" decoding=\"async\" width=\"1024\" height=\"683\" src=\"https:\/\/marcali.plebania.hu\/wp-content\/uploads\/2021\/08\/01-1024x683.jpg\" alt=\"\" data-id=\"2756\" data-link=\"https:\/\/marcali.plebania.hu\/?attachment_id=2756\" class=\"wp-image-2756\" srcset=\"https:\/\/marcali.plebania.hu\/wp-content\/uploads\/2021\/08\/01-1024x683.jpg 1024w, https:\/\/marcali.plebania.hu\/wp-content\/uploads\/2021\/08\/01-300x200.jpg 300w, https:\/\/marcali.plebania.hu\/wp-content\/uploads\/2021\/08\/01-768x512.jpg 768w, https:\/\/marcali.plebania.hu\/wp-content\/uploads\/2021\/08\/01-1536x1024.jpg 1536w, https:\/\/marcali.plebania.hu\/wp-content\/uploads\/2021\/08\/01-2048x1365.jpg 2048w, https:\/\/marcali.plebania.hu\/wp-content\/uploads\/2021\/08\/01-405x270.jpg 405w\" sizes=\"auto, (max-width: 1024px) 100vw, 1024px\" \/><\/figure><\/li><li class=\"blocks-gallery-item\"><figure><img loading=\"lazy\" decoding=\"async\" width=\"1024\" height=\"683\" src=\"https:\/\/marcali.plebania.hu\/wp-content\/uploads\/2021\/08\/04-1024x683.jpg\" alt=\"\" data-id=\"2757\" data-link=\"https:\/\/marcali.plebania.hu\/?attachment_id=2757\" class=\"wp-image-2757\" srcset=\"https:\/\/marcali.plebania.hu\/wp-content\/uploads\/2021\/08\/04-1024x683.jpg 1024w, https:\/\/marcali.plebania.hu\/wp-content\/uploads\/2021\/08\/04-300x200.jpg 300w, https:\/\/marcali.plebania.hu\/wp-content\/uploads\/2021\/08\/04-768x512.jpg 768w, https:\/\/marcali.plebania.hu\/wp-content\/uploads\/2021\/08\/04-1536x1024.jpg 1536w, https:\/\/marcali.plebania.hu\/wp-content\/uploads\/2021\/08\/04-2048x1365.jpg 2048w, https:\/\/marcali.plebania.hu\/wp-content\/uploads\/2021\/08\/04-405x270.jpg 405w\" sizes=\"auto, (max-width: 1024px) 100vw, 1024px\" \/><\/figure><\/li><li class=\"blocks-gallery-item\"><figure><img loading=\"lazy\" decoding=\"async\" width=\"1024\" height=\"683\" src=\"https:\/\/marcali.plebania.hu\/wp-content\/uploads\/2021\/08\/30-1024x683.jpg\" alt=\"\" data-id=\"2758\" data-link=\"https:\/\/marcali.plebania.hu\/?attachment_id=2758\" class=\"wp-image-2758\" srcset=\"https:\/\/marcali.plebania.hu\/wp-content\/uploads\/2021\/08\/30-1024x683.jpg 1024w, https:\/\/marcali.plebania.hu\/wp-content\/uploads\/2021\/08\/30-300x200.jpg 300w, https:\/\/marcali.plebania.hu\/wp-content\/uploads\/2021\/08\/30-768x512.jpg 768w, https:\/\/marcali.plebania.hu\/wp-content\/uploads\/2021\/08\/30-1536x1024.jpg 1536w, https:\/\/marcali.plebania.hu\/wp-content\/uploads\/2021\/08\/30-2048x1365.jpg 2048w, https:\/\/marcali.plebania.hu\/wp-content\/uploads\/2021\/08\/30-405x270.jpg 405w\" sizes=\"auto, (max-width: 1024px) 100vw, 1024px\" \/><\/figure><\/li><li class=\"blocks-gallery-item\"><figure><img loading=\"lazy\" decoding=\"async\" width=\"1024\" height=\"683\" src=\"https:\/\/marcali.plebania.hu\/wp-content\/uploads\/2021\/08\/18-1024x683.jpg\" alt=\"\" data-id=\"2759\" data-full-url=\"https:\/\/marcali.plebania.hu\/wp-content\/uploads\/2021\/08\/18-scaled.jpg\" data-link=\"https:\/\/marcali.plebania.hu\/?attachment_id=2759\" class=\"wp-image-2759\" srcset=\"https:\/\/marcali.plebania.hu\/wp-content\/uploads\/2021\/08\/18-1024x683.jpg 1024w, https:\/\/marcali.plebania.hu\/wp-content\/uploads\/2021\/08\/18-300x200.jpg 300w, https:\/\/marcali.plebania.hu\/wp-content\/uploads\/2021\/08\/18-768x512.jpg 768w, https:\/\/marcali.plebania.hu\/wp-content\/uploads\/2021\/08\/18-1536x1024.jpg 1536w, https:\/\/marcali.plebania.hu\/wp-content\/uploads\/2021\/08\/18-2048x1365.jpg 2048w, https:\/\/marcali.plebania.hu\/wp-content\/uploads\/2021\/08\/18-405x270.jpg 405w\" sizes=\"auto, (max-width: 1024px) 100vw, 1024px\" \/><\/figure><\/li><\/ul><\/figure>\n\n\n\n<p>Az istentiszteletet Kiss Iv\u00e1n c. pr\u00e9post, pl\u00e9b\u00e1nos betegs\u00e9ge miatt, Galambos Ferenc mesztegny\u0151i pl\u00e9b\u00e1nos celebr\u00e1lta, aki szentbesz\u00e9d\u00e9ben az \u00e1llamalap\u00edt\u00f3 kir\u00e1lyunk t\u00f6rt\u00e9nelmi szerep\u00e9t, jelent\u0151s\u00e9g\u00e9t m\u00e9ltatta, valamint az \u00f6sszefog\u00e1s erej\u00e9t. A mis\u00e9n k\u00f6zrem\u0171k\u00f6d\u00f6tt a S\u00e1gv\u00e1ri R\u00f3bert vezette F\u00e9ny Gyermekei Zenekar, akiket Balogh B\u00e1lint k\u00e1ntor szintetiz\u00e1torral, J\u00e1ki Zolt\u00e1n heged\u0171vel, Szab\u00f3 Andrea pedig git\u00e1rral \u00e9s furuly\u00e1val k\u00eds\u00e9rt. Elhangzott Mozart: Ave Verum Corpus \u00e9s Marco Frisina: Anima Christi c\u00edm\u0171 szerzem\u00e9nye.<\/p>\n\n\n\n<figure class=\"wp-block-gallery columns-3 is-cropped wp-block-gallery-2 is-layout-flex wp-block-gallery-is-layout-flex\"><ul class=\"blocks-gallery-grid\"><li class=\"blocks-gallery-item\"><figure><img loading=\"lazy\" decoding=\"async\" width=\"1024\" height=\"683\" src=\"https:\/\/marcali.plebania.hu\/wp-content\/uploads\/2021\/08\/21-1024x683.jpg\" alt=\"\" data-id=\"2761\" data-link=\"https:\/\/marcali.plebania.hu\/?attachment_id=2761\" class=\"wp-image-2761\" srcset=\"https:\/\/marcali.plebania.hu\/wp-content\/uploads\/2021\/08\/21-1024x683.jpg 1024w, https:\/\/marcali.plebania.hu\/wp-content\/uploads\/2021\/08\/21-300x200.jpg 300w, https:\/\/marcali.plebania.hu\/wp-content\/uploads\/2021\/08\/21-768x512.jpg 768w, https:\/\/marcali.plebania.hu\/wp-content\/uploads\/2021\/08\/21-1536x1024.jpg 1536w, https:\/\/marcali.plebania.hu\/wp-content\/uploads\/2021\/08\/21-2048x1365.jpg 2048w, https:\/\/marcali.plebania.hu\/wp-content\/uploads\/2021\/08\/21-405x270.jpg 405w\" sizes=\"auto, (max-width: 1024px) 100vw, 1024px\" \/><\/figure><\/li><li class=\"blocks-gallery-item\"><figure><img loading=\"lazy\" decoding=\"async\" width=\"1024\" height=\"683\" src=\"https:\/\/marcali.plebania.hu\/wp-content\/uploads\/2021\/08\/26-1024x683.jpg\" alt=\"\" data-id=\"2762\" data-link=\"https:\/\/marcali.plebania.hu\/?attachment_id=2762\" class=\"wp-image-2762\" srcset=\"https:\/\/marcali.plebania.hu\/wp-content\/uploads\/2021\/08\/26-1024x683.jpg 1024w, https:\/\/marcali.plebania.hu\/wp-content\/uploads\/2021\/08\/26-300x200.jpg 300w, https:\/\/marcali.plebania.hu\/wp-content\/uploads\/2021\/08\/26-768x512.jpg 768w, https:\/\/marcali.plebania.hu\/wp-content\/uploads\/2021\/08\/26-1536x1024.jpg 1536w, https:\/\/marcali.plebania.hu\/wp-content\/uploads\/2021\/08\/26-2048x1365.jpg 2048w, https:\/\/marcali.plebania.hu\/wp-content\/uploads\/2021\/08\/26-405x270.jpg 405w\" sizes=\"auto, (max-width: 1024px) 100vw, 1024px\" \/><\/figure><\/li><li class=\"blocks-gallery-item\"><figure><img loading=\"lazy\" decoding=\"async\" width=\"1024\" height=\"683\" src=\"https:\/\/marcali.plebania.hu\/wp-content\/uploads\/2021\/08\/27-1024x683.jpg\" alt=\"\" data-id=\"2763\" data-link=\"https:\/\/marcali.plebania.hu\/?attachment_id=2763\" class=\"wp-image-2763\" srcset=\"https:\/\/marcali.plebania.hu\/wp-content\/uploads\/2021\/08\/27-1024x683.jpg 1024w, https:\/\/marcali.plebania.hu\/wp-content\/uploads\/2021\/08\/27-300x200.jpg 300w, https:\/\/marcali.plebania.hu\/wp-content\/uploads\/2021\/08\/27-768x512.jpg 768w, https:\/\/marcali.plebania.hu\/wp-content\/uploads\/2021\/08\/27-1536x1024.jpg 1536w, https:\/\/marcali.plebania.hu\/wp-content\/uploads\/2021\/08\/27-2048x1365.jpg 2048w, https:\/\/marcali.plebania.hu\/wp-content\/uploads\/2021\/08\/27-405x270.jpg 405w\" sizes=\"auto, (max-width: 1024px) 100vw, 1024px\" \/><\/figure><\/li><li class=\"blocks-gallery-item\"><figure><img loading=\"lazy\" decoding=\"async\" width=\"1024\" height=\"683\" src=\"https:\/\/marcali.plebania.hu\/wp-content\/uploads\/2021\/08\/24-1024x683.jpg\" alt=\"\" data-id=\"2764\" data-full-url=\"https:\/\/marcali.plebania.hu\/wp-content\/uploads\/2021\/08\/24-scaled.jpg\" data-link=\"https:\/\/marcali.plebania.hu\/?attachment_id=2764\" class=\"wp-image-2764\" srcset=\"https:\/\/marcali.plebania.hu\/wp-content\/uploads\/2021\/08\/24-1024x683.jpg 1024w, https:\/\/marcali.plebania.hu\/wp-content\/uploads\/2021\/08\/24-300x200.jpg 300w, https:\/\/marcali.plebania.hu\/wp-content\/uploads\/2021\/08\/24-768x512.jpg 768w, https:\/\/marcali.plebania.hu\/wp-content\/uploads\/2021\/08\/24-1536x1024.jpg 1536w, https:\/\/marcali.plebania.hu\/wp-content\/uploads\/2021\/08\/24-2048x1365.jpg 2048w, https:\/\/marcali.plebania.hu\/wp-content\/uploads\/2021\/08\/24-405x270.jpg 405w\" sizes=\"auto, (max-width: 1024px) 100vw, 1024px\" \/><\/figure><\/li><\/ul><\/figure>\n\n\n\n<p>A szentmise v\u00e9g\u00e9n t\u00f6rt\u00e9nt a keny\u00e9rmeg\u00e1ld\u00e1s szertart\u00e1sa. Ferenc atya meg\u00e1ldotta az \u00faj kenyereket, melyekhez a b\u00faz\u00e1t a K\u00e9thelyi Gazdak\u00f6r\u00f6k adt\u00e1k a Magyarok Kenyer\u00e9b\u0151l, illetve a Tak\u00e1cs P\u00e9ks\u00e9g pedig megs\u00fct\u00f6tt. Ezut\u00e1n dr. S\u00fct\u0151 L\u00e1szl\u00f3, Marcali v\u00e1ros polg\u00e1rmestere megszegte \u00e9s osztotta ki az imak\u00f6r\u00f6s\u00f6k seg\u00edts\u00e9g\u00e9vel.<\/p>\n\n\n\n<figure class=\"wp-block-gallery columns-3 is-cropped wp-block-gallery-3 is-layout-flex wp-block-gallery-is-layout-flex\"><ul class=\"blocks-gallery-grid\"><li class=\"blocks-gallery-item\"><figure><img loading=\"lazy\" decoding=\"async\" width=\"1024\" height=\"683\" src=\"https:\/\/marcali.plebania.hu\/wp-content\/uploads\/2021\/08\/31-1024x683.jpg\" alt=\"\" data-id=\"2765\" data-link=\"https:\/\/marcali.plebania.hu\/?attachment_id=2765\" class=\"wp-image-2765\" srcset=\"https:\/\/marcali.plebania.hu\/wp-content\/uploads\/2021\/08\/31-1024x683.jpg 1024w, https:\/\/marcali.plebania.hu\/wp-content\/uploads\/2021\/08\/31-300x200.jpg 300w, https:\/\/marcali.plebania.hu\/wp-content\/uploads\/2021\/08\/31-768x512.jpg 768w, https:\/\/marcali.plebania.hu\/wp-content\/uploads\/2021\/08\/31-1536x1024.jpg 1536w, https:\/\/marcali.plebania.hu\/wp-content\/uploads\/2021\/08\/31-2048x1365.jpg 2048w, https:\/\/marcali.plebania.hu\/wp-content\/uploads\/2021\/08\/31-405x270.jpg 405w\" sizes=\"auto, (max-width: 1024px) 100vw, 1024px\" \/><\/figure><\/li><li class=\"blocks-gallery-item\"><figure><img loading=\"lazy\" decoding=\"async\" width=\"1024\" height=\"683\" src=\"https:\/\/marcali.plebania.hu\/wp-content\/uploads\/2021\/08\/32-1024x683.jpg\" alt=\"\" data-id=\"2766\" data-link=\"https:\/\/marcali.plebania.hu\/?attachment_id=2766\" class=\"wp-image-2766\" srcset=\"https:\/\/marcali.plebania.hu\/wp-content\/uploads\/2021\/08\/32-1024x683.jpg 1024w, https:\/\/marcali.plebania.hu\/wp-content\/uploads\/2021\/08\/32-300x200.jpg 300w, https:\/\/marcali.plebania.hu\/wp-content\/uploads\/2021\/08\/32-768x512.jpg 768w, https:\/\/marcali.plebania.hu\/wp-content\/uploads\/2021\/08\/32-1536x1024.jpg 1536w, https:\/\/marcali.plebania.hu\/wp-content\/uploads\/2021\/08\/32-2048x1365.jpg 2048w, https:\/\/marcali.plebania.hu\/wp-content\/uploads\/2021\/08\/32-405x270.jpg 405w\" sizes=\"auto, (max-width: 1024px) 100vw, 1024px\" \/><\/figure><\/li><li class=\"blocks-gallery-item\"><figure><img loading=\"lazy\" decoding=\"async\" width=\"1024\" height=\"683\" src=\"https:\/\/marcali.plebania.hu\/wp-content\/uploads\/2021\/08\/36-1024x683.jpg\" alt=\"\" data-id=\"2767\" data-link=\"https:\/\/marcali.plebania.hu\/?attachment_id=2767\" class=\"wp-image-2767\" srcset=\"https:\/\/marcali.plebania.hu\/wp-content\/uploads\/2021\/08\/36-1024x683.jpg 1024w, https:\/\/marcali.plebania.hu\/wp-content\/uploads\/2021\/08\/36-300x200.jpg 300w, https:\/\/marcali.plebania.hu\/wp-content\/uploads\/2021\/08\/36-768x512.jpg 768w, https:\/\/marcali.plebania.hu\/wp-content\/uploads\/2021\/08\/36-1536x1024.jpg 1536w, https:\/\/marcali.plebania.hu\/wp-content\/uploads\/2021\/08\/36-2048x1365.jpg 2048w, https:\/\/marcali.plebania.hu\/wp-content\/uploads\/2021\/08\/36-405x270.jpg 405w\" sizes=\"auto, (max-width: 1024px) 100vw, 1024px\" \/><\/figure><\/li><li class=\"blocks-gallery-item\"><figure><img loading=\"lazy\" decoding=\"async\" width=\"1024\" height=\"683\" src=\"https:\/\/marcali.plebania.hu\/wp-content\/uploads\/2021\/08\/42-1024x683.jpg\" alt=\"\" data-id=\"2768\" data-full-url=\"https:\/\/marcali.plebania.hu\/wp-content\/uploads\/2021\/08\/42-scaled.jpg\" data-link=\"https:\/\/marcali.plebania.hu\/?attachment_id=2768\" class=\"wp-image-2768\" srcset=\"https:\/\/marcali.plebania.hu\/wp-content\/uploads\/2021\/08\/42-1024x683.jpg 1024w, https:\/\/marcali.plebania.hu\/wp-content\/uploads\/2021\/08\/42-300x200.jpg 300w, https:\/\/marcali.plebania.hu\/wp-content\/uploads\/2021\/08\/42-768x512.jpg 768w, https:\/\/marcali.plebania.hu\/wp-content\/uploads\/2021\/08\/42-1536x1024.jpg 1536w, https:\/\/marcali.plebania.hu\/wp-content\/uploads\/2021\/08\/42-2048x1365.jpg 2048w, https:\/\/marcali.plebania.hu\/wp-content\/uploads\/2021\/08\/42-405x270.jpg 405w\" sizes=\"auto, (max-width: 1024px) 100vw, 1024px\" \/><\/figure><\/li><\/ul><\/figure>\n","protected":false},"excerpt":{"rendered":"<p>2021. augusztus 20-\u00e1n, p\u00e9nteken 10 \u00f3rakor a Gy\u00fcm\u00f6lcsolt\u00f3 Boldogasszony pl\u00e9b\u00e1niatemplomban \u00fcnnepi szentmis\u00e9vel eml\u00e9keztek az \u00e1llamalap\u00edt\u00f3 Szent Istv\u00e1n kir\u00e1lyra. Az istentiszteletet Kiss Iv\u00e1n c. pr\u00e9post, pl\u00e9b\u00e1nos betegs\u00e9ge miatt, Galambos Ferenc mesztegny\u0151i pl\u00e9b\u00e1nos celebr\u00e1lta, aki szentbesz\u00e9d\u00e9ben az \u00e1llamalap\u00edt\u00f3 kir\u00e1lyunk t\u00f6rt\u00e9nelmi szerep\u00e9t, jelent\u0151s\u00e9g\u00e9t m\u00e9ltatta, valamint az \u00f6sszefog\u00e1s erej\u00e9t. A mis\u00e9n k\u00f6zrem\u0171k\u00f6d\u00f6tt a S\u00e1gv\u00e1ri R\u00f3bert vezette F\u00e9ny Gyermekei Zenekar, akiket Balogh B\u00e1lint k\u00e1ntor szintetiz\u00e1torral, J\u00e1ki Zolt\u00e1n heged\u0171vel, Szab\u00f3 Andrea pedig git\u00e1rral \u00e9s furuly\u00e1val k\u00eds\u00e9rt. Elhangzott Mozart: Ave Verum Corpus \u00e9s Marco Frisina: Anima Christi&#8230;<\/p>\n<p class=\"read-more\"><a class=\"btn btn-default\" href=\"https:\/\/marcali.plebania.hu\/?p=2755\"> Read More<span class=\"screen-reader-text\">  Read More<\/span><\/a><\/p>\n","protected":false},"author":2,"featured_media":0,"comment_status":"closed","ping_status":"open","sticky":false,"template":"","format":"standard","meta":{"footnotes":""},"categories":[1],"tags":[],"class_list":["post-2755","post","type-post","status-publish","format-standard","hentry","category-egyeb"],"_links":{"self":[{"href":"https:\/\/marcali.plebania.hu\/index.php?rest_route=\/wp\/v2\/posts\/2755","targetHints":{"allow":["GET"]}}],"collection":[{"href":"https:\/\/marcali.plebania.hu\/index.php?rest_route=\/wp\/v2\/posts"}],"about":[{"href":"https:\/\/marcali.plebania.hu\/index.php?rest_route=\/wp\/v2\/types\/post"}],"author":[{"embeddable":true,"href":"https:\/\/marcali.plebania.hu\/index.php?rest_route=\/wp\/v2\/users\/2"}],"replies":[{"embeddable":true,"href":"https:\/\/marcali.plebania.hu\/index.php?rest_route=%2Fwp%2Fv2%2Fcomments&post=2755"}],"version-history":[{"count":1,"href":"https:\/\/marcali.plebania.hu\/index.php?rest_route=\/wp\/v2\/posts\/2755\/revisions"}],"predecessor-version":[{"id":2769,"href":"https:\/\/marcali.plebania.hu\/index.php?rest_route=\/wp\/v2\/posts\/2755\/revisions\/2769"}],"wp:attachment":[{"href":"https:\/\/marcali.plebania.hu\/index.php?rest_route=%2Fwp%2Fv2%2Fmedia&parent=2755"}],"wp:term":[{"taxonomy":"category","embeddable":true,"href":"https:\/\/marcali.plebania.hu\/index.php?rest_route=%2Fwp%2Fv2%2Fcategories&post=2755"},{"taxonomy":"post_tag","embeddable":true,"href":"https:\/\/marcali.plebania.hu\/index.php?rest_route=%2Fwp%2Fv2%2Ftags&post=2755"}],"curies":[{"name":"wp","href":"https:\/\/api.w.org\/{rel}","templated":true}]}}