{"id":277,"date":"2018-06-28T13:47:36","date_gmt":"2018-06-28T13:47:36","guid":{"rendered":"https:\/\/marcali.plebania.hu\/?p=277"},"modified":"2018-06-28T13:47:36","modified_gmt":"2018-06-28T13:47:36","slug":"uj-esperesi-keruleteket-hirdetett-ki-a-megyespuspok-ot-uj-keruleti-esperes-koztuk-kiss-ivan-marcali-plebanos","status":"publish","type":"post","link":"https:\/\/marcali.plebania.hu\/?p=277","title":{"rendered":"\u00daj esperesi ker\u00fcleteket hirdetett ki a megy\u00e9sp\u00fcsp\u00f6k. \u00d6t \u00faj ker\u00fcleti esperes, k\u00f6zt\u00fck Kiss Iv\u00e1n marcali pl\u00e9b\u00e1nos"},"content":{"rendered":"<p>J\u00fanius 23-i hat\u00e1llyal, Varga L\u00e1szl\u00f3 kaposv\u00e1ri megy\u00e9sp\u00fcsp\u00f6k, meghallgatva az egyh\u00e1zmegye paps\u00e1g\u00e1nak, a ker\u00fcleti esperesek \u00e9s a Papi Szen\u00e1tus v\u00e9lem\u00e9ny\u00e9t megsz\u00fcntette az eddigi 7 esperesi ker\u00fcletet \u00e9s 5 \u00faj esperesi ker\u00fcletet hozott l\u00e9tre: a sz\u00e9kesegyh\u00e1zi, az andocsi, a somogyv\u00e1ri, a segesdi \u00e9s nagykanizsai esperesi ker\u00fcleteket.<\/p>\n<p><img loading=\"lazy\" decoding=\"async\" class=\"aligncenter wp-image-279 size-large\" src=\"https:\/\/marcali.plebania.hu\/wp-content\/uploads\/2018\/06\/2018.06.23.Papszentel\u00e9s-279-1024x685.jpg\" alt=\"\" width=\"640\" height=\"428\" srcset=\"https:\/\/marcali.plebania.hu\/wp-content\/uploads\/2018\/06\/2018.06.23.Papszentel\u00e9s-279.jpg 1024w, https:\/\/marcali.plebania.hu\/wp-content\/uploads\/2018\/06\/2018.06.23.Papszentel\u00e9s-279-300x201.jpg 300w, https:\/\/marcali.plebania.hu\/wp-content\/uploads\/2018\/06\/2018.06.23.Papszentel\u00e9s-279-768x514.jpg 768w, https:\/\/marcali.plebania.hu\/wp-content\/uploads\/2018\/06\/2018.06.23.Papszentel\u00e9s-279-404x270.jpg 404w\" sizes=\"auto, (max-width: 640px) 100vw, 640px\" \/><\/p>\n<p>Az \u00faj esperesi ker\u00fcletekn\u00e9l l\u00e9tr\u00e1hoz\u00e1sakor f\u0151 szempont volt, hogy a papok k\u00f6zelebb legyenek egym\u00e1shoz, az esperesi ker\u00fcletek jobban igazodjanak Somogy k\u00f6zigazgat\u00e1si rendszer\u00e9hez, a j\u00e1r\u00e1sok \u00f6sszevon\u00e1s\u00e1b\u00f3l alakult ki az 5 \u00faj esperesi ker\u00fclet. Nev\u00fcket a ter\u00fclet\u00fck\u00f6n l\u00e9v\u0151 egyh\u00e1zt\u00f6rt\u00e9neti m\u00falt\u00fa telep\u00fcl\u00e9sr\u0151l kapt\u00e1k. Marcali a Somogyv\u00e1ri Esperesi Ker\u00fclethez ker\u00fclt, melynek pl\u00e9b\u00e1ni\u00e1i a marcali \u00e9s fony\u00f3di j\u00e1r\u00e1sb\u00f3l ker\u00fclnek ki, de van k\u00f6zt\u00fck olyan is, amelynek fili\u00e1i (hozz\u00e1kapcsolt telep\u00fcl\u00e9sei) \u00e1tl\u00f3gnak valamelyik j\u00e1r\u00e1sba. A Somogyv\u00e1ri Esperesi Ker\u00fclet pl\u00e9b\u00e1ni\u00e1i: Balatonkereszt\u00far, (Balatonfenyves) Balatonszentgy\u00f6rgy (Balatonber\u00e9ny) B\u00f6h\u00f6nye (Tapsony) Buzs\u00e1k (Nikla) Fony\u00f3d, Inke, K\u00e9thely, Lengyelt\u00f3ti, Marcali, Mesztegny\u0151, Nagybajom, Somogys\u00e1mson, Somogyv\u00e1r (\u00d6reglak, Osztop\u00e1n).<\/p>\n<p>Varga L\u00e1szl\u00f3 megy\u00e9sp\u00fcsp\u00f6k a Somogyv\u00e1ri Ker\u00fclet esperes\u00e9v\u00e9 Kiss Iv\u00e1n marcali pl\u00e9b\u00e1nost nevezte ki. Az egyh\u00e1zi k\u00e1nonjog szerint a ker\u00fcleti esperesek szem\u00e9ly\u00e9r\u0151l a megy\u00e9sp\u00fcsp\u00f6k, meghallgatva a paps\u00e1g v\u00e9lem\u00e9ny\u00e9t, szabadon \u00e9s \u00f6n\u00e1ll\u00f3an hozza meg d\u00f6nt\u00e9s\u00e9t. Helyettes esperes Neumajer Zolt\u00e1n fony\u00f3di pl\u00e9b\u00e1nos lett.<\/p>\n<p>A megy\u00e9sp\u00fcsp\u00f6k szem\u00e9lyi v\u00e1ltoz\u00e1sokr\u00f3l is d\u00f6nt\u00f6tt, a Somogyv\u00e1ri Esperesi Ker\u00fcletben. Vaslab\u00e1n Csab\u00e1t felmentette a balatonkereszt\u00fari pl\u00e9b\u00e1nia vezet\u00e9se al\u00f3l \u00e9s Kiss Zsolt gelsei pl\u00e9b\u00e1nost Balatonkereszt\u00farra helyezte pl\u00e9b\u00e1nosnak. Ugyanakkor vissza\u00e1ll\u00edtotta a balatonszentgy\u00f6rgyi pl\u00e9b\u00e1ni\u00e1t, ahova Ungv\u00e1rszki Imre eddigi mosd\u00f3si pl\u00e9b\u00e1nost nevezte ki. A Fony\u00f3d \u00e1ltal oldalagosan ell\u00e1tott balatonfenyvesi pl\u00e9b\u00e1ni\u00e1t ezent\u00fal az \u00faj balatonkereszt\u00fari pl\u00e9b\u00e1nos fogja szolg\u00e1lni. Tov\u00e1bb\u00e1 Vajda G\u00e1bor lengyelt\u00f3ti pl\u00e9b\u00e1nost Kaposv\u00e1r II. pl\u00e9b\u00e1ni\u00e1ra helyezte \u00e9s helyette Horv\u00e1th Lor\u00e1nd aty\u00e1t nevezte ki lengyelt\u00f3ti pl\u00e9b\u00e1nosnak. Sud\u00e1r J\u00e1nos osztop\u00e1ni pl\u00e9b\u00e1nost a megy\u00e9sp\u00fcsp\u00f6k nyugd\u00edj\u00e1llom\u00e1nyba helyezte \u00e9s az osztop\u00e1ni pl\u00e9b\u00e1ni\u00e1t Csendes S\u00e1ndor somogyv\u00e1ri pl\u00e9b\u00e1nos gondjaira b\u00edzta.<\/p>\n<p>J\u00fanius 23-\u00e1n papszentel\u00e9s volt a kaposv\u00e1ri sz\u00e9kesegyh\u00e1zban, ahol Varga L\u00e1szl\u00f3 kaposv\u00e1ri megy\u00e9sp\u00fcsp\u00f6k papp\u00e1 szentelte Kisiv\u00e1n Csaba \u00e9s Fodor B\u00e9la diak\u00f3nusokat. Tov\u00e1bb\u00e1 Vida Zolt\u00e1nt \u00e9s T\u00f6lgyesi D\u00e1vidot diak\u00f3nuss\u00e1 szentelte.<\/p>\n<p>&nbsp;<\/p>\n<p>Fot\u00f3k: dr Heged\u00fcs Gy\u00f6rgy<\/p>\n","protected":false},"excerpt":{"rendered":"<p>J\u00fanius 23-i hat\u00e1llyal, Varga L\u00e1szl\u00f3 kaposv\u00e1ri megy\u00e9sp\u00fcsp\u00f6k, meghallgatva az egyh\u00e1zmegye paps\u00e1g\u00e1nak, a ker\u00fcleti esperesek \u00e9s a Papi Szen\u00e1tus v\u00e9lem\u00e9ny\u00e9t megsz\u00fcntette az eddigi 7 esperesi ker\u00fcletet \u00e9s 5 \u00faj esperesi ker\u00fcletet hozott l\u00e9tre: a sz\u00e9kesegyh\u00e1zi, az andocsi, a somogyv\u00e1ri, a segesdi \u00e9s nagykanizsai esperesi ker\u00fcleteket. Az \u00faj esperesi ker\u00fcletekn\u00e9l l\u00e9tr\u00e1hoz\u00e1sakor f\u0151 szempont volt, hogy a papok k\u00f6zelebb legyenek egym\u00e1shoz, az esperesi ker\u00fcletek jobban igazodjanak Somogy k\u00f6zigazgat\u00e1si rendszer\u00e9hez, a j\u00e1r\u00e1sok \u00f6sszevon\u00e1s\u00e1b\u00f3l alakult ki az 5 \u00faj esperesi ker\u00fclet. Nev\u00fcket a ter\u00fclet\u00fck\u00f6n l\u00e9v\u0151&#8230;<\/p>\n<p class=\"read-more\"><a class=\"btn btn-default\" href=\"https:\/\/marcali.plebania.hu\/?p=277\"> Read More<span class=\"screen-reader-text\">  Read More<\/span><\/a><\/p>\n","protected":false},"author":2,"featured_media":0,"comment_status":"closed","ping_status":"open","sticky":false,"template":"","format":"standard","meta":{"footnotes":""},"categories":[1],"tags":[],"class_list":["post-277","post","type-post","status-publish","format-standard","hentry","category-egyeb"],"_links":{"self":[{"href":"https:\/\/marcali.plebania.hu\/index.php?rest_route=\/wp\/v2\/posts\/277","targetHints":{"allow":["GET"]}}],"collection":[{"href":"https:\/\/marcali.plebania.hu\/index.php?rest_route=\/wp\/v2\/posts"}],"about":[{"href":"https:\/\/marcali.plebania.hu\/index.php?rest_route=\/wp\/v2\/types\/post"}],"author":[{"embeddable":true,"href":"https:\/\/marcali.plebania.hu\/index.php?rest_route=\/wp\/v2\/users\/2"}],"replies":[{"embeddable":true,"href":"https:\/\/marcali.plebania.hu\/index.php?rest_route=%2Fwp%2Fv2%2Fcomments&post=277"}],"version-history":[{"count":2,"href":"https:\/\/marcali.plebania.hu\/index.php?rest_route=\/wp\/v2\/posts\/277\/revisions"}],"predecessor-version":[{"id":280,"href":"https:\/\/marcali.plebania.hu\/index.php?rest_route=\/wp\/v2\/posts\/277\/revisions\/280"}],"wp:attachment":[{"href":"https:\/\/marcali.plebania.hu\/index.php?rest_route=%2Fwp%2Fv2%2Fmedia&parent=277"}],"wp:term":[{"taxonomy":"category","embeddable":true,"href":"https:\/\/marcali.plebania.hu\/index.php?rest_route=%2Fwp%2Fv2%2Fcategories&post=277"},{"taxonomy":"post_tag","embeddable":true,"href":"https:\/\/marcali.plebania.hu\/index.php?rest_route=%2Fwp%2Fv2%2Ftags&post=277"}],"curies":[{"name":"wp","href":"https:\/\/api.w.org\/{rel}","templated":true}]}}