{"id":2770,"date":"2021-08-27T07:46:15","date_gmt":"2021-08-27T07:46:15","guid":{"rendered":"https:\/\/marcali.plebania.hu\/?p=2770"},"modified":"2021-08-30T07:50:51","modified_gmt":"2021-08-30T07:50:51","slug":"hirdetesek-2021-08-29","status":"publish","type":"post","link":"https:\/\/marcali.plebania.hu\/?p=2770","title":{"rendered":"Hirdet\u00e9sek, 2021. 08. 29."},"content":{"rendered":"\n<ol class=\"wp-block-list\"><li>Ma van az \u00e9vk\u00f6zi 22. vas\u00e1rnap.<\/li><li>A j\u00f6v\u0151 h\u00e9ten kedd-szerda-cs\u00fct\u00f6rt\u00f6k\u00f6n d\u00e9lut\u00e1n 17 \u00f3rakor is lesz szentmise, p\u00e9nteken \u00e9s szombaton d\u00e9lut\u00e1n 18 \u00f3rakor.<\/li><li>P\u00e9nteken els\u0151 p\u00e9ntek lesz, d\u00e9lut\u00e1n 17 \u00f3rakor gy\u00f3ntat\u00e1s, 17.30-kor szents\u00e9gim\u00e1d\u00e1s, 18 \u00f3rakor szentmise.<\/li><li>Ugyancsak p\u00e9nteken este, 19 \u00f3r\u00e1ra b\u00e9rm\u00e1l\u00e1si sz\u00fcl\u0151i \u00e9rtekezletre v\u00e1rjuk a b\u00e9rm\u00e1lkoz\u00f3 gyermekeket \u00e9s sz\u00fcleiket. A j\u00e1rv\u00e1ny miatt tavasszal elmaradt a nyolcadikosok b\u00e9rm\u00e1l\u00e1sa, amit okt\u00f3ber 9-\u00e9n szeretn\u00e9nk megtartani. Ezt szeretn\u00e9nk most megbesz\u00e9lni, ez\u00e9rt v\u00e1rjuk p\u00e9ntek este a 9. oszt\u00e1lyos gyermekeket \u00e9s sz\u00fcleiket. <\/li><li>K\u00e9t h\u00e9t m\u00falva az Eukarisztikus Kongresszus z\u00e1r\u00f3 mis\u00e9j\u00e9re zar\u00e1ndokolunk. Tudnival\u00f3k: reggel 6 \u00f3rakor indulunk a pl\u00e9b\u00e1niatemplom el\u0151tti t\u00e9rr\u0151l. Az \u00fajabb rendelkez\u00e9sek szerint \u00f6sszecsukhat\u00f3 sz\u00e9ket hozzunk magunkkal, mivel a helysz\u00ednen a h\u00edveknek \u00fcl\u0151hely nem lesz. Eserny\u0151t nem vihet\u00fcnk magunkkal, mert a bel\u00e9p\u00e9skor elveszik. A p\u00e1pai mis\u00e9re biztons\u00e1gi okokb\u00f3l nem lehet bevinni semmi olyan t\u00e1rgyat, mellyel \u00fctni, v\u00e1gni, dobni lehet. Vizet \u00e9s \u00e9lelmet vigy\u00fcnk magunkkal.<\/li><li>A h\u00e9ten megkezd\u0151dik az \u00faj tan\u00e9v, melyben ism\u00e9t elkezd\u0151dik a hit- \u00e9s erk\u00f6lcstan oktat\u00e1s. Marcali iskol\u00e1iban 405 gyermek v\u00e1lasztotta a hit- \u00e9s erk\u00f6lcstant. Hitoktat\u00f3ink: dr. Gyulain\u00e9 Domj\u00e1n Zsuzsanna, Pozsonyin\u00e9 Kiss M\u00e1ria, Bojtorn\u00e9 Kir\u00e1ly M\u00e1rta \u00e9s Tombor Erzs\u00e9bet. A hittank\u00f6nyvek meg\u00e9rkeztek, az els\u0151 \u00f3r\u00e1n fogj\u00e1k kiosztani a hitoktat\u00f3k. A k\u00f6nyv id\u00e9n is ingyenes lesz. A b\u00e9rm\u00e1l\u00e1s id\u0151pontja okt\u00f3ber 9-\u00e9n, szombaton 10.30 \u00f3ra.<\/li><li>Elk\u00e9sz\u00fclt a templom el\u0151tti t\u00e9ren, a tiszafa el\u0151tt Szent II. J\u00e1nos P\u00e1l p\u00e1pa leend\u0151 szobr\u00e1nak talapzata. A szobrot Sz\u00f3r\u00e1di Zsigmond szobr\u00e1szm\u0171v\u00e9sz k\u00e9sz\u00edti. El\u0151re l\u00e1that\u00f3lag szeptember h\u00f3napban k\u00e9sz lesz \u00e9s okt\u00f3berben tervezz\u00fck a meg\u00e1ld\u00e1s\u00e1t. K\u00f6sz\u00f6nj\u00fck mindazok adom\u00e1ny\u00e1t, akik hozz\u00e1j\u00e1rultak a k\u00f6lts\u00e9gekhez. A Marcali V\u00e1rosi \u00d6nkorm\u00e1nyzat 1,5 milli\u00f3 forinttal t\u00e1mogatta a szobor elk\u00e9sz\u00edt\u00e9s\u00e9t.<\/li><\/ol>\n","protected":false},"excerpt":{"rendered":"<p>Ma van az \u00e9vk\u00f6zi 22. vas\u00e1rnap. A j\u00f6v\u0151 h\u00e9ten kedd-szerda-cs\u00fct\u00f6rt\u00f6k\u00f6n d\u00e9lut\u00e1n 17 \u00f3rakor is lesz szentmise, p\u00e9nteken \u00e9s szombaton d\u00e9lut\u00e1n 18 \u00f3rakor. P\u00e9nteken els\u0151 p\u00e9ntek lesz, d\u00e9lut\u00e1n 17 \u00f3rakor gy\u00f3ntat\u00e1s, 17.30-kor szents\u00e9gim\u00e1d\u00e1s, 18 \u00f3rakor szentmise. Ugyancsak p\u00e9nteken este, 19 \u00f3r\u00e1ra b\u00e9rm\u00e1l\u00e1si sz\u00fcl\u0151i \u00e9rtekezletre v\u00e1rjuk a b\u00e9rm\u00e1lkoz\u00f3 gyermekeket \u00e9s sz\u00fcleiket. A j\u00e1rv\u00e1ny miatt tavasszal elmaradt a nyolcadikosok b\u00e9rm\u00e1l\u00e1sa, amit okt\u00f3ber 9-\u00e9n szeretn\u00e9nk megtartani. Ezt szeretn\u00e9nk most megbesz\u00e9lni, ez\u00e9rt v\u00e1rjuk p\u00e9ntek este a 9. oszt\u00e1lyos gyermekeket \u00e9s sz\u00fcleiket. K\u00e9t h\u00e9t m\u00falva az&#8230;<\/p>\n<p class=\"read-more\"><a class=\"btn btn-default\" href=\"https:\/\/marcali.plebania.hu\/?p=2770\"> Read More<span class=\"screen-reader-text\">  Read More<\/span><\/a><\/p>\n","protected":false},"author":2,"featured_media":0,"comment_status":"closed","ping_status":"open","sticky":false,"template":"","format":"standard","meta":{"footnotes":""},"categories":[1],"tags":[],"class_list":["post-2770","post","type-post","status-publish","format-standard","hentry","category-egyeb"],"_links":{"self":[{"href":"https:\/\/marcali.plebania.hu\/index.php?rest_route=\/wp\/v2\/posts\/2770","targetHints":{"allow":["GET"]}}],"collection":[{"href":"https:\/\/marcali.plebania.hu\/index.php?rest_route=\/wp\/v2\/posts"}],"about":[{"href":"https:\/\/marcali.plebania.hu\/index.php?rest_route=\/wp\/v2\/types\/post"}],"author":[{"embeddable":true,"href":"https:\/\/marcali.plebania.hu\/index.php?rest_route=\/wp\/v2\/users\/2"}],"replies":[{"embeddable":true,"href":"https:\/\/marcali.plebania.hu\/index.php?rest_route=%2Fwp%2Fv2%2Fcomments&post=2770"}],"version-history":[{"count":2,"href":"https:\/\/marcali.plebania.hu\/index.php?rest_route=\/wp\/v2\/posts\/2770\/revisions"}],"predecessor-version":[{"id":2772,"href":"https:\/\/marcali.plebania.hu\/index.php?rest_route=\/wp\/v2\/posts\/2770\/revisions\/2772"}],"wp:attachment":[{"href":"https:\/\/marcali.plebania.hu\/index.php?rest_route=%2Fwp%2Fv2%2Fmedia&parent=2770"}],"wp:term":[{"taxonomy":"category","embeddable":true,"href":"https:\/\/marcali.plebania.hu\/index.php?rest_route=%2Fwp%2Fv2%2Fcategories&post=2770"},{"taxonomy":"post_tag","embeddable":true,"href":"https:\/\/marcali.plebania.hu\/index.php?rest_route=%2Fwp%2Fv2%2Ftags&post=2770"}],"curies":[{"name":"wp","href":"https:\/\/api.w.org\/{rel}","templated":true}]}}