{"id":2773,"date":"2021-09-03T09:00:19","date_gmt":"2021-09-03T09:00:19","guid":{"rendered":"https:\/\/marcali.plebania.hu\/?p=2773"},"modified":"2021-09-03T09:00:19","modified_gmt":"2021-09-03T09:00:19","slug":"hirdetesek-2021-09-05","status":"publish","type":"post","link":"https:\/\/marcali.plebania.hu\/?p=2773","title":{"rendered":"Hirdet\u00e9sek, 2021. 09. 05."},"content":{"rendered":"\n<ol class=\"wp-block-list\"><li>Ma van az \u00e9vk\u00f6zi 23. vas\u00e1rnap.<\/li><li>A j\u00f6v\u0151 h\u00e9ten, szerd\u00e1n, Kisboldogasszony \u00fcnnepe, 17\n\u00f3rakor szentmise. (Kedden, szerd\u00e1n, cs\u00fct\u00f6rt\u00f6k\u00f6n 17 \u00f3rakor szentmise, p\u00e9nteken\n18 \u00f3rakor igeliturgia, szombaton 18 \u00f3rakor szentmise.)<\/li><li>Ma 15 \u00f3rakor kezd\u0151dik nyit\u00f3 szentmis\u00e9vel az\nEukarisztikus Kongresszus (a Duna Tv k\u00f6zvet\u00edti). A kongresszus eg\u00e9sz h\u00e9ten\ntart, melynek soksz\u00edn\u0171 programjain r\u00e9szt lehet venni, de a legt\u00f6bb\nregisztr\u00e1ci\u00f3hoz k\u00f6t\u00f6tt (el\u0151ad\u00e1sok, kultur\u00e1lis rendezv\u00e9nyek). Szombaton 17\n\u00f3rakor szentmise a Kossuth t\u00e9ren, melyet eukarisztikus gyerty\u00e1s k\u00f6rmenet k\u00f6vet\naz Andr\u00e1ssy \u00faton a H\u0151s\u00f6k ter\u00e9ig.<\/li><li>A j\u00f6v\u0151 vas\u00e1rnapi z\u00e1r\u00f3 szentmis\u00e9re egyh\u00e1zk\u00f6zs\u00e9g\u00fcnk is\nzar\u00e1ndoklatot ind\u00edt, mely reggel 6 \u00f3rakor indul a pl\u00e9b\u00e1nia el\u0151tti t\u00e9rr\u0151l. A\nzar\u00e1ndoklat r\u00e9sztvev\u0151i felt\u00e9tlen hozzanak magukkal: v\u00e9detts\u00e9gi igazolv\u00e1nyt,\n\u00e9telt, italt, \u00f6sszecsukhat\u00f3 sz\u00e9ket. De tilos hozni mindazon eszk\u00f6zt, mellyel\n\u00fctni, v\u00e1gni, dobni lehet, ilyen p\u00e9ld\u00e1ul az eserny\u0151 \u00e9s a zsebk\u00e9s is. A p\u00e1pai\nmise 11.30-kor kezd\u0151dik, melyet a k\u00f6zm\u00e9dia k\u00f6zvet\u00edt azok r\u00e9sz\u00e9re, akik nem\ntudnak elmenni. J\u00f6v\u0151 vas\u00e1rnap a gombai templomban elmarad a szentmise, a\npl\u00e9b\u00e1niatemplomban 9 \u00f3rakor, a B. Gizella templomban 18 \u00f3rakor lesz szentmise.<\/li><li>A tan\u00e9vnyit\u00f3 szentmise szeptember 19-\u00e9n 9 \u00f3rakor a\npl\u00e9b\u00e1niatemplomban, 18 \u00f3rakor a B. Gizella templomban lesz.<\/li><li>Az \u00daj Ember \u00fajs\u00e1g dupla sz\u00e1mmal kaphat\u00f3, \u00e1ra 440.- Ft\/db.<\/li><\/ol>\n","protected":false},"excerpt":{"rendered":"<p>Ma van az \u00e9vk\u00f6zi 23. vas\u00e1rnap. A j\u00f6v\u0151 h\u00e9ten, szerd\u00e1n, Kisboldogasszony \u00fcnnepe, 17 \u00f3rakor szentmise. (Kedden, szerd\u00e1n, cs\u00fct\u00f6rt\u00f6k\u00f6n 17 \u00f3rakor szentmise, p\u00e9nteken 18 \u00f3rakor igeliturgia, szombaton 18 \u00f3rakor szentmise.) Ma 15 \u00f3rakor kezd\u0151dik nyit\u00f3 szentmis\u00e9vel az Eukarisztikus Kongresszus (a Duna Tv k\u00f6zvet\u00edti). A kongresszus eg\u00e9sz h\u00e9ten tart, melynek soksz\u00edn\u0171 programjain r\u00e9szt lehet venni, de a legt\u00f6bb regisztr\u00e1ci\u00f3hoz k\u00f6t\u00f6tt (el\u0151ad\u00e1sok, kultur\u00e1lis rendezv\u00e9nyek). Szombaton 17 \u00f3rakor szentmise a Kossuth t\u00e9ren, melyet eukarisztikus gyerty\u00e1s k\u00f6rmenet k\u00f6vet az Andr\u00e1ssy \u00faton a H\u0151s\u00f6k ter\u00e9ig. A&#8230;<\/p>\n<p class=\"read-more\"><a class=\"btn btn-default\" href=\"https:\/\/marcali.plebania.hu\/?p=2773\"> Read More<span class=\"screen-reader-text\">  Read More<\/span><\/a><\/p>\n","protected":false},"author":2,"featured_media":0,"comment_status":"closed","ping_status":"open","sticky":false,"template":"","format":"standard","meta":{"footnotes":""},"categories":[1],"tags":[],"class_list":["post-2773","post","type-post","status-publish","format-standard","hentry","category-egyeb"],"_links":{"self":[{"href":"https:\/\/marcali.plebania.hu\/index.php?rest_route=\/wp\/v2\/posts\/2773","targetHints":{"allow":["GET"]}}],"collection":[{"href":"https:\/\/marcali.plebania.hu\/index.php?rest_route=\/wp\/v2\/posts"}],"about":[{"href":"https:\/\/marcali.plebania.hu\/index.php?rest_route=\/wp\/v2\/types\/post"}],"author":[{"embeddable":true,"href":"https:\/\/marcali.plebania.hu\/index.php?rest_route=\/wp\/v2\/users\/2"}],"replies":[{"embeddable":true,"href":"https:\/\/marcali.plebania.hu\/index.php?rest_route=%2Fwp%2Fv2%2Fcomments&post=2773"}],"version-history":[{"count":1,"href":"https:\/\/marcali.plebania.hu\/index.php?rest_route=\/wp\/v2\/posts\/2773\/revisions"}],"predecessor-version":[{"id":2774,"href":"https:\/\/marcali.plebania.hu\/index.php?rest_route=\/wp\/v2\/posts\/2773\/revisions\/2774"}],"wp:attachment":[{"href":"https:\/\/marcali.plebania.hu\/index.php?rest_route=%2Fwp%2Fv2%2Fmedia&parent=2773"}],"wp:term":[{"taxonomy":"category","embeddable":true,"href":"https:\/\/marcali.plebania.hu\/index.php?rest_route=%2Fwp%2Fv2%2Fcategories&post=2773"},{"taxonomy":"post_tag","embeddable":true,"href":"https:\/\/marcali.plebania.hu\/index.php?rest_route=%2Fwp%2Fv2%2Ftags&post=2773"}],"curies":[{"name":"wp","href":"https:\/\/api.w.org\/{rel}","templated":true}]}}