{"id":2775,"date":"2021-09-10T07:43:37","date_gmt":"2021-09-10T07:43:37","guid":{"rendered":"https:\/\/marcali.plebania.hu\/?p=2775"},"modified":"2021-09-10T07:43:37","modified_gmt":"2021-09-10T07:43:37","slug":"hirdetesek-2021-09-12","status":"publish","type":"post","link":"https:\/\/marcali.plebania.hu\/?p=2775","title":{"rendered":"Hirdet\u00e9sek, 2021. 09. 12."},"content":{"rendered":"\n<ol class=\"wp-block-list\"><li>Ma\nvan az \u00e9vk\u00f6zi 24. vas\u00e1rnap. Egyben M\u00e1ria neve napja. Isten \u00e9ltesse a M\u00e1ri\u00e1kat.\nMa a Duna Tv, a H\u00edr Tv \u00e9s a Bonum Tv is k\u00f6zvet\u00edti a NEK z\u00e1r\u00f3 szentmis\u00e9j\u00e9t,\nmelyet Ferenc p\u00e1pa celebr\u00e1l. A szentmise f\u00e9l 11-kor kezd\u0151dik, el\u0151tte kultur\u00e1lis\nfelvezet\u0151 m\u0171sorok.<\/li><li>H\u00e9tf\u0151n,\nszeptember 13-\u00e1n 17 \u00f3rakor fatimai engesztel\u00e9st tartunk, 18 \u00f3rakor szentmise.<\/li><li>Kedden,\nszerd\u00e1n, cs\u00fct\u00f6rt\u00f6k\u00f6n 17 \u00f3rakor szentmise, p\u00e9nteken 18 \u00f3rakor igeliturgia,\nszombaton 18 \u00f3rakor szentmise.<\/li><li>A\ntan\u00e9vkezd\u0151 szentmise szeptember 19-\u00e9n, j\u00f6v\u0151 vas\u00e1rnap 9 \u00f3rakor a pl\u00e9b\u00e1niatemplomban,\n18 \u00f3rakor a B. Gizella templomban.<\/li><li>A\nb\u00e9rm\u00e1l\u00e1s id\u0151pontja, okt\u00f3ber 9. (szombat) d\u00e9lel\u0151tt 10.30-kor. A tavalyi\nnyolcadikos hittanosok b\u00e9rm\u00e1lkoznak.<\/li><\/ol>\n","protected":false},"excerpt":{"rendered":"<p>Ma van az \u00e9vk\u00f6zi 24. vas\u00e1rnap. Egyben M\u00e1ria neve napja. Isten \u00e9ltesse a M\u00e1ri\u00e1kat. Ma a Duna Tv, a H\u00edr Tv \u00e9s a Bonum Tv is k\u00f6zvet\u00edti a NEK z\u00e1r\u00f3 szentmis\u00e9j\u00e9t, melyet Ferenc p\u00e1pa celebr\u00e1l. A szentmise f\u00e9l 11-kor kezd\u0151dik, el\u0151tte kultur\u00e1lis felvezet\u0151 m\u0171sorok. H\u00e9tf\u0151n, szeptember 13-\u00e1n 17 \u00f3rakor fatimai engesztel\u00e9st tartunk, 18 \u00f3rakor szentmise. Kedden, szerd\u00e1n, cs\u00fct\u00f6rt\u00f6k\u00f6n 17 \u00f3rakor szentmise, p\u00e9nteken 18 \u00f3rakor igeliturgia, szombaton 18 \u00f3rakor szentmise. A tan\u00e9vkezd\u0151 szentmise szeptember 19-\u00e9n, j\u00f6v\u0151 vas\u00e1rnap 9 \u00f3rakor a pl\u00e9b\u00e1niatemplomban,&#8230;<\/p>\n<p class=\"read-more\"><a class=\"btn btn-default\" href=\"https:\/\/marcali.plebania.hu\/?p=2775\"> Read More<span class=\"screen-reader-text\">  Read More<\/span><\/a><\/p>\n","protected":false},"author":2,"featured_media":0,"comment_status":"closed","ping_status":"open","sticky":false,"template":"","format":"standard","meta":{"footnotes":""},"categories":[1],"tags":[],"class_list":["post-2775","post","type-post","status-publish","format-standard","hentry","category-egyeb"],"_links":{"self":[{"href":"https:\/\/marcali.plebania.hu\/index.php?rest_route=\/wp\/v2\/posts\/2775","targetHints":{"allow":["GET"]}}],"collection":[{"href":"https:\/\/marcali.plebania.hu\/index.php?rest_route=\/wp\/v2\/posts"}],"about":[{"href":"https:\/\/marcali.plebania.hu\/index.php?rest_route=\/wp\/v2\/types\/post"}],"author":[{"embeddable":true,"href":"https:\/\/marcali.plebania.hu\/index.php?rest_route=\/wp\/v2\/users\/2"}],"replies":[{"embeddable":true,"href":"https:\/\/marcali.plebania.hu\/index.php?rest_route=%2Fwp%2Fv2%2Fcomments&post=2775"}],"version-history":[{"count":1,"href":"https:\/\/marcali.plebania.hu\/index.php?rest_route=\/wp\/v2\/posts\/2775\/revisions"}],"predecessor-version":[{"id":2776,"href":"https:\/\/marcali.plebania.hu\/index.php?rest_route=\/wp\/v2\/posts\/2775\/revisions\/2776"}],"wp:attachment":[{"href":"https:\/\/marcali.plebania.hu\/index.php?rest_route=%2Fwp%2Fv2%2Fmedia&parent=2775"}],"wp:term":[{"taxonomy":"category","embeddable":true,"href":"https:\/\/marcali.plebania.hu\/index.php?rest_route=%2Fwp%2Fv2%2Fcategories&post=2775"},{"taxonomy":"post_tag","embeddable":true,"href":"https:\/\/marcali.plebania.hu\/index.php?rest_route=%2Fwp%2Fv2%2Ftags&post=2775"}],"curies":[{"name":"wp","href":"https:\/\/api.w.org\/{rel}","templated":true}]}}