{"id":2777,"date":"2021-09-16T08:35:58","date_gmt":"2021-09-16T08:35:58","guid":{"rendered":"https:\/\/marcali.plebania.hu\/?p=2777"},"modified":"2021-09-16T08:35:58","modified_gmt":"2021-09-16T08:35:58","slug":"marcali-zarandokcsoport-is-reszt-vett-ferenc-papa-budapesti-szentmisejen","status":"publish","type":"post","link":"https:\/\/marcali.plebania.hu\/?p=2777","title":{"rendered":"Marcali zar\u00e1ndokcsoport is r\u00e9szt vett Ferenc p\u00e1pa budapesti szentmis\u00e9j\u00e9n"},"content":{"rendered":"\n<p>2021. szeptember 12-\u00e9n, vas\u00e1rnap, a kora reggeli \u00f3r\u00e1kban indult \u00fatnak a marcali zar\u00e1ndokcsoport k\u00fcl\u00f6nj\u00e1rati aut\u00f3busza a H\u0151s\u00f6k ter\u00e9r\u0151l, hogy r\u00e9szt vegyenek az 52. Nemzetk\u00f6zi Eucharisztikus Kongresszus (NEK) z\u00e1r\u00f3 szentmis\u00e9j\u00e9n, melyet Ferenc p\u00e1pa celebr\u00e1lt Budapesten, a H\u0151s\u00f6k ter\u00e9n.<\/p>\n\n\n\n<figure class=\"wp-block-gallery columns-3 is-cropped wp-block-gallery-1 is-layout-flex wp-block-gallery-is-layout-flex\"><ul class=\"blocks-gallery-grid\"><li class=\"blocks-gallery-item\"><figure><img loading=\"lazy\" decoding=\"async\" width=\"1024\" height=\"683\" src=\"https:\/\/marcali.plebania.hu\/wp-content\/uploads\/2021\/09\/06-1024x683.jpg\" alt=\"\" data-id=\"2778\" data-link=\"https:\/\/marcali.plebania.hu\/?attachment_id=2778\" class=\"wp-image-2778\" srcset=\"https:\/\/marcali.plebania.hu\/wp-content\/uploads\/2021\/09\/06-1024x683.jpg 1024w, https:\/\/marcali.plebania.hu\/wp-content\/uploads\/2021\/09\/06-300x200.jpg 300w, https:\/\/marcali.plebania.hu\/wp-content\/uploads\/2021\/09\/06-768x512.jpg 768w, https:\/\/marcali.plebania.hu\/wp-content\/uploads\/2021\/09\/06-1536x1024.jpg 1536w, https:\/\/marcali.plebania.hu\/wp-content\/uploads\/2021\/09\/06-2048x1365.jpg 2048w, https:\/\/marcali.plebania.hu\/wp-content\/uploads\/2021\/09\/06-405x270.jpg 405w\" sizes=\"auto, (max-width: 1024px) 100vw, 1024px\" \/><\/figure><\/li><li class=\"blocks-gallery-item\"><figure><img loading=\"lazy\" decoding=\"async\" width=\"1024\" height=\"683\" src=\"https:\/\/marcali.plebania.hu\/wp-content\/uploads\/2021\/09\/13-1024x683.jpg\" alt=\"\" data-id=\"2779\" data-link=\"https:\/\/marcali.plebania.hu\/?attachment_id=2779\" class=\"wp-image-2779\" srcset=\"https:\/\/marcali.plebania.hu\/wp-content\/uploads\/2021\/09\/13-1024x683.jpg 1024w, https:\/\/marcali.plebania.hu\/wp-content\/uploads\/2021\/09\/13-300x200.jpg 300w, https:\/\/marcali.plebania.hu\/wp-content\/uploads\/2021\/09\/13-768x512.jpg 768w, https:\/\/marcali.plebania.hu\/wp-content\/uploads\/2021\/09\/13-1536x1024.jpg 1536w, https:\/\/marcali.plebania.hu\/wp-content\/uploads\/2021\/09\/13-2048x1365.jpg 2048w, https:\/\/marcali.plebania.hu\/wp-content\/uploads\/2021\/09\/13-405x270.jpg 405w\" sizes=\"auto, (max-width: 1024px) 100vw, 1024px\" \/><\/figure><\/li><li class=\"blocks-gallery-item\"><figure><img loading=\"lazy\" decoding=\"async\" width=\"1024\" height=\"683\" src=\"https:\/\/marcali.plebania.hu\/wp-content\/uploads\/2021\/09\/18-1024x683.jpg\" alt=\"\" data-id=\"2780\" data-link=\"https:\/\/marcali.plebania.hu\/?attachment_id=2780\" class=\"wp-image-2780\" srcset=\"https:\/\/marcali.plebania.hu\/wp-content\/uploads\/2021\/09\/18-1024x683.jpg 1024w, https:\/\/marcali.plebania.hu\/wp-content\/uploads\/2021\/09\/18-300x200.jpg 300w, https:\/\/marcali.plebania.hu\/wp-content\/uploads\/2021\/09\/18-768x512.jpg 768w, https:\/\/marcali.plebania.hu\/wp-content\/uploads\/2021\/09\/18-1536x1024.jpg 1536w, https:\/\/marcali.plebania.hu\/wp-content\/uploads\/2021\/09\/18-2048x1365.jpg 2048w, https:\/\/marcali.plebania.hu\/wp-content\/uploads\/2021\/09\/18-405x270.jpg 405w\" sizes=\"auto, (max-width: 1024px) 100vw, 1024px\" \/><\/figure><\/li><li class=\"blocks-gallery-item\"><figure><img loading=\"lazy\" decoding=\"async\" width=\"1024\" height=\"683\" src=\"https:\/\/marcali.plebania.hu\/wp-content\/uploads\/2021\/09\/05-1024x683.jpg\" alt=\"\" data-id=\"2781\" data-full-url=\"https:\/\/marcali.plebania.hu\/wp-content\/uploads\/2021\/09\/05-scaled.jpg\" data-link=\"https:\/\/marcali.plebania.hu\/?attachment_id=2781\" class=\"wp-image-2781\" srcset=\"https:\/\/marcali.plebania.hu\/wp-content\/uploads\/2021\/09\/05-1024x683.jpg 1024w, https:\/\/marcali.plebania.hu\/wp-content\/uploads\/2021\/09\/05-300x200.jpg 300w, https:\/\/marcali.plebania.hu\/wp-content\/uploads\/2021\/09\/05-768x512.jpg 768w, https:\/\/marcali.plebania.hu\/wp-content\/uploads\/2021\/09\/05-1536x1024.jpg 1536w, https:\/\/marcali.plebania.hu\/wp-content\/uploads\/2021\/09\/05-2048x1365.jpg 2048w, https:\/\/marcali.plebania.hu\/wp-content\/uploads\/2021\/09\/05-405x270.jpg 405w\" sizes=\"auto, (max-width: 1024px) 100vw, 1024px\" \/><\/figure><\/li><\/ul><\/figure>\n\n\n\n<p>A v\u00e1rosb\u00f3l el\u0151zetesen 44 f\u0151 jelentkezett Gelencs\u00e9r R\u00f3bert vil\u00e1gi eln\u00f6kn\u00e9l \u00e9s feles\u00e9g\u00e9n\u00e9l, akik a Marcali R\u00f3mai Katolikus Egyh\u00e1zk\u00f6zs\u00e9g k\u00e9pviselet\u00e9ben r\u00e9szt vettek az el\u0151k\u00e9sz\u00fcleti munk\u00e1kban, illet\u0151leg regisztr\u00e1lt\u00e1k a szem\u00e9lyeket a NEK Titk\u00e1rs\u00e1g\u00e1nak honlapj\u00e1n. Aut\u00f3busszal \u00f6sszesen 37-en, vonattal \u00e9s aut\u00f3val 7-en indultak a nem mindennapi esem\u00e9nyre. Rajtuk k\u00edv\u00fcl ketten a keszthelyi csoporttal, egy Budapesten tanul\u00f3 egyetemista, pedig egy\u00e9ni regisztr\u00e1ci\u00f3val k\u00e9pviselte telep\u00fcl\u00e9s\u00fcnket \u00e9s egyh\u00e1zk\u00f6zs\u00e9g\u00fcnket a Statio Orbis-on. \u00datk\u00f6zben dr. Gyulain\u00e9 Domj\u00e1n Zsuzsanna hitoktat\u00f3n\u0151 vezet\u00e9s\u00e9vel, r\u00f3zsaf\u00fcz\u00e9r im\u00e1ds\u00e1ggal \u00e9s lelki r\u00e1hangol\u00f3d\u00e1ssal, gondolatokkal k\u00e9sz\u00edtette fel a csapatot a szentmis\u00e9re. Majd dr. Gyulai Botond akolitus pedig az eucharisztikus kongresszusok t\u00f6rt\u00e9net\u00e9t ismertette a jelenl\u00e9v\u0151kkel a buszon, mik\u00f6zben k\u00fcl\u00f6n kit\u00e9rt az 1938-as budapesti szervez\u00e9sre is. Nagy \u00f6r\u00f6m volt az odafel\u00e9 vezet\u0151 \u00faton, az egyik pihen\u0151helyen, ismer\u0151s mesztegny\u0151i zar\u00e1ndokokkal \u00f6sszefutni, akik szint\u00e9n a kongresszusra tartottak.<\/p>\n\n\n\n<figure class=\"wp-block-gallery columns-3 is-cropped wp-block-gallery-2 is-layout-flex wp-block-gallery-is-layout-flex\"><ul class=\"blocks-gallery-grid\"><li class=\"blocks-gallery-item\"><figure><img loading=\"lazy\" decoding=\"async\" width=\"1024\" height=\"683\" src=\"https:\/\/marcali.plebania.hu\/wp-content\/uploads\/2021\/09\/19-1024x683.jpg\" alt=\"\" data-id=\"2782\" data-link=\"https:\/\/marcali.plebania.hu\/?attachment_id=2782\" class=\"wp-image-2782\" srcset=\"https:\/\/marcali.plebania.hu\/wp-content\/uploads\/2021\/09\/19-1024x683.jpg 1024w, https:\/\/marcali.plebania.hu\/wp-content\/uploads\/2021\/09\/19-300x200.jpg 300w, https:\/\/marcali.plebania.hu\/wp-content\/uploads\/2021\/09\/19-768x512.jpg 768w, https:\/\/marcali.plebania.hu\/wp-content\/uploads\/2021\/09\/19-1536x1024.jpg 1536w, https:\/\/marcali.plebania.hu\/wp-content\/uploads\/2021\/09\/19-2048x1365.jpg 2048w, https:\/\/marcali.plebania.hu\/wp-content\/uploads\/2021\/09\/19-405x270.jpg 405w\" sizes=\"auto, (max-width: 1024px) 100vw, 1024px\" \/><\/figure><\/li><li class=\"blocks-gallery-item\"><figure><img loading=\"lazy\" decoding=\"async\" width=\"1024\" height=\"683\" src=\"https:\/\/marcali.plebania.hu\/wp-content\/uploads\/2021\/09\/20-1024x683.jpg\" alt=\"\" data-id=\"2783\" data-link=\"https:\/\/marcali.plebania.hu\/?attachment_id=2783\" class=\"wp-image-2783\" srcset=\"https:\/\/marcali.plebania.hu\/wp-content\/uploads\/2021\/09\/20-1024x683.jpg 1024w, https:\/\/marcali.plebania.hu\/wp-content\/uploads\/2021\/09\/20-300x200.jpg 300w, https:\/\/marcali.plebania.hu\/wp-content\/uploads\/2021\/09\/20-768x512.jpg 768w, https:\/\/marcali.plebania.hu\/wp-content\/uploads\/2021\/09\/20-1536x1024.jpg 1536w, https:\/\/marcali.plebania.hu\/wp-content\/uploads\/2021\/09\/20-2048x1365.jpg 2048w, https:\/\/marcali.plebania.hu\/wp-content\/uploads\/2021\/09\/20-405x270.jpg 405w\" sizes=\"auto, (max-width: 1024px) 100vw, 1024px\" \/><\/figure><\/li><li class=\"blocks-gallery-item\"><figure><img loading=\"lazy\" decoding=\"async\" width=\"1024\" height=\"683\" src=\"https:\/\/marcali.plebania.hu\/wp-content\/uploads\/2021\/09\/DSC_0230.jpg\" alt=\"\" data-id=\"2784\" data-link=\"https:\/\/marcali.plebania.hu\/?attachment_id=2784\" class=\"wp-image-2784\" srcset=\"https:\/\/marcali.plebania.hu\/wp-content\/uploads\/2021\/09\/DSC_0230.jpg 1024w, https:\/\/marcali.plebania.hu\/wp-content\/uploads\/2021\/09\/DSC_0230-300x200.jpg 300w, https:\/\/marcali.plebania.hu\/wp-content\/uploads\/2021\/09\/DSC_0230-768x512.jpg 768w, https:\/\/marcali.plebania.hu\/wp-content\/uploads\/2021\/09\/DSC_0230-405x270.jpg 405w\" sizes=\"auto, (max-width: 1024px) 100vw, 1024px\" \/><\/figure><\/li><li class=\"blocks-gallery-item\"><figure><img loading=\"lazy\" decoding=\"async\" width=\"1024\" height=\"683\" src=\"https:\/\/marcali.plebania.hu\/wp-content\/uploads\/2021\/09\/DSC_0265.jpg\" alt=\"\" data-id=\"2785\" data-full-url=\"https:\/\/marcali.plebania.hu\/wp-content\/uploads\/2021\/09\/DSC_0265.jpg\" data-link=\"https:\/\/marcali.plebania.hu\/?attachment_id=2785\" class=\"wp-image-2785\" srcset=\"https:\/\/marcali.plebania.hu\/wp-content\/uploads\/2021\/09\/DSC_0265.jpg 1024w, https:\/\/marcali.plebania.hu\/wp-content\/uploads\/2021\/09\/DSC_0265-300x200.jpg 300w, https:\/\/marcali.plebania.hu\/wp-content\/uploads\/2021\/09\/DSC_0265-768x512.jpg 768w, https:\/\/marcali.plebania.hu\/wp-content\/uploads\/2021\/09\/DSC_0265-405x270.jpg 405w\" sizes=\"auto, (max-width: 1024px) 100vw, 1024px\" \/><\/figure><\/li><\/ul><\/figure>\n\n\n\n<p>A\nMarcali zar\u00e1ndokok csak a szigor\u00fa biztons\u00e1gi int\u00e9zked\u00e9sek betart\u00e1s\u00e1val,\nillet\u0151leg alapos ellen\u0151rz\u00e9sek ut\u00e1n l\u00e9phettek be a Kod\u00e1ly k\u00f6r\u00f6nd\u00f6n kijel\u00f6lt\nszektorukba, ahol hatalmas kivet\u00edt\u0151k seg\u00edts\u00e9g\u00e9vel kapcsol\u00f3dhattak be a\nliturgi\u00e1ba. A szervez\u0151k megfelel\u0151 hangos\u00edt\u00e1sr\u00f3l is gondoskodtak, \u00edgy senki nem\nmaradt le a H\u0151s\u00f6k ter\u00e9n zajl\u00f3 esem\u00e9nyr\u0151l, illetve Ferenc p\u00e1pa protokoll\u00e1ris\nprogramj\u00e1r\u00f3l. Ezen k\u00edv\u00fcl sokan zsebr\u00e1di\u00f3kon a megfelel\u0151 frekvenci\u00e1kat\nbe\u00e1ll\u00edtva, illet\u0151leg mobil telefonokon kereszt\u00fcl n\u00e9zhett\u00e9k az \u00e9l\u0151 telev\u00edzi\u00f3s\nk\u00f6zvet\u00edt\u00e9st is az internetes kapcsolatok r\u00e9v\u00e9n.<\/p>\n\n\n\n<p>A z\u00e1r\u00f3 szentmise kezdete el\u0151tt \u2013 a Szentaty\u00e1t v\u00e1rva \u2013 m\u00e1r h\u00e1rom \u00f3r\u00e1val kor\u00e1bban megkezd\u0151d\u00f6tt a felk\u00e9sz\u00fcl\u00e9s, melyet k\u00fcl\u00f6nb\u00f6z\u0151 zen\u00e9kkel, \u00e9s tan\u00fas\u00e1gt\u00e9telekkel tettek sz\u00ednesebb\u00e9. A NEK h\u00edrn\u00f6kei: Ekler Luca \u00e9s Dani Gy\u00f6rgy paralimpikonok, valamint Pindroch Csaba \u00e9s Kubik Anna sz\u00ednm\u0171v\u00e9szek szem\u00e9lyes vallom\u00e1sokat tettek Istenkeres\u00e9s\u00fckr\u0151l \u00e9s a szeretet \u00e9letalak\u00edt\u00f3 hat\u00e1sair\u00f3l.<\/p>\n\n\n\n<figure class=\"wp-block-gallery columns-3 is-cropped wp-block-gallery-3 is-layout-flex wp-block-gallery-is-layout-flex\"><ul class=\"blocks-gallery-grid\"><li class=\"blocks-gallery-item\"><figure><img loading=\"lazy\" decoding=\"async\" width=\"1024\" height=\"683\" src=\"https:\/\/marcali.plebania.hu\/wp-content\/uploads\/2021\/09\/24-1024x683.jpg\" alt=\"\" data-id=\"2786\" data-link=\"https:\/\/marcali.plebania.hu\/?attachment_id=2786\" class=\"wp-image-2786\" srcset=\"https:\/\/marcali.plebania.hu\/wp-content\/uploads\/2021\/09\/24-1024x683.jpg 1024w, https:\/\/marcali.plebania.hu\/wp-content\/uploads\/2021\/09\/24-300x200.jpg 300w, https:\/\/marcali.plebania.hu\/wp-content\/uploads\/2021\/09\/24-768x512.jpg 768w, https:\/\/marcali.plebania.hu\/wp-content\/uploads\/2021\/09\/24-1536x1024.jpg 1536w, https:\/\/marcali.plebania.hu\/wp-content\/uploads\/2021\/09\/24-2048x1365.jpg 2048w, https:\/\/marcali.plebania.hu\/wp-content\/uploads\/2021\/09\/24-405x270.jpg 405w\" sizes=\"auto, (max-width: 1024px) 100vw, 1024px\" \/><\/figure><\/li><li class=\"blocks-gallery-item\"><figure><img loading=\"lazy\" decoding=\"async\" width=\"1024\" height=\"683\" src=\"https:\/\/marcali.plebania.hu\/wp-content\/uploads\/2021\/09\/26-1024x683.jpg\" alt=\"\" data-id=\"2788\" data-link=\"https:\/\/marcali.plebania.hu\/?attachment_id=2788\" class=\"wp-image-2788\" srcset=\"https:\/\/marcali.plebania.hu\/wp-content\/uploads\/2021\/09\/26-1024x683.jpg 1024w, https:\/\/marcali.plebania.hu\/wp-content\/uploads\/2021\/09\/26-300x200.jpg 300w, https:\/\/marcali.plebania.hu\/wp-content\/uploads\/2021\/09\/26-768x512.jpg 768w, https:\/\/marcali.plebania.hu\/wp-content\/uploads\/2021\/09\/26-1536x1024.jpg 1536w, https:\/\/marcali.plebania.hu\/wp-content\/uploads\/2021\/09\/26-2048x1365.jpg 2048w, https:\/\/marcali.plebania.hu\/wp-content\/uploads\/2021\/09\/26-405x270.jpg 405w\" sizes=\"auto, (max-width: 1024px) 100vw, 1024px\" \/><\/figure><\/li><li class=\"blocks-gallery-item\"><figure><img loading=\"lazy\" decoding=\"async\" width=\"1024\" height=\"683\" src=\"https:\/\/marcali.plebania.hu\/wp-content\/uploads\/2021\/09\/27-1024x683.jpg\" alt=\"\" data-id=\"2789\" data-link=\"https:\/\/marcali.plebania.hu\/?attachment_id=2789\" class=\"wp-image-2789\" srcset=\"https:\/\/marcali.plebania.hu\/wp-content\/uploads\/2021\/09\/27-1024x683.jpg 1024w, https:\/\/marcali.plebania.hu\/wp-content\/uploads\/2021\/09\/27-300x200.jpg 300w, https:\/\/marcali.plebania.hu\/wp-content\/uploads\/2021\/09\/27-768x512.jpg 768w, https:\/\/marcali.plebania.hu\/wp-content\/uploads\/2021\/09\/27-1536x1024.jpg 1536w, https:\/\/marcali.plebania.hu\/wp-content\/uploads\/2021\/09\/27-2048x1365.jpg 2048w, https:\/\/marcali.plebania.hu\/wp-content\/uploads\/2021\/09\/27-405x270.jpg 405w\" sizes=\"auto, (max-width: 1024px) 100vw, 1024px\" \/><\/figure><\/li><li class=\"blocks-gallery-item\"><figure><img loading=\"lazy\" decoding=\"async\" width=\"1024\" height=\"683\" src=\"https:\/\/marcali.plebania.hu\/wp-content\/uploads\/2021\/09\/25-1-1024x683.jpg\" alt=\"\" data-id=\"2790\" data-full-url=\"https:\/\/marcali.plebania.hu\/wp-content\/uploads\/2021\/09\/25-1-scaled.jpg\" data-link=\"https:\/\/marcali.plebania.hu\/?attachment_id=2790\" class=\"wp-image-2790\" srcset=\"https:\/\/marcali.plebania.hu\/wp-content\/uploads\/2021\/09\/25-1-1024x683.jpg 1024w, https:\/\/marcali.plebania.hu\/wp-content\/uploads\/2021\/09\/25-1-300x200.jpg 300w, https:\/\/marcali.plebania.hu\/wp-content\/uploads\/2021\/09\/25-1-768x512.jpg 768w, https:\/\/marcali.plebania.hu\/wp-content\/uploads\/2021\/09\/25-1-1536x1024.jpg 1536w, https:\/\/marcali.plebania.hu\/wp-content\/uploads\/2021\/09\/25-1-2048x1365.jpg 2048w, https:\/\/marcali.plebania.hu\/wp-content\/uploads\/2021\/09\/25-1-405x270.jpg 405w\" sizes=\"auto, (max-width: 1024px) 100vw, 1024px\" \/><\/figure><\/li><\/ul><\/figure>\n\n\n\n<p>K\u00f6zben a kivet\u00edt\u0151k\u00f6n rendszeresen mutatt\u00e1k Ferenc p\u00e1pa programj\u00e1t is. Majd pedig az \u00e1llami \u00e9s egyh\u00e1zi, valamint k\u00fcl\u00f6nb\u00f6z\u0151 vall\u00e1si felekezetek vezet\u0151ivel val\u00f3 tal\u00e1lkoz\u00f3ja ut\u00e1n, a t\u00f6bb sz\u00e1zezres t\u00f6meg \u00e9letre sz\u00f3l\u00f3 \u00e9lm\u00e9nye volt, amikor a Szentatya p\u00e1pamobilja az \u00fcnnepi szentmise el\u0151tt v\u00e9gighaladt \u00e9s \u00e1ld\u00e1st osztott a H\u0151s\u00f6k ter\u00e9r\u0151l a D\u00f3zsa Gy\u00f6rgy, majd az Andr\u00e1ssy \u00faton. Ferenc p\u00e1p\u00e1t mindenhol lelkesen integet\u0151 embert\u00f6meg fogadta. A marcaliak z\u00e1szlaja is ott lengett, melyet lelkes imak\u00f6ri tagok k\u00fcl\u00f6n erre az alkalomra \u00e9s az ut\u00f3kor sz\u00e1m\u00e1ra eml\u00e9keztet\u0151\u00fcl k\u00e9sz\u00edttettek.<\/p>\n\n\n\n<figure class=\"wp-block-gallery columns-3 is-cropped wp-block-gallery-4 is-layout-flex wp-block-gallery-is-layout-flex\"><ul class=\"blocks-gallery-grid\"><li class=\"blocks-gallery-item\"><figure><img loading=\"lazy\" decoding=\"async\" width=\"1024\" height=\"683\" src=\"https:\/\/marcali.plebania.hu\/wp-content\/uploads\/2021\/09\/41-1024x683.jpg\" alt=\"\" data-id=\"2791\" data-link=\"https:\/\/marcali.plebania.hu\/?attachment_id=2791\" class=\"wp-image-2791\" srcset=\"https:\/\/marcali.plebania.hu\/wp-content\/uploads\/2021\/09\/41-1024x683.jpg 1024w, https:\/\/marcali.plebania.hu\/wp-content\/uploads\/2021\/09\/41-300x200.jpg 300w, https:\/\/marcali.plebania.hu\/wp-content\/uploads\/2021\/09\/41-768x512.jpg 768w, https:\/\/marcali.plebania.hu\/wp-content\/uploads\/2021\/09\/41-1536x1024.jpg 1536w, https:\/\/marcali.plebania.hu\/wp-content\/uploads\/2021\/09\/41-2048x1365.jpg 2048w, https:\/\/marcali.plebania.hu\/wp-content\/uploads\/2021\/09\/41-405x270.jpg 405w\" sizes=\"auto, (max-width: 1024px) 100vw, 1024px\" \/><\/figure><\/li><li class=\"blocks-gallery-item\"><figure><img loading=\"lazy\" decoding=\"async\" width=\"1024\" height=\"683\" src=\"https:\/\/marcali.plebania.hu\/wp-content\/uploads\/2021\/09\/44-1024x683.jpg\" alt=\"\" data-id=\"2792\" data-link=\"https:\/\/marcali.plebania.hu\/?attachment_id=2792\" class=\"wp-image-2792\" srcset=\"https:\/\/marcali.plebania.hu\/wp-content\/uploads\/2021\/09\/44-1024x683.jpg 1024w, https:\/\/marcali.plebania.hu\/wp-content\/uploads\/2021\/09\/44-300x200.jpg 300w, https:\/\/marcali.plebania.hu\/wp-content\/uploads\/2021\/09\/44-768x512.jpg 768w, https:\/\/marcali.plebania.hu\/wp-content\/uploads\/2021\/09\/44-1536x1024.jpg 1536w, https:\/\/marcali.plebania.hu\/wp-content\/uploads\/2021\/09\/44-2048x1365.jpg 2048w, https:\/\/marcali.plebania.hu\/wp-content\/uploads\/2021\/09\/44-405x270.jpg 405w\" sizes=\"auto, (max-width: 1024px) 100vw, 1024px\" \/><\/figure><\/li><li class=\"blocks-gallery-item\"><figure><img loading=\"lazy\" decoding=\"async\" width=\"1024\" height=\"683\" src=\"https:\/\/marcali.plebania.hu\/wp-content\/uploads\/2021\/09\/DSC_0294.jpg\" alt=\"\" data-id=\"2793\" data-link=\"https:\/\/marcali.plebania.hu\/?attachment_id=2793\" class=\"wp-image-2793\" srcset=\"https:\/\/marcali.plebania.hu\/wp-content\/uploads\/2021\/09\/DSC_0294.jpg 1024w, https:\/\/marcali.plebania.hu\/wp-content\/uploads\/2021\/09\/DSC_0294-300x200.jpg 300w, https:\/\/marcali.plebania.hu\/wp-content\/uploads\/2021\/09\/DSC_0294-768x512.jpg 768w, https:\/\/marcali.plebania.hu\/wp-content\/uploads\/2021\/09\/DSC_0294-405x270.jpg 405w\" sizes=\"auto, (max-width: 1024px) 100vw, 1024px\" \/><\/figure><\/li><li class=\"blocks-gallery-item\"><figure><img loading=\"lazy\" decoding=\"async\" width=\"1024\" height=\"683\" src=\"https:\/\/marcali.plebania.hu\/wp-content\/uploads\/2021\/09\/DSC_0320.jpg\" alt=\"\" data-id=\"2794\" data-full-url=\"https:\/\/marcali.plebania.hu\/wp-content\/uploads\/2021\/09\/DSC_0320.jpg\" data-link=\"https:\/\/marcali.plebania.hu\/?attachment_id=2794\" class=\"wp-image-2794\" srcset=\"https:\/\/marcali.plebania.hu\/wp-content\/uploads\/2021\/09\/DSC_0320.jpg 1024w, https:\/\/marcali.plebania.hu\/wp-content\/uploads\/2021\/09\/DSC_0320-300x200.jpg 300w, https:\/\/marcali.plebania.hu\/wp-content\/uploads\/2021\/09\/DSC_0320-768x512.jpg 768w, https:\/\/marcali.plebania.hu\/wp-content\/uploads\/2021\/09\/DSC_0320-405x270.jpg 405w\" sizes=\"auto, (max-width: 1024px) 100vw, 1024px\" \/><\/figure><\/li><\/ul><\/figure>\n\n\n\n<p>Az\n52. Nemzetk\u00f6zi Eucharisztikus Kongresszus z\u00e1r\u00f3 szentmis\u00e9j\u00e9n Erd\u0151 P\u00e9ter b\u00edboros,\npr\u00edm\u00e1s k\u00f6sz\u00f6nt\u0151j\u00e9ben a k\u00f6vetkez\u0151ket mondta: \u201ea Statio Orbis \u2013 nagyon er\u0151s\nszimb\u00f3lum: kifejezi egys\u00e9g\u00fcnket Krisztus k\u00f6r\u00fcl, Szent P\u00e9ter ut\u00f3da vezet\u00e9s\u00e9vel,\naz eg\u00e9sz vil\u00e1gb\u00f3l ide\u00e9rkezett p\u00fcsp\u00f6k\u00f6kkel, papokkal, diak\u00f3nusokkal,\nszerzetesekkel \u00e9s szerzetesn\u0151kkel, \u00e9s valamennyi h\u00edv\u0151vel; az \u00f6kumenikus jelenl\u00e9t\npedig k\u00f6z\u00f6s v\u00e1gyunkat minden megkeresztelt ember egys\u00e9ge ir\u00e1nt.\u201d Ennek az\negys\u00e9gnek az \u00e9p\u00edt\u00e9s\u00e9t szolg\u00e1lja ez az \u00fcnnep is, amikor jelen vannak a\ntestv\u00e9regyh\u00e1zak k\u00e9pvisel\u0151i: I. Bartholomaiosz konstantin\u00e1polyi p\u00e1tri\u00e1rka, az\nortodoxia, illetve a zsid\u00f3 vall\u00e1s k\u00e9pvisel\u0151i, valamint olyanok is, akiknek m\u00e1s\na vil\u00e1gn\u00e9zet\u00fck. \u201eBudapest \u2013 Magyarorsz\u00e1g \u00e9s Eur\u00f3pa sz\u00edv\u00e9ben \u2013 a hidak v\u00e1rosa.\nHivat\u00e1sunknak \u00e9rezz\u00fck, hogy h\u00edd legy\u00fcnk Kelet \u00e9s Nyugat k\u00f6z\u00f6tt, a k\u00fcl\u00f6nb\u00f6z\u0151\nkultur\u00e1lis \u00e9s vall\u00e1si vil\u00e1gok, a nemzetek k\u00f6z\u00f6tt\u201d \u2013 hangs\u00falyozta a b\u00edboros. \u201eEzt\ntessz\u00fck lelkiismeret\u00fcnk \u00e1ltal \u00f6szt\u00f6n\u00f6zve, v\u00e9rtan\u00faink \u00e9s hitvall\u00f3ink nyomdokain\na krisztusi \u00e9letszents\u00e9gre t\u00f6rekedve.\u201d<\/p>\n\n\n\n<p>Az\nistentiszteleten Ferenc p\u00e1pa szentbesz\u00e9d\u00e9ben a: \u201eH\u00e1t ti mit mondotok, ki\nvagyok?\u201d \u2013 J\u00e9zus tan\u00edtv\u00e1nyainak feltett k\u00e9rd\u00e9s\u00e9re P\u00e9ter reakci\u00f3inak \u00fatj\u00e1t\nk\u00f6vetve adott v\u00e1laszt. P\u00e9ter ezen az \u00faton eljutott J\u00e9zus csod\u00e1lat\u00e1b\u00f3l J\u00e9zus\nk\u00f6vet\u00e9s\u00e9re. A p\u00e1pa azt k\u00e9rte, haladjunk vele ezen az \u00faton, \u00e9s mi is adjuk meg\nsaj\u00e1t v\u00e1laszunkat.<\/p>\n\n\n\n<p>J\u00e9zus\nfokozatosan fedte fel h\u00fasv\u00e9ti identit\u00e1s\u00e1t \u2013 a val\u00f3di J\u00e9zust, aki azonban nem az\nvolt, akit a vil\u00e1g v\u00e1rt. A vil\u00e1g az uralkod\u00f3t v\u00e1rta, a val\u00f3di J\u00e9zus azonban nem\ner\u0151vel uralkodik, nem hallgattatja el ellens\u00e9geit. A val\u00f3di J\u00e9zust az\nEuchariszti\u00e1ban fedezhetj\u00fck fel: J\u00e9zus a megt\u00f6rt keny\u00e9r, a keresztre szegezett\n\u00e9s m\u00e1sok\u00e9rt odaaj\u00e1nd\u00e9kozott szeretet. \u00dar egy keny\u00e9r egyszer\u0171 form\u00e1j\u00e1ban: mindig\nvel\u00fcnk van, \u00e9s engedi, hogy megt\u00f6rj\u00fck, sz\u00e9tosszuk, \u00e9s t\u00e1pl\u00e1l\u00e9kunkk\u00e1 v\u00e1lik.\nSzolg\u00e1v\u00e1 lesz az\u00e9rt, hogy \u00fcdv\u00f6z\u00edtsen benn\u00fcnket, meghal az\u00e9rt, hogy nek\u00fcnk \u00e9let\u00fcnk\nlegyen. Benne a szeretet \u00e1ll el\u00e9nk, \u00e9s k\u00fcl\u00f6nbs\u00e9gt\u00e9telt k\u00e9r: v\u00e1lasztanunk kell a\nval\u00f3di Isten \u00e9s \u00e9n\u00fcnk istene k\u00f6z\u00f6tt.<\/p>\n\n\n\n<p>Ahogyan\nP\u00e9ter is sz\u00edvesebben l\u00e1zadt, amikor felmer\u00fclt a f\u00e1jdalom perspekt\u00edv\u00e1ja, \u00fagy mi\nis legsz\u00edvesebben elfordulunk a keresztt\u0151l. \u201eJ\u00e9zus azonban megr\u00e1z benn\u00fcnket.\nAzt v\u00e1rja, hogy a kereszt el\u0151tt megtiszt\u00edtsuk vall\u00e1soss\u00e1gunkat, \u00e9s engedj\u00fck,\nhogy J\u00e9zus kigy\u00f3gy\u00edtson a bez\u00e1rk\u00f3z\u00e1sb\u00f3l, hogy megnyisson az osztoz\u00e1sra. Ez\nbens\u0151nk gy\u00f3gyul\u00e1s\u00e1t hozza, \u00e9s elind\u00edt azon az \u00faton, amely mindig a m\u00e1sik jav\u00e1t\nkeresi, eg\u00e9szen \u00f6nmaga fel\u00e1ldoz\u00e1s\u00e1ig.<\/p>\n\n\n\n<p>P\u00e9ter\nezt az utat j\u00e1rja, m\u00edg megtal\u00e1lja a maga v\u00e1lasz\u00e1t. Felismeri, ki az igazi\nJ\u00e9zus, \u00e9s b\u00e1r m\u00e9g elbotlik, de megbocs\u00e1t\u00e1sr\u00f3l megbocs\u00e1t\u00e1sra egyre jobban\nfelismeri Isten arc\u00e1t, m\u00edg v\u00e9g\u00fcl eljut a term\u00e9ketlen csod\u00e1latt\u00f3l Krisztus\nval\u00f3di k\u00f6vet\u00e9s\u00e9re.<\/p>\n\n\n\n<p>T\u0151l\u00fcnk\nis ezt k\u00e9ri Krisztus. Ferenc p\u00e1pa arra biztatott: nyerj\u00fcnk ehhez er\u0151t a\nszents\u00e9gim\u00e1d\u00e1sb\u00f3l, sz\u00e1njunk erre mindig id\u0151t. Az \u00dar mindig ott van vel\u00fcnk.<\/p>\n\n\n\n<p>Erre h\u00edv minket is a NEK \u00e9s a mai nap. El\u0151re kell n\u00e9zn\u00fcnk. Legyen ebben kiindul\u00f3pont a ma adott v\u00e1laszunk, \u00e9s mindennap \u00e9bredjen benn\u00fcnk \u00fajra a k\u00e9rd\u00e9s: \u201eH\u00e1t ti mit mondotok, ki vagyok?\u201d<\/p>\n\n\n\n<figure class=\"wp-block-gallery columns-3 is-cropped wp-block-gallery-5 is-layout-flex wp-block-gallery-is-layout-flex\"><ul class=\"blocks-gallery-grid\"><li class=\"blocks-gallery-item\"><figure><img loading=\"lazy\" decoding=\"async\" width=\"1024\" height=\"683\" src=\"https:\/\/marcali.plebania.hu\/wp-content\/uploads\/2021\/09\/DSC_0380.jpg\" alt=\"\" data-id=\"2795\" data-link=\"https:\/\/marcali.plebania.hu\/?attachment_id=2795\" class=\"wp-image-2795\" srcset=\"https:\/\/marcali.plebania.hu\/wp-content\/uploads\/2021\/09\/DSC_0380.jpg 1024w, https:\/\/marcali.plebania.hu\/wp-content\/uploads\/2021\/09\/DSC_0380-300x200.jpg 300w, https:\/\/marcali.plebania.hu\/wp-content\/uploads\/2021\/09\/DSC_0380-768x512.jpg 768w, https:\/\/marcali.plebania.hu\/wp-content\/uploads\/2021\/09\/DSC_0380-405x270.jpg 405w\" sizes=\"auto, (max-width: 1024px) 100vw, 1024px\" \/><\/figure><\/li><li class=\"blocks-gallery-item\"><figure><img loading=\"lazy\" decoding=\"async\" width=\"1024\" height=\"683\" src=\"https:\/\/marcali.plebania.hu\/wp-content\/uploads\/2021\/09\/DSC_0384.jpg\" alt=\"\" data-id=\"2796\" data-link=\"https:\/\/marcali.plebania.hu\/?attachment_id=2796\" class=\"wp-image-2796\" srcset=\"https:\/\/marcali.plebania.hu\/wp-content\/uploads\/2021\/09\/DSC_0384.jpg 1024w, https:\/\/marcali.plebania.hu\/wp-content\/uploads\/2021\/09\/DSC_0384-300x200.jpg 300w, https:\/\/marcali.plebania.hu\/wp-content\/uploads\/2021\/09\/DSC_0384-768x512.jpg 768w, https:\/\/marcali.plebania.hu\/wp-content\/uploads\/2021\/09\/DSC_0384-405x270.jpg 405w\" sizes=\"auto, (max-width: 1024px) 100vw, 1024px\" \/><\/figure><\/li><li class=\"blocks-gallery-item\"><figure><img loading=\"lazy\" decoding=\"async\" width=\"1024\" height=\"683\" src=\"https:\/\/marcali.plebania.hu\/wp-content\/uploads\/2021\/09\/DSC_0448.jpg\" alt=\"\" data-id=\"2797\" data-link=\"https:\/\/marcali.plebania.hu\/?attachment_id=2797\" class=\"wp-image-2797\" srcset=\"https:\/\/marcali.plebania.hu\/wp-content\/uploads\/2021\/09\/DSC_0448.jpg 1024w, https:\/\/marcali.plebania.hu\/wp-content\/uploads\/2021\/09\/DSC_0448-300x200.jpg 300w, https:\/\/marcali.plebania.hu\/wp-content\/uploads\/2021\/09\/DSC_0448-768x512.jpg 768w, https:\/\/marcali.plebania.hu\/wp-content\/uploads\/2021\/09\/DSC_0448-405x270.jpg 405w\" sizes=\"auto, (max-width: 1024px) 100vw, 1024px\" \/><\/figure><\/li><li class=\"blocks-gallery-item\"><figure><img loading=\"lazy\" decoding=\"async\" width=\"1024\" height=\"683\" src=\"https:\/\/marcali.plebania.hu\/wp-content\/uploads\/2021\/09\/DSC_0408.jpg\" alt=\"\" data-id=\"2798\" data-full-url=\"https:\/\/marcali.plebania.hu\/wp-content\/uploads\/2021\/09\/DSC_0408.jpg\" data-link=\"https:\/\/marcali.plebania.hu\/?attachment_id=2798\" class=\"wp-image-2798\" srcset=\"https:\/\/marcali.plebania.hu\/wp-content\/uploads\/2021\/09\/DSC_0408.jpg 1024w, https:\/\/marcali.plebania.hu\/wp-content\/uploads\/2021\/09\/DSC_0408-300x200.jpg 300w, https:\/\/marcali.plebania.hu\/wp-content\/uploads\/2021\/09\/DSC_0408-768x512.jpg 768w, https:\/\/marcali.plebania.hu\/wp-content\/uploads\/2021\/09\/DSC_0408-405x270.jpg 405w\" sizes=\"auto, (max-width: 1024px) 100vw, 1024px\" \/><\/figure><\/li><\/ul><\/figure>\n\n\n\n<p>A NEK z\u00e1r\u00f3 szentmis\u00e9j\u00e9n mintegy 100 p\u00fcsp\u00f6k \u00e9s sok sz\u00e1z pap koncelebr\u00e1lt egy\u00fctt, a Magyar Katolikus P\u00fcsp\u00f6ki Konferencia (MKPK) tagjaival \u00e9s sok vend\u00e9g f\u0151p\u00e1sztorral. Kifejezetten erre az alkalomra \u00e1llt \u00f6ssze Kod\u00e1ly Zolt\u00e1n Magyar K\u00f3rusiskola vegyeskar\u00e1b\u00f3l \u00e9s a K\u00e1rp\u00e1t-medencei magyars\u00e1g katolikus \u00e9nekkaraib\u00f3l egy 2.140 f\u0151s k\u00f3rus, melyet Varga L\u00e1szl\u00f3, az Orsz\u00e1gos Magyar Cec\u00edlia Egyes\u00fclet (OMCE) k\u00f6zponti igazgat\u00f3ja, a v\u00e1ci sz\u00e9kesegyh\u00e1z karnagya szervezett egybe, illet\u0151leg a Magyar \u00c1llami Operah\u00e1z Zenekara k\u00eds\u00e9rt. A zenei rendez\u0151 ifj. Sapszon Ferenc volt. A v\u00e1ltozatos zenei reperto\u00e1rban a gregori\u00e1nt\u00f3l, a klasszikus polif\u00f3ni\u00e1n \u00e1t a k\u00e9s\u0151bbi zenei korszakok sz\u00e1mos remekm\u0171ve is megsz\u00f3lalt.<\/p>\n\n\n\n<figure class=\"wp-block-gallery columns-3 is-cropped wp-block-gallery-6 is-layout-flex wp-block-gallery-is-layout-flex\"><ul class=\"blocks-gallery-grid\"><li class=\"blocks-gallery-item\"><figure><img loading=\"lazy\" decoding=\"async\" width=\"1024\" height=\"683\" src=\"https:\/\/marcali.plebania.hu\/wp-content\/uploads\/2021\/09\/47-1024x683.jpg\" alt=\"\" data-id=\"2799\" data-link=\"https:\/\/marcali.plebania.hu\/?attachment_id=2799\" class=\"wp-image-2799\" srcset=\"https:\/\/marcali.plebania.hu\/wp-content\/uploads\/2021\/09\/47-1024x683.jpg 1024w, https:\/\/marcali.plebania.hu\/wp-content\/uploads\/2021\/09\/47-300x200.jpg 300w, https:\/\/marcali.plebania.hu\/wp-content\/uploads\/2021\/09\/47-768x512.jpg 768w, https:\/\/marcali.plebania.hu\/wp-content\/uploads\/2021\/09\/47-1536x1024.jpg 1536w, https:\/\/marcali.plebania.hu\/wp-content\/uploads\/2021\/09\/47-2048x1365.jpg 2048w, https:\/\/marcali.plebania.hu\/wp-content\/uploads\/2021\/09\/47-405x270.jpg 405w\" sizes=\"auto, (max-width: 1024px) 100vw, 1024px\" \/><\/figure><\/li><li class=\"blocks-gallery-item\"><figure><img loading=\"lazy\" decoding=\"async\" width=\"1024\" height=\"683\" src=\"https:\/\/marcali.plebania.hu\/wp-content\/uploads\/2021\/09\/51-1024x683.jpg\" alt=\"\" data-id=\"2800\" data-link=\"https:\/\/marcali.plebania.hu\/?attachment_id=2800\" class=\"wp-image-2800\" srcset=\"https:\/\/marcali.plebania.hu\/wp-content\/uploads\/2021\/09\/51-1024x683.jpg 1024w, https:\/\/marcali.plebania.hu\/wp-content\/uploads\/2021\/09\/51-300x200.jpg 300w, https:\/\/marcali.plebania.hu\/wp-content\/uploads\/2021\/09\/51-768x512.jpg 768w, https:\/\/marcali.plebania.hu\/wp-content\/uploads\/2021\/09\/51-1536x1024.jpg 1536w, https:\/\/marcali.plebania.hu\/wp-content\/uploads\/2021\/09\/51-2048x1365.jpg 2048w, https:\/\/marcali.plebania.hu\/wp-content\/uploads\/2021\/09\/51-405x270.jpg 405w\" sizes=\"auto, (max-width: 1024px) 100vw, 1024px\" \/><\/figure><\/li><li class=\"blocks-gallery-item\"><figure><img loading=\"lazy\" decoding=\"async\" width=\"1024\" height=\"683\" src=\"https:\/\/marcali.plebania.hu\/wp-content\/uploads\/2021\/09\/54-1024x683.jpg\" alt=\"\" data-id=\"2801\" data-link=\"https:\/\/marcali.plebania.hu\/?attachment_id=2801\" class=\"wp-image-2801\" srcset=\"https:\/\/marcali.plebania.hu\/wp-content\/uploads\/2021\/09\/54-1024x683.jpg 1024w, https:\/\/marcali.plebania.hu\/wp-content\/uploads\/2021\/09\/54-300x200.jpg 300w, https:\/\/marcali.plebania.hu\/wp-content\/uploads\/2021\/09\/54-768x512.jpg 768w, https:\/\/marcali.plebania.hu\/wp-content\/uploads\/2021\/09\/54-1536x1024.jpg 1536w, https:\/\/marcali.plebania.hu\/wp-content\/uploads\/2021\/09\/54-2048x1365.jpg 2048w, https:\/\/marcali.plebania.hu\/wp-content\/uploads\/2021\/09\/54-405x270.jpg 405w\" sizes=\"auto, (max-width: 1024px) 100vw, 1024px\" \/><\/figure><\/li><li class=\"blocks-gallery-item\"><figure><img loading=\"lazy\" decoding=\"async\" width=\"1024\" height=\"683\" src=\"https:\/\/marcali.plebania.hu\/wp-content\/uploads\/2021\/09\/57-1024x683.jpg\" alt=\"\" data-id=\"2803\" data-full-url=\"https:\/\/marcali.plebania.hu\/wp-content\/uploads\/2021\/09\/57-scaled.jpg\" data-link=\"https:\/\/marcali.plebania.hu\/?attachment_id=2803\" class=\"wp-image-2803\" srcset=\"https:\/\/marcali.plebania.hu\/wp-content\/uploads\/2021\/09\/57-1024x683.jpg 1024w, https:\/\/marcali.plebania.hu\/wp-content\/uploads\/2021\/09\/57-300x200.jpg 300w, https:\/\/marcali.plebania.hu\/wp-content\/uploads\/2021\/09\/57-768x512.jpg 768w, https:\/\/marcali.plebania.hu\/wp-content\/uploads\/2021\/09\/57-1536x1024.jpg 1536w, https:\/\/marcali.plebania.hu\/wp-content\/uploads\/2021\/09\/57-2048x1365.jpg 2048w, https:\/\/marcali.plebania.hu\/wp-content\/uploads\/2021\/09\/57-405x270.jpg 405w\" sizes=\"auto, (max-width: 1024px) 100vw, 1024px\" \/><\/figure><\/li><\/ul><\/figure>\n\n\n\n<p>A\nszentmise a p\u00e1pai, a magyar himnusz, valamint a Boldogasszony any\u00e1nk kezdet\u0171 n\u00e9p\u00e9nekekkel z\u00e1rult.<\/p>\n\n\n\n<p>V\u00e9g\u00fcl\nFerenc p\u00e1pa vezet\u00e9s\u00e9vel elim\u00e1dkozt\u00e1k az \u00darangyal\u00e1t. Ezut\u00e1n a Szentatya Isten\n\u00e1ld\u00e1s\u00e1t k\u00e9rte a magyars\u00e1gra, majd k\u00f6sz\u00f6net\u00e9t fejezte ki: \u201eK\u00f6sz\u00f6n\u00f6m a nagy\nmagyar kereszt\u00e9ny csal\u00e1dnak, amelyet szeretn\u00e9k magamhoz \u00f6lelni k\u00fcl\u00f6nb\u00f6z\u0151\nr\u00edtusaival, t\u00f6rt\u00e9nelm\u00e9vel, a katolikus \u00e9s m\u00e1s felekezetekhez tartoz\u00f3\ntestv\u00e9rekkel, akik valamennyien a teljes egys\u00e9g ir\u00e1ny\u00e1ba haladunk.\u201d<\/p>\n\n\n\n<p>Azt\nk\u00edv\u00e1nta a Szentatya, hogy a kereszt legyen sz\u00e1munkra a h\u00edd a m\u00falt \u00e9s j\u00f6v\u0151\nk\u00f6z\u00f6tt. \u201eA vall\u00e1sos \u00e9rz\u00e9s ennek a gy\u00f6kereihez olyannyira k\u00f6t\u0151d\u0151 nemzetnek az\n\u00e9ltet\u0151 nedve. De a f\u00f6ldbe sz\u00fart kereszt nemcsak arra ind\u00edt benn\u00fcnket, hogy j\u00f3l\ngy\u00f6kerezz\u00fcnk meg, hanem a magasba is ny\u00falik \u00e9s kit\u00e1rja karjait mindenki fel\u00e9.\nArra h\u00edv, hogy ragaszkodjunk gy\u00f6kereinkhez, de ne el\u00e9gedj\u00fcnk meg ezzel; hogy\nmer\u00edts\u00fcnk a forr\u00e1sb\u00f3l \u00e9s adjunk inni mindazoknak, akik szomjaznak a mi\nkorunkban. Azt k\u00edv\u00e1nom nektek, hogy legyetek ilyenek: megalapozottak \u00e9s\nnyitottak, m\u00e9lyen gy\u00f6kerez\u0151ek \u00e9s m\u00e1sokat tisztel\u0151k. Veletek \u00e9s \u00e9rtetek mondom:\nIsten, \u00e1ldd meg a magyart!\u201d \u2013 k\u00e9rt \u00e1ld\u00e1st a magyar n\u00e9pre a katolikus egyh\u00e1zf\u0151.<\/p>\n\n\n\n<p>A szentmis\u00e9n r\u00e9szt vett \u00c1der J\u00e1nos k\u00f6zt\u00e1rsas\u00e1gi eln\u00f6k; Orb\u00e1n Viktor minisztereln\u00f6k; Semj\u00e9n Zsolt minisztereln\u00f6k-helyettes; K\u00f6v\u00e9r L\u00e1szl\u00f3, az Orsz\u00e1ggy\u0171l\u00e9s eln\u00f6ke; Sulyok Tam\u00e1s, az Alkotm\u00e1nyb\u00edr\u00f3s\u00e1g eln\u00f6ke; Varga Zs. Andr\u00e1s, a K\u00faria eln\u00f6ke; Varga Judit igazs\u00e1g\u00fcgyi miniszter; Benk\u0151 Tibor honv\u00e9delmi miniszter; Solt\u00e9sz Mikl\u00f3s, a Minisztereln\u00f6ks\u00e9g egyh\u00e1zi \u00e9s nemzetis\u00e9gi kapcsolatok\u00e9rt felel\u0151s \u00e1llamtitk\u00e1ra; Schmitt P\u00e1l volt \u00e1llamf\u0151; Lomnici Zolt\u00e1n, az Emberi M\u00e9lt\u00f3s\u00e1g Tan\u00e1cs\u00e1nak eln\u00f6ke \u00e9s Kar\u00e1csony Gergely, Budapest f\u0151polg\u00e1rmestere is.<\/p>\n\n\n\n<figure class=\"wp-block-gallery columns-3 is-cropped wp-block-gallery-7 is-layout-flex wp-block-gallery-is-layout-flex\"><ul class=\"blocks-gallery-grid\"><li class=\"blocks-gallery-item\"><figure><img loading=\"lazy\" decoding=\"async\" width=\"1024\" height=\"683\" src=\"https:\/\/marcali.plebania.hu\/wp-content\/uploads\/2021\/09\/69-1024x683.jpg\" alt=\"\" data-id=\"2804\" data-link=\"https:\/\/marcali.plebania.hu\/?attachment_id=2804\" class=\"wp-image-2804\" srcset=\"https:\/\/marcali.plebania.hu\/wp-content\/uploads\/2021\/09\/69-1024x683.jpg 1024w, https:\/\/marcali.plebania.hu\/wp-content\/uploads\/2021\/09\/69-300x200.jpg 300w, https:\/\/marcali.plebania.hu\/wp-content\/uploads\/2021\/09\/69-768x512.jpg 768w, https:\/\/marcali.plebania.hu\/wp-content\/uploads\/2021\/09\/69-1536x1024.jpg 1536w, https:\/\/marcali.plebania.hu\/wp-content\/uploads\/2021\/09\/69-2048x1365.jpg 2048w, https:\/\/marcali.plebania.hu\/wp-content\/uploads\/2021\/09\/69-405x270.jpg 405w\" sizes=\"auto, (max-width: 1024px) 100vw, 1024px\" \/><\/figure><\/li><li class=\"blocks-gallery-item\"><figure><img loading=\"lazy\" decoding=\"async\" width=\"1024\" height=\"683\" src=\"https:\/\/marcali.plebania.hu\/wp-content\/uploads\/2021\/09\/67-1024x683.jpg\" alt=\"\" data-id=\"2805\" data-link=\"https:\/\/marcali.plebania.hu\/?attachment_id=2805\" class=\"wp-image-2805\" srcset=\"https:\/\/marcali.plebania.hu\/wp-content\/uploads\/2021\/09\/67-1024x683.jpg 1024w, https:\/\/marcali.plebania.hu\/wp-content\/uploads\/2021\/09\/67-300x200.jpg 300w, https:\/\/marcali.plebania.hu\/wp-content\/uploads\/2021\/09\/67-768x512.jpg 768w, https:\/\/marcali.plebania.hu\/wp-content\/uploads\/2021\/09\/67-1536x1024.jpg 1536w, https:\/\/marcali.plebania.hu\/wp-content\/uploads\/2021\/09\/67-2048x1365.jpg 2048w, https:\/\/marcali.plebania.hu\/wp-content\/uploads\/2021\/09\/67-405x270.jpg 405w\" sizes=\"auto, (max-width: 1024px) 100vw, 1024px\" \/><\/figure><\/li><li class=\"blocks-gallery-item\"><figure><img loading=\"lazy\" decoding=\"async\" width=\"1024\" height=\"683\" src=\"https:\/\/marcali.plebania.hu\/wp-content\/uploads\/2021\/09\/63-1024x683.jpg\" alt=\"\" data-id=\"2806\" data-link=\"https:\/\/marcali.plebania.hu\/?attachment_id=2806\" class=\"wp-image-2806\" srcset=\"https:\/\/marcali.plebania.hu\/wp-content\/uploads\/2021\/09\/63-1024x683.jpg 1024w, https:\/\/marcali.plebania.hu\/wp-content\/uploads\/2021\/09\/63-300x200.jpg 300w, https:\/\/marcali.plebania.hu\/wp-content\/uploads\/2021\/09\/63-768x512.jpg 768w, https:\/\/marcali.plebania.hu\/wp-content\/uploads\/2021\/09\/63-1536x1024.jpg 1536w, https:\/\/marcali.plebania.hu\/wp-content\/uploads\/2021\/09\/63-2048x1365.jpg 2048w, https:\/\/marcali.plebania.hu\/wp-content\/uploads\/2021\/09\/63-405x270.jpg 405w\" sizes=\"auto, (max-width: 1024px) 100vw, 1024px\" \/><\/figure><\/li><li class=\"blocks-gallery-item\"><figure><img loading=\"lazy\" decoding=\"async\" width=\"1024\" height=\"683\" src=\"https:\/\/marcali.plebania.hu\/wp-content\/uploads\/2021\/09\/62-1024x683.jpg\" alt=\"\" data-id=\"2807\" data-full-url=\"https:\/\/marcali.plebania.hu\/wp-content\/uploads\/2021\/09\/62-scaled.jpg\" data-link=\"https:\/\/marcali.plebania.hu\/?attachment_id=2807\" class=\"wp-image-2807\" srcset=\"https:\/\/marcali.plebania.hu\/wp-content\/uploads\/2021\/09\/62-1024x683.jpg 1024w, https:\/\/marcali.plebania.hu\/wp-content\/uploads\/2021\/09\/62-300x200.jpg 300w, https:\/\/marcali.plebania.hu\/wp-content\/uploads\/2021\/09\/62-768x512.jpg 768w, https:\/\/marcali.plebania.hu\/wp-content\/uploads\/2021\/09\/62-1536x1024.jpg 1536w, https:\/\/marcali.plebania.hu\/wp-content\/uploads\/2021\/09\/62-2048x1365.jpg 2048w, https:\/\/marcali.plebania.hu\/wp-content\/uploads\/2021\/09\/62-405x270.jpg 405w\" sizes=\"auto, (max-width: 1024px) 100vw, 1024px\" \/><\/figure><\/li><\/ul><\/figure>\n\n\n\n<p>A\nNemzetk\u00f6zi Eucharisztikus Kongresszusokat z\u00e1r\u00f3 szentmis\u00e9t XXIII. J\u00e1nos p\u00e1pas\u00e1ga\n\u00f3ta nevezik Statio Orbisnak, \u00e9s ez az \u00fcnnep\u00e9lyes szertart\u00e1s jelen\u00edti meg az\negyetlen nagy k\u00f6z\u00f6ss\u00e9g l\u00e9trej\u00f6tt\u00e9t az \u00dar asztala k\u00f6r\u00fcl.\nBudapest jelent\u0151s\u00e9ge, hogy 2000 \u00f3ta el\u0151sz\u00f6r t\u00f6rt\u00e9nt meg, hogy a katolikus\negyh\u00e1zf\u0151 szem\u00e9lyesen vett r\u00e9szt ezen a vil\u00e1gesem\u00e9nyen.<\/p>\n\n\n\n<p>Magyarorsz\u00e1gon\nlegut\u00f3bb 25 \u00e9vvel ezel\u0151tt j\u00e1rt a p\u00e1pa, Szent II. J\u00e1nos P\u00e1l, aki akkor\nPannonhalm\u00e1ra \u00e9s Gy\u0151rbe l\u00e1togatott el. Ferenc p\u00e1p\u00e1val pedig k\u00e9t \u00e9vvel ezel\u0151tt\nCs\u00edksomly\u00f3n tal\u00e1lkozhattak magyarok.<\/p>\n\n\n\n<p>Forr\u00e1s: Trauttwein \u00c9va\/Magyar Kur\u00edr (<a href=\"https:\/\/www.magyarkurir.hu\/hirek\/mindig-masik-javat-onmagunk-felaldozasaig-ferenc-papaval-unnepeltunk-hosok-teren\">https:\/\/www.magyarkurir.hu\/hirek\/mindig-masik-javat-onmagunk-felaldozasaig-ferenc-papaval-unnepeltunk-hosok-teren<\/a> )<\/p>\n\n\n\n<p>\u00cdrta: Kiss K\u00e1lm\u00e1n<\/p>\n\n\n\n<p>Fot\u00f3k: Szaka Zsolt, Kiss K\u00e1lm\u00e1n<\/p>\n","protected":false},"excerpt":{"rendered":"<p>2021. szeptember 12-\u00e9n, vas\u00e1rnap, a kora reggeli \u00f3r\u00e1kban indult \u00fatnak a marcali zar\u00e1ndokcsoport k\u00fcl\u00f6nj\u00e1rati aut\u00f3busza a H\u0151s\u00f6k ter\u00e9r\u0151l, hogy r\u00e9szt vegyenek az 52. Nemzetk\u00f6zi Eucharisztikus Kongresszus (NEK) z\u00e1r\u00f3 szentmis\u00e9j\u00e9n, melyet Ferenc p\u00e1pa celebr\u00e1lt Budapesten, a H\u0151s\u00f6k ter\u00e9n. A v\u00e1rosb\u00f3l el\u0151zetesen 44 f\u0151 jelentkezett Gelencs\u00e9r R\u00f3bert vil\u00e1gi eln\u00f6kn\u00e9l \u00e9s feles\u00e9g\u00e9n\u00e9l, akik a Marcali R\u00f3mai Katolikus Egyh\u00e1zk\u00f6zs\u00e9g k\u00e9pviselet\u00e9ben r\u00e9szt vettek az el\u0151k\u00e9sz\u00fcleti munk\u00e1kban, illet\u0151leg regisztr\u00e1lt\u00e1k a szem\u00e9lyeket a NEK Titk\u00e1rs\u00e1g\u00e1nak honlapj\u00e1n. Aut\u00f3busszal \u00f6sszesen 37-en, vonattal \u00e9s aut\u00f3val 7-en indultak a nem mindennapi&#8230;<\/p>\n<p class=\"read-more\"><a class=\"btn btn-default\" href=\"https:\/\/marcali.plebania.hu\/?p=2777\"> Read More<span class=\"screen-reader-text\">  Read More<\/span><\/a><\/p>\n","protected":false},"author":2,"featured_media":0,"comment_status":"closed","ping_status":"open","sticky":false,"template":"","format":"standard","meta":{"footnotes":""},"categories":[1],"tags":[],"class_list":["post-2777","post","type-post","status-publish","format-standard","hentry","category-egyeb"],"_links":{"self":[{"href":"https:\/\/marcali.plebania.hu\/index.php?rest_route=\/wp\/v2\/posts\/2777","targetHints":{"allow":["GET"]}}],"collection":[{"href":"https:\/\/marcali.plebania.hu\/index.php?rest_route=\/wp\/v2\/posts"}],"about":[{"href":"https:\/\/marcali.plebania.hu\/index.php?rest_route=\/wp\/v2\/types\/post"}],"author":[{"embeddable":true,"href":"https:\/\/marcali.plebania.hu\/index.php?rest_route=\/wp\/v2\/users\/2"}],"replies":[{"embeddable":true,"href":"https:\/\/marcali.plebania.hu\/index.php?rest_route=%2Fwp%2Fv2%2Fcomments&post=2777"}],"version-history":[{"count":1,"href":"https:\/\/marcali.plebania.hu\/index.php?rest_route=\/wp\/v2\/posts\/2777\/revisions"}],"predecessor-version":[{"id":2808,"href":"https:\/\/marcali.plebania.hu\/index.php?rest_route=\/wp\/v2\/posts\/2777\/revisions\/2808"}],"wp:attachment":[{"href":"https:\/\/marcali.plebania.hu\/index.php?rest_route=%2Fwp%2Fv2%2Fmedia&parent=2777"}],"wp:term":[{"taxonomy":"category","embeddable":true,"href":"https:\/\/marcali.plebania.hu\/index.php?rest_route=%2Fwp%2Fv2%2Fcategories&post=2777"},{"taxonomy":"post_tag","embeddable":true,"href":"https:\/\/marcali.plebania.hu\/index.php?rest_route=%2Fwp%2Fv2%2Ftags&post=2777"}],"curies":[{"name":"wp","href":"https:\/\/api.w.org\/{rel}","templated":true}]}}