{"id":2809,"date":"2021-09-16T08:36:39","date_gmt":"2021-09-16T08:36:39","guid":{"rendered":"https:\/\/marcali.plebania.hu\/?p=2809"},"modified":"2021-09-16T08:36:39","modified_gmt":"2021-09-16T08:36:39","slug":"hirdetesek-2021-09-18","status":"publish","type":"post","link":"https:\/\/marcali.plebania.hu\/?p=2809","title":{"rendered":"Hirdet\u00e9sek, 2021. 09. 18."},"content":{"rendered":"\n<ol class=\"wp-block-list\"><li>Ma van az \u00e9vk\u00f6zi 25. vas\u00e1rnap. Ma a templomokban tan\u00e9vnyit\u00f3 szentmis\u00e9ket tartunk, ahol im\u00e1dkozunk az \u00faj tan\u00e9v siker\u00e9\u00e9rt.<\/li><li>\u00d6r\u00f6mmel vett\u00fck, hogy a Marcali Gy\u00fcm\u00f6lcsolt\u00f3 Boldogasszony Pl\u00e9b\u00e1niatemplom, a Somogy Megyei K\u00f6zgy\u0171l\u00e9s Megyenapi \u00dcnnepi K\u00f6zgy\u0171l\u00e9s\u00e9n, szeptember 17-\u00e9n \u00d6r\u00f6ks\u00e9g\u00fcnk \u2013 Somogyorsz\u00e1g kincse c\u00edmben r\u00e9szes\u00fclt. Ez a kit\u00fcntet\u00e9s azoknak a m\u0171eml\u00e9keknek adom\u00e1nyozhat\u00f3, melyek \u00e9rt\u00e9ket k\u00e9pviselnek Somogyorsz\u00e1g ter\u00fclet\u00e9n. Az idej\u00e1r\u00f3k k\u00f6z\u00f6ss\u00e9gek \u00e9rdeme is ez a kit\u00fcntet\u0151 c\u00edm. K\u00f6sz\u00f6net mindazoknak, akik sokat tettek az\u00e9rt, hogy ez a templom meg\u00e9rdemelje ezt a megyei kit\u00fcntet\u00e9st.<\/li><li>A j\u00f6v\u0151 h\u00e9ten kedd-szerda-cs\u00fct\u00f6rt\u00f6k\u00f6n 17 \u00f3rakor, p\u00e9ntek-szombaton pedig 18 \u00f3rakor lesznek a szentmis\u00e9k.<\/li><li>A b\u00e9rm\u00e1l\u00e1s id\u0151pontja okt\u00f3ber 9. szombat 10.30 \u00f3ra, pl\u00e9b\u00e1niatemplom.<\/li><\/ol>\n","protected":false},"excerpt":{"rendered":"<p>Ma van az \u00e9vk\u00f6zi 25. vas\u00e1rnap. Ma a templomokban tan\u00e9vnyit\u00f3 szentmis\u00e9ket tartunk, ahol im\u00e1dkozunk az \u00faj tan\u00e9v siker\u00e9\u00e9rt. \u00d6r\u00f6mmel vett\u00fck, hogy a Marcali Gy\u00fcm\u00f6lcsolt\u00f3 Boldogasszony Pl\u00e9b\u00e1niatemplom, a Somogy Megyei K\u00f6zgy\u0171l\u00e9s Megyenapi \u00dcnnepi K\u00f6zgy\u0171l\u00e9s\u00e9n, szeptember 17-\u00e9n \u00d6r\u00f6ks\u00e9g\u00fcnk \u2013 Somogyorsz\u00e1g kincse c\u00edmben r\u00e9szes\u00fclt. Ez a kit\u00fcntet\u00e9s azoknak a m\u0171eml\u00e9keknek adom\u00e1nyozhat\u00f3, melyek \u00e9rt\u00e9ket k\u00e9pviselnek Somogyorsz\u00e1g ter\u00fclet\u00e9n. Az idej\u00e1r\u00f3k k\u00f6z\u00f6ss\u00e9gek \u00e9rdeme is ez a kit\u00fcntet\u0151 c\u00edm. K\u00f6sz\u00f6net mindazoknak, akik sokat tettek az\u00e9rt, hogy ez a templom meg\u00e9rdemelje ezt a megyei kit\u00fcntet\u00e9st. A j\u00f6v\u0151 h\u00e9ten&#8230;<\/p>\n<p class=\"read-more\"><a class=\"btn btn-default\" href=\"https:\/\/marcali.plebania.hu\/?p=2809\"> Read More<span class=\"screen-reader-text\">  Read More<\/span><\/a><\/p>\n","protected":false},"author":2,"featured_media":0,"comment_status":"closed","ping_status":"open","sticky":false,"template":"","format":"standard","meta":{"footnotes":""},"categories":[1],"tags":[],"class_list":["post-2809","post","type-post","status-publish","format-standard","hentry","category-egyeb"],"_links":{"self":[{"href":"https:\/\/marcali.plebania.hu\/index.php?rest_route=\/wp\/v2\/posts\/2809","targetHints":{"allow":["GET"]}}],"collection":[{"href":"https:\/\/marcali.plebania.hu\/index.php?rest_route=\/wp\/v2\/posts"}],"about":[{"href":"https:\/\/marcali.plebania.hu\/index.php?rest_route=\/wp\/v2\/types\/post"}],"author":[{"embeddable":true,"href":"https:\/\/marcali.plebania.hu\/index.php?rest_route=\/wp\/v2\/users\/2"}],"replies":[{"embeddable":true,"href":"https:\/\/marcali.plebania.hu\/index.php?rest_route=%2Fwp%2Fv2%2Fcomments&post=2809"}],"version-history":[{"count":1,"href":"https:\/\/marcali.plebania.hu\/index.php?rest_route=\/wp\/v2\/posts\/2809\/revisions"}],"predecessor-version":[{"id":2810,"href":"https:\/\/marcali.plebania.hu\/index.php?rest_route=\/wp\/v2\/posts\/2809\/revisions\/2810"}],"wp:attachment":[{"href":"https:\/\/marcali.plebania.hu\/index.php?rest_route=%2Fwp%2Fv2%2Fmedia&parent=2809"}],"wp:term":[{"taxonomy":"category","embeddable":true,"href":"https:\/\/marcali.plebania.hu\/index.php?rest_route=%2Fwp%2Fv2%2Fcategories&post=2809"},{"taxonomy":"post_tag","embeddable":true,"href":"https:\/\/marcali.plebania.hu\/index.php?rest_route=%2Fwp%2Fv2%2Ftags&post=2809"}],"curies":[{"name":"wp","href":"https:\/\/api.w.org\/{rel}","templated":true}]}}