{"id":281,"date":"2018-06-29T07:19:44","date_gmt":"2018-06-29T07:19:44","guid":{"rendered":"https:\/\/marcali.plebania.hu\/?p=281"},"modified":"2018-06-29T07:19:44","modified_gmt":"2018-06-29T07:19:44","slug":"hirdetesek-2018-07-01","status":"publish","type":"post","link":"https:\/\/marcali.plebania.hu\/?p=281","title":{"rendered":"Hirdet\u00e9sek, 2018. 07. 01."},"content":{"rendered":"<ol>\n<li>Ma van az \u00e9vk\u00f6zi 13. vas\u00e1rnap. Ma az orsz\u00e1g valamennyi katolikus templom\u00e1ban P\u00e9ter-fill\u00e9r gy\u0171jt\u00e9s van.<\/li>\n<li>H\u00e9tf\u0151n d\u00e9lut\u00e1n 17 \u00f3rakor az X-h\u00e1z nagyterm\u00e9ben sz\u00fcl\u0151i \u00e9rtekezlet lesz a hittanos t\u00e1borokban r\u00e9sztvev\u0151 gyermekek sz\u00fcleinek.<\/li>\n<li>A j\u00f6v\u0151 h\u00e9ten keddt\u0151l p\u00e9ntekig az X-h\u00e1z nagyterm\u00e9ben lesznek a szentmis\u00e9k.<\/li>\n<li>Els\u0151 p\u00e9ntek is lesz, 18 \u00f3r\u00e1t\u00f3l gy\u00f3n\u00e1si lehet\u0151s\u00e9g az X-h\u00e1z Karit\u00e1sz helys\u00e9g\u00e9ben, majd 19 \u00f3rakor szentmise.<\/li>\n<li>A j\u00f6v\u0151 szombaton szeretn\u00e9nk visszak\u00f6lt\u00f6zni a pl\u00e9b\u00e1niatemplomba (a munk\u00e1k jelenlegi \u00e1ll\u00e1sa szerint). Ehhez az kellene, hogy p\u00e9nteken \u00e9s szombaton nagytakar\u00edt\u00e1st tartunk a templomban, mindenkit v\u00e1runk, aki seg\u00edteni tud.<\/li>\n<li>A j\u00f6v\u0151 vas\u00e1rnap a 9 \u00f3r\u00e1s szentmise is a pl\u00e9b\u00e1niatemplomban lesz.<\/li>\n<li>\u00daj Ember \u00fajs\u00e1gok kaphat\u00f3k, k\u00e9rj\u00fck vigy\u00e9k el.<\/li>\n<\/ol>\n","protected":false},"excerpt":{"rendered":"<p>Ma van az \u00e9vk\u00f6zi 13. vas\u00e1rnap. Ma az orsz\u00e1g valamennyi katolikus templom\u00e1ban P\u00e9ter-fill\u00e9r gy\u0171jt\u00e9s van. H\u00e9tf\u0151n d\u00e9lut\u00e1n 17 \u00f3rakor az X-h\u00e1z nagyterm\u00e9ben sz\u00fcl\u0151i \u00e9rtekezlet lesz a hittanos t\u00e1borokban r\u00e9sztvev\u0151 gyermekek sz\u00fcleinek. A j\u00f6v\u0151 h\u00e9ten keddt\u0151l p\u00e9ntekig az X-h\u00e1z nagyterm\u00e9ben lesznek a szentmis\u00e9k. Els\u0151 p\u00e9ntek is lesz, 18 \u00f3r\u00e1t\u00f3l gy\u00f3n\u00e1si lehet\u0151s\u00e9g az X-h\u00e1z Karit\u00e1sz helys\u00e9g\u00e9ben, majd 19 \u00f3rakor szentmise. A j\u00f6v\u0151 szombaton szeretn\u00e9nk visszak\u00f6lt\u00f6zni a pl\u00e9b\u00e1niatemplomba (a munk\u00e1k jelenlegi \u00e1ll\u00e1sa szerint). Ehhez az kellene, hogy p\u00e9nteken \u00e9s szombaton nagytakar\u00edt\u00e1st tartunk a&#8230;<\/p>\n<p class=\"read-more\"><a class=\"btn btn-default\" href=\"https:\/\/marcali.plebania.hu\/?p=281\"> Read More<span class=\"screen-reader-text\">  Read More<\/span><\/a><\/p>\n","protected":false},"author":2,"featured_media":0,"comment_status":"closed","ping_status":"open","sticky":false,"template":"","format":"standard","meta":{"footnotes":""},"categories":[1],"tags":[],"class_list":["post-281","post","type-post","status-publish","format-standard","hentry","category-egyeb"],"_links":{"self":[{"href":"https:\/\/marcali.plebania.hu\/index.php?rest_route=\/wp\/v2\/posts\/281","targetHints":{"allow":["GET"]}}],"collection":[{"href":"https:\/\/marcali.plebania.hu\/index.php?rest_route=\/wp\/v2\/posts"}],"about":[{"href":"https:\/\/marcali.plebania.hu\/index.php?rest_route=\/wp\/v2\/types\/post"}],"author":[{"embeddable":true,"href":"https:\/\/marcali.plebania.hu\/index.php?rest_route=\/wp\/v2\/users\/2"}],"replies":[{"embeddable":true,"href":"https:\/\/marcali.plebania.hu\/index.php?rest_route=%2Fwp%2Fv2%2Fcomments&post=281"}],"version-history":[{"count":1,"href":"https:\/\/marcali.plebania.hu\/index.php?rest_route=\/wp\/v2\/posts\/281\/revisions"}],"predecessor-version":[{"id":282,"href":"https:\/\/marcali.plebania.hu\/index.php?rest_route=\/wp\/v2\/posts\/281\/revisions\/282"}],"wp:attachment":[{"href":"https:\/\/marcali.plebania.hu\/index.php?rest_route=%2Fwp%2Fv2%2Fmedia&parent=281"}],"wp:term":[{"taxonomy":"category","embeddable":true,"href":"https:\/\/marcali.plebania.hu\/index.php?rest_route=%2Fwp%2Fv2%2Fcategories&post=281"},{"taxonomy":"post_tag","embeddable":true,"href":"https:\/\/marcali.plebania.hu\/index.php?rest_route=%2Fwp%2Fv2%2Ftags&post=281"}],"curies":[{"name":"wp","href":"https:\/\/api.w.org\/{rel}","templated":true}]}}