{"id":2811,"date":"2021-09-22T09:39:32","date_gmt":"2021-09-22T09:39:32","guid":{"rendered":"https:\/\/marcali.plebania.hu\/?p=2811"},"modified":"2021-09-22T09:39:32","modified_gmt":"2021-09-22T09:39:32","slug":"dijatado-barcson-oroksegunk-somogyorszag-kincse-kitunteto-cimet-kapott-a-marcali-gyumolcsolto-boldogasszony-plebaniatemplom","status":"publish","type":"post","link":"https:\/\/marcali.plebania.hu\/?p=2811","title":{"rendered":"D\u00edj\u00e1tad\u00f3 Barcson: \u201e\u00d6r\u00f6ks\u00e9g\u00fcnk \u2013 Somogyorsz\u00e1g Kincse\u201d kit\u00fcntet\u0151 c\u00edmet kapott a marcali Gy\u00fcm\u00f6lcsolt\u00f3 Boldogasszony Pl\u00e9b\u00e1niatemplom"},"content":{"rendered":"\n<p>A Somogy Megyei K\u00f6zgy\u0171l\u00e9s eln\u00f6ke, Bir\u00f3 Norbert m\u00e9g 2021. janu\u00e1r 6-\u00e1n jelentette be a h\u00edrt a somogyi kit\u00fcntet\u00e9sek oda\u00edt\u00e9l\u00e9s\u00e9r\u0151l, melyben az szerepelt, hogy \u2013 m\u00e1sok mellett \u2013 a Marcali Gy\u00fcm\u00f6lcsolt\u00f3 Boldogasszony Pl\u00e9b\u00e1niatemplom is elnyerte az \u201e\u00d6r\u00f6ks\u00e9g\u00fcnk \u2013 Somogyorsz\u00e1g kincse\u201d kit\u00fcntet\u0151 c\u00edmet. Sajnos a koronav\u00edrus-j\u00e1rv\u00e1ny miatt az \u00fcnnepi \u00e1tad\u00e1s, melyet az \u00e9v eleji megyeh\u00e9ten, pontosabban V\u00edzkeresztkor szoktak megrendezni, akkor elmaradt.<\/p>\n\n\n\n<figure class=\"wp-block-gallery columns-3 is-cropped wp-block-gallery-1 is-layout-flex wp-block-gallery-is-layout-flex\"><ul class=\"blocks-gallery-grid\"><li class=\"blocks-gallery-item\"><figure><img loading=\"lazy\" decoding=\"async\" width=\"1024\" height=\"687\" src=\"https:\/\/marcali.plebania.hu\/wp-content\/uploads\/2021\/09\/242101111_4591530494200877_7782455194581188771_n-1024x687.jpg\" alt=\"\" data-id=\"2812\" data-link=\"https:\/\/marcali.plebania.hu\/?attachment_id=2812\" class=\"wp-image-2812\" srcset=\"https:\/\/marcali.plebania.hu\/wp-content\/uploads\/2021\/09\/242101111_4591530494200877_7782455194581188771_n-1024x687.jpg 1024w, https:\/\/marcali.plebania.hu\/wp-content\/uploads\/2021\/09\/242101111_4591530494200877_7782455194581188771_n-300x201.jpg 300w, https:\/\/marcali.plebania.hu\/wp-content\/uploads\/2021\/09\/242101111_4591530494200877_7782455194581188771_n-768x515.jpg 768w, https:\/\/marcali.plebania.hu\/wp-content\/uploads\/2021\/09\/242101111_4591530494200877_7782455194581188771_n-1536x1031.jpg 1536w, https:\/\/marcali.plebania.hu\/wp-content\/uploads\/2021\/09\/242101111_4591530494200877_7782455194581188771_n-402x270.jpg 402w, https:\/\/marcali.plebania.hu\/wp-content\/uploads\/2021\/09\/242101111_4591530494200877_7782455194581188771_n.jpg 2000w\" sizes=\"auto, (max-width: 1024px) 100vw, 1024px\" \/><\/figure><\/li><li class=\"blocks-gallery-item\"><figure><img loading=\"lazy\" decoding=\"async\" width=\"1024\" height=\"682\" src=\"https:\/\/marcali.plebania.hu\/wp-content\/uploads\/2021\/09\/242149105_4591530444200882_8510079605521250725_n-1024x682.jpg\" alt=\"\" data-id=\"2813\" data-link=\"https:\/\/marcali.plebania.hu\/?attachment_id=2813\" class=\"wp-image-2813\" srcset=\"https:\/\/marcali.plebania.hu\/wp-content\/uploads\/2021\/09\/242149105_4591530444200882_8510079605521250725_n-1024x682.jpg 1024w, https:\/\/marcali.plebania.hu\/wp-content\/uploads\/2021\/09\/242149105_4591530444200882_8510079605521250725_n-300x200.jpg 300w, https:\/\/marcali.plebania.hu\/wp-content\/uploads\/2021\/09\/242149105_4591530444200882_8510079605521250725_n-768x512.jpg 768w, https:\/\/marcali.plebania.hu\/wp-content\/uploads\/2021\/09\/242149105_4591530444200882_8510079605521250725_n-1536x1024.jpg 1536w, https:\/\/marcali.plebania.hu\/wp-content\/uploads\/2021\/09\/242149105_4591530444200882_8510079605521250725_n-405x270.jpg 405w, https:\/\/marcali.plebania.hu\/wp-content\/uploads\/2021\/09\/242149105_4591530444200882_8510079605521250725_n.jpg 2000w\" sizes=\"auto, (max-width: 1024px) 100vw, 1024px\" \/><\/figure><\/li><li class=\"blocks-gallery-item\"><figure><img loading=\"lazy\" decoding=\"async\" width=\"960\" height=\"570\" src=\"https:\/\/marcali.plebania.hu\/wp-content\/uploads\/2021\/09\/242165474_4296178600417678_7883524102875592451_n.jpg\" alt=\"\" data-id=\"2814\" data-link=\"https:\/\/marcali.plebania.hu\/?attachment_id=2814\" class=\"wp-image-2814\" srcset=\"https:\/\/marcali.plebania.hu\/wp-content\/uploads\/2021\/09\/242165474_4296178600417678_7883524102875592451_n.jpg 960w, https:\/\/marcali.plebania.hu\/wp-content\/uploads\/2021\/09\/242165474_4296178600417678_7883524102875592451_n-300x178.jpg 300w, https:\/\/marcali.plebania.hu\/wp-content\/uploads\/2021\/09\/242165474_4296178600417678_7883524102875592451_n-768x456.jpg 768w, https:\/\/marcali.plebania.hu\/wp-content\/uploads\/2021\/09\/242165474_4296178600417678_7883524102875592451_n-455x270.jpg 455w\" sizes=\"auto, (max-width: 960px) 100vw, 960px\" \/><\/figure><\/li><li class=\"blocks-gallery-item\"><figure><img loading=\"lazy\" decoding=\"async\" width=\"720\" height=\"960\" src=\"https:\/\/marcali.plebania.hu\/wp-content\/uploads\/2021\/09\/242165489_4296178640417674_5549326962341971829_n.jpg\" alt=\"\" data-id=\"2815\" data-full-url=\"https:\/\/marcali.plebania.hu\/wp-content\/uploads\/2021\/09\/242165489_4296178640417674_5549326962341971829_n.jpg\" data-link=\"https:\/\/marcali.plebania.hu\/?attachment_id=2815\" class=\"wp-image-2815\" srcset=\"https:\/\/marcali.plebania.hu\/wp-content\/uploads\/2021\/09\/242165489_4296178640417674_5549326962341971829_n.jpg 720w, https:\/\/marcali.plebania.hu\/wp-content\/uploads\/2021\/09\/242165489_4296178640417674_5549326962341971829_n-225x300.jpg 225w, https:\/\/marcali.plebania.hu\/wp-content\/uploads\/2021\/09\/242165489_4296178640417674_5549326962341971829_n-203x270.jpg 203w\" sizes=\"auto, (max-width: 720px) 100vw, 720px\" \/><\/figure><\/li><\/ul><\/figure>\n\n\n\n<p>V\u00e9g\u00fcl\na rendhagy\u00f3 \u00fcnneps\u00e9get 2021. szeptember 17-\u00e9n, Barcson, a Sz\u00e9ch\u00e9nyi Ferenc\nGimn\u00e1ziumban tartott\u00e1k meg, a megye legnagyobb dics\u0151s\u00e9g\u00e9nek, a c\u00edmer- \u00e9s\npecs\u00e9thaszn\u00e1lati jog adom\u00e1nyoz\u00e1s\u00e1nak 523. \u00e9vfordul\u00f3ja alkalm\u00e1b\u00f3l szervezett \u00fcnnepi\nk\u00f6zgy\u0171l\u00e9sen.<\/p>\n\n\n\n<p>A\nrendezv\u00e9nyen Ko\u00f3s Csaba barcsi polg\u00e1rmester, Sz\u00e1szfalvi L\u00e1szl\u00f3, a t\u00e9rs\u00e9g\norsz\u00e1ggy\u0171l\u00e9si k\u00e9pvisel\u0151je, Bir\u00f3 Norbert, a Somogy Megyei K\u00f6zgy\u0171l\u00e9s eln\u00f6ke, valamint\na nap d\u00edszvend\u00e9ge: Sch\u0151berl M\u00e1rton, kultur\u00e1lis diplom\u00e1ci\u00e1\u00e9rt felel\u0151s helyettes\n\u00e1llamtitk\u00e1r mondtak \u00fcnnepi besz\u00e9det \u00e9s k\u00f6sz\u00f6nt\u0151t.<\/p>\n\n\n\n<p>A Somogy Megyei\nK\u00f6zgy\u0171l\u00e9s 2020. szeptemberi d\u00f6nt\u00e9se \u00e9rtelm\u00e9ben a megye legmagasabb szint\u0171\nelismer\u00e9s\u00e9t, Pro Comitatu Somogy kit\u00fcntet\u00e9st adom\u00e1nyozott id. Tengerdi Gy\u0151z\u0151,\nbalatonkereszt\u00fari nyugalmazott pedag\u00f3gus, n\u00e9pzenekutat\u00f3, n\u00e9pzen\u00e9sz, karnagy\nsz\u00e1m\u00e1ra. Somogy Polg\u00e1rai\u00e9rt D\u00edjjal ismerte el B\u00e1nt\u00f3 Zsuzsanna Magdolna, a\nfony\u00f3di M\u00e1ty\u00e1s Kir\u00e1ly Gimn\u00e1zium nyugalmazott igazgat\u00f3ja, Bod\u00f3 Imre J\u00f3zsef\nnyugd\u00edjas agr\u00e1rm\u00e9rn\u00f6k, helyt\u00f6rt\u00e9n\u00e9sz, G\u00f3z Mih\u00e1ly J\u00f3zsef, a Buzs\u00e1ki \u00c1ltal\u00e1nos\nIskola nyugalmazott igazgat\u00f3ja, M\u00e1j P\u00e9ter kaposv\u00e1ri nyugd\u00edjas, a Marcali 3\nTenor, Mocz Andr\u00e1s, a somogyszobi Mocz \u00e9s T\u00e1rsa Mag\u00e1nerd\u00e9szet Kft. tulajdonosa,\na Mag\u00e1n Erd\u0151tulajdonosok \u00e9s Gazd\u00e1lkod\u00f3k Orsz\u00e1gos Sz\u00f6vets\u00e9g\u00e9nek eln\u00f6ke, Rig\u00f3\nL\u00e1szl\u00f3, a Somogy Megyei Kaposi M\u00f3r Oktat\u00f3 K\u00f3rh\u00e1z M\u0171szaki \u00e9s \u00dczemeltet\u00e9si\nOszt\u00e1ly\u00e1nak vezet\u0151je, Szab\u00f3 S\u00e1ndor, a csurg\u00f3i Csokonai Vit\u00e9z Mih\u00e1ly Reform\u00e1tus\nGimn\u00e1zium, \u00c1ltal\u00e1nos Iskola \u00e9s Koll\u00e9gium nyugalmazott igazgat\u00f3ja, T\u00f3th Gergely,\na si\u00f3foki CE Hotels &amp; Resorts \u00fcgyvezet\u0151je, \u00e9s a szentbal\u00e1zsi Zselici\nR\u00f3zsakert Id\u0151sek Otthona Kollekt\u00edv\u00e1j\u00e1nak tev\u00e9kenys\u00e9g\u00e9t. Somogy elismert\n\u00e9rt\u00e9keir\u0151l is k\u00f6zgy\u0171l\u00e9si hat\u00e1rozat sz\u00fcletett. A d\u00f6nt\u00e9s \u00e9rtelm\u00e9ben a megye\nvonzerej\u00e9nek n\u00f6vel\u00e9s\u00e9hez, megy\u00e9nk n\u00e9pszer\u0171s\u00edt\u00e9s\u00e9hez nagym\u00e9rt\u00e9kben hozz\u00e1j\u00e1rult a\nBarcsi Malom, De\u00e1k Varga J\u00f3zsef \u00e9letm\u0171ve \u00e9s a marcali Gy\u00fcm\u00f6lcsolt\u00f3\nBoldogasszony Pl\u00e9b\u00e1niatemplom, ez\u00e9rt sz\u00e1mukra az \u00d6r\u00f6ks\u00e9g\u00fcnk \u2013 Somogyorsz\u00e1g\nKincse kit\u00fcntet\u0151 c\u00edmet adom\u00e1nyozza a Somogy Megyei K\u00f6zgy\u0171l\u00e9s.<\/p>\n\n\n\n<p>Az \u00fcnnepi esem\u00e9nyt Kraft-Hossz\u00fa Ildik\u00f3 versmond\u00f3, Szak\u00e1cs G\u00e1bor, a M\u00fcncheni Zene- \u00e9s Sz\u00ednh\u00e1zm\u0171v\u00e9szeti F\u0151iskola harmad\u00e9ves hallgat\u00f3ja, a marcali H\u00e1rom tenor, valamint k\u00e9t Somogy Polg\u00e1rai\u00e9rt D\u00edjjal elismert barcsi el\u0151ad\u00f3 csoport, a V\u00e1rosi F\u00fav\u00f3szenekar \u00e9s a Bor\u00f3ka T\u00e1ncegy\u00fcttes m\u0171sora sz\u00ednes\u00edtette.<\/p>\n\n\n\n<figure class=\"wp-block-gallery columns-3 is-cropped wp-block-gallery-2 is-layout-flex wp-block-gallery-is-layout-flex\"><ul class=\"blocks-gallery-grid\"><li class=\"blocks-gallery-item\"><figure><img loading=\"lazy\" decoding=\"async\" width=\"960\" height=\"640\" src=\"https:\/\/marcali.plebania.hu\/wp-content\/uploads\/2021\/09\/242215818_4296178743750997_7380262940374817917_n.jpg\" alt=\"\" data-id=\"2816\" data-link=\"https:\/\/marcali.plebania.hu\/?attachment_id=2816\" class=\"wp-image-2816\" srcset=\"https:\/\/marcali.plebania.hu\/wp-content\/uploads\/2021\/09\/242215818_4296178743750997_7380262940374817917_n.jpg 960w, https:\/\/marcali.plebania.hu\/wp-content\/uploads\/2021\/09\/242215818_4296178743750997_7380262940374817917_n-300x200.jpg 300w, https:\/\/marcali.plebania.hu\/wp-content\/uploads\/2021\/09\/242215818_4296178743750997_7380262940374817917_n-768x512.jpg 768w, https:\/\/marcali.plebania.hu\/wp-content\/uploads\/2021\/09\/242215818_4296178743750997_7380262940374817917_n-405x270.jpg 405w\" sizes=\"auto, (max-width: 960px) 100vw, 960px\" \/><\/figure><\/li><li class=\"blocks-gallery-item\"><figure><img loading=\"lazy\" decoding=\"async\" width=\"960\" height=\"720\" src=\"https:\/\/marcali.plebania.hu\/wp-content\/uploads\/2021\/09\/242227828_4296178947084310_9109253215708538743_n.jpg\" alt=\"\" data-id=\"2817\" data-link=\"https:\/\/marcali.plebania.hu\/?attachment_id=2817\" class=\"wp-image-2817\" srcset=\"https:\/\/marcali.plebania.hu\/wp-content\/uploads\/2021\/09\/242227828_4296178947084310_9109253215708538743_n.jpg 960w, https:\/\/marcali.plebania.hu\/wp-content\/uploads\/2021\/09\/242227828_4296178947084310_9109253215708538743_n-300x225.jpg 300w, https:\/\/marcali.plebania.hu\/wp-content\/uploads\/2021\/09\/242227828_4296178947084310_9109253215708538743_n-768x576.jpg 768w, https:\/\/marcali.plebania.hu\/wp-content\/uploads\/2021\/09\/242227828_4296178947084310_9109253215708538743_n-360x270.jpg 360w\" sizes=\"auto, (max-width: 960px) 100vw, 960px\" \/><\/figure><\/li><li class=\"blocks-gallery-item\"><figure><img loading=\"lazy\" decoding=\"async\" width=\"945\" height=\"630\" src=\"https:\/\/marcali.plebania.hu\/wp-content\/uploads\/2021\/09\/242225354_598804464450193_7476427863577768301_n.jpg\" alt=\"\" data-id=\"2818\" data-link=\"https:\/\/marcali.plebania.hu\/?attachment_id=2818\" class=\"wp-image-2818\" srcset=\"https:\/\/marcali.plebania.hu\/wp-content\/uploads\/2021\/09\/242225354_598804464450193_7476427863577768301_n.jpg 945w, https:\/\/marcali.plebania.hu\/wp-content\/uploads\/2021\/09\/242225354_598804464450193_7476427863577768301_n-300x200.jpg 300w, https:\/\/marcali.plebania.hu\/wp-content\/uploads\/2021\/09\/242225354_598804464450193_7476427863577768301_n-768x512.jpg 768w, https:\/\/marcali.plebania.hu\/wp-content\/uploads\/2021\/09\/242225354_598804464450193_7476427863577768301_n-405x270.jpg 405w\" sizes=\"auto, (max-width: 945px) 100vw, 945px\" \/><\/figure><\/li><li class=\"blocks-gallery-item\"><figure><img loading=\"lazy\" decoding=\"async\" width=\"1024\" height=\"699\" src=\"https:\/\/marcali.plebania.hu\/wp-content\/uploads\/2021\/09\/242142897_1195513770970068_8916212492547097552_n-1024x699.jpg\" alt=\"\" data-id=\"2819\" data-full-url=\"https:\/\/marcali.plebania.hu\/wp-content\/uploads\/2021\/09\/242142897_1195513770970068_8916212492547097552_n.jpg\" data-link=\"https:\/\/marcali.plebania.hu\/?attachment_id=2819\" class=\"wp-image-2819\" srcset=\"https:\/\/marcali.plebania.hu\/wp-content\/uploads\/2021\/09\/242142897_1195513770970068_8916212492547097552_n-1024x699.jpg 1024w, https:\/\/marcali.plebania.hu\/wp-content\/uploads\/2021\/09\/242142897_1195513770970068_8916212492547097552_n-300x205.jpg 300w, https:\/\/marcali.plebania.hu\/wp-content\/uploads\/2021\/09\/242142897_1195513770970068_8916212492547097552_n-768x524.jpg 768w, https:\/\/marcali.plebania.hu\/wp-content\/uploads\/2021\/09\/242142897_1195513770970068_8916212492547097552_n-396x270.jpg 396w, https:\/\/marcali.plebania.hu\/wp-content\/uploads\/2021\/09\/242142897_1195513770970068_8916212492547097552_n.jpg 1080w\" sizes=\"auto, (max-width: 1024px) 100vw, 1024px\" \/><\/figure><\/li><\/ul><\/figure>\n\n\n\n<p>A\nmarcali Gy\u00fcm\u00f6lcsolt\u00f3 Boldogasszony Pl\u00e9b\u00e1niatemplomnak oda\u00edt\u00e9lt d\u00edjat Kiss Iv\u00e1n\nc\u00edmzetes pr\u00e9post, pl\u00e9b\u00e1nos megb\u00edz\u00e1s\u00e1b\u00f3l Gelencs\u00e9r R\u00f3bert, az egyh\u00e1zk\u00f6zs\u00e9g\nvil\u00e1gi eln\u00f6ke, \u00e9s Kiss K\u00e1lm\u00e1n, a pl\u00e9b\u00e1niahivatal irodavezet\u0151je vett\u00e9k \u00e1t. A\nv\u00e1rosban ez a m\u0171eml\u00e9k \u00e9p\u00fclet az els\u0151 \u00e9s jelenleg az egyetlen, amely elnyerte\nezt a rangos megyei kit\u00fcntet\u00e9st.<\/p>\n\n\n\n<p>A Marcali pl\u00e9b\u00e1niatemplomot egy\u00e9bk\u00e9nt Szaka Zsolt, a Marcali \u00e9s K\u00f6rny\u00e9ke Hagyom\u00e1ny\u0151rz\u0151 Ipartest\u00fclet eln\u00f6ke, valamint Kiss K\u00e1lm\u00e1n, a Kereszt\u00e9ny \u00c9rtelmis\u00e9giek Sz\u00f6vets\u00e9ge (K\u00c9SZ) Marcali Csoportj\u00e1nak akkori titk\u00e1ra (jelenleg eln\u00f6ke) aj\u00e1nlotta \u00e9s terjesztette fel annak idej\u00e9n a kit\u00fcntet\u00e9sre, mely javaslatot Huszti G\u00e1bor, a Somogy Megyei K\u00f6zgy\u0171l\u00e9s aleln\u00f6ke is szinte azonnal felkarolt \u00e9s t\u00e1mogatott.<\/p>\n\n\n\n<p>Forr\u00e1s \u00e9s fot\u00f3k: <a href=\"http:\/\/www.som-onkorm.hu\/hirek\/rendhagyo-idopontban-emlekezett-somogy-a-cimeradomanyozasra-161.html\">http:\/\/www.som-onkorm.hu\/hirek\/rendhagyo-idopontban-emlekezett-somogy-a-cimeradomanyozasra-161.html<\/a><\/p>\n","protected":false},"excerpt":{"rendered":"<p>A Somogy Megyei K\u00f6zgy\u0171l\u00e9s eln\u00f6ke, Bir\u00f3 Norbert m\u00e9g 2021. janu\u00e1r 6-\u00e1n jelentette be a h\u00edrt a somogyi kit\u00fcntet\u00e9sek oda\u00edt\u00e9l\u00e9s\u00e9r\u0151l, melyben az szerepelt, hogy \u2013 m\u00e1sok mellett \u2013 a Marcali Gy\u00fcm\u00f6lcsolt\u00f3 Boldogasszony Pl\u00e9b\u00e1niatemplom is elnyerte az \u201e\u00d6r\u00f6ks\u00e9g\u00fcnk \u2013 Somogyorsz\u00e1g kincse\u201d kit\u00fcntet\u0151 c\u00edmet. Sajnos a koronav\u00edrus-j\u00e1rv\u00e1ny miatt az \u00fcnnepi \u00e1tad\u00e1s, melyet az \u00e9v eleji megyeh\u00e9ten, pontosabban V\u00edzkeresztkor szoktak megrendezni, akkor elmaradt. V\u00e9g\u00fcl a rendhagy\u00f3 \u00fcnneps\u00e9get 2021. szeptember 17-\u00e9n, Barcson, a Sz\u00e9ch\u00e9nyi Ferenc Gimn\u00e1ziumban tartott\u00e1k meg, a megye legnagyobb dics\u0151s\u00e9g\u00e9nek, a c\u00edmer- \u00e9s&#8230;<\/p>\n<p class=\"read-more\"><a class=\"btn btn-default\" href=\"https:\/\/marcali.plebania.hu\/?p=2811\"> Read More<span class=\"screen-reader-text\">  Read More<\/span><\/a><\/p>\n","protected":false},"author":2,"featured_media":0,"comment_status":"closed","ping_status":"open","sticky":false,"template":"","format":"standard","meta":{"footnotes":""},"categories":[1],"tags":[],"class_list":["post-2811","post","type-post","status-publish","format-standard","hentry","category-egyeb"],"_links":{"self":[{"href":"https:\/\/marcali.plebania.hu\/index.php?rest_route=\/wp\/v2\/posts\/2811","targetHints":{"allow":["GET"]}}],"collection":[{"href":"https:\/\/marcali.plebania.hu\/index.php?rest_route=\/wp\/v2\/posts"}],"about":[{"href":"https:\/\/marcali.plebania.hu\/index.php?rest_route=\/wp\/v2\/types\/post"}],"author":[{"embeddable":true,"href":"https:\/\/marcali.plebania.hu\/index.php?rest_route=\/wp\/v2\/users\/2"}],"replies":[{"embeddable":true,"href":"https:\/\/marcali.plebania.hu\/index.php?rest_route=%2Fwp%2Fv2%2Fcomments&post=2811"}],"version-history":[{"count":1,"href":"https:\/\/marcali.plebania.hu\/index.php?rest_route=\/wp\/v2\/posts\/2811\/revisions"}],"predecessor-version":[{"id":2820,"href":"https:\/\/marcali.plebania.hu\/index.php?rest_route=\/wp\/v2\/posts\/2811\/revisions\/2820"}],"wp:attachment":[{"href":"https:\/\/marcali.plebania.hu\/index.php?rest_route=%2Fwp%2Fv2%2Fmedia&parent=2811"}],"wp:term":[{"taxonomy":"category","embeddable":true,"href":"https:\/\/marcali.plebania.hu\/index.php?rest_route=%2Fwp%2Fv2%2Fcategories&post=2811"},{"taxonomy":"post_tag","embeddable":true,"href":"https:\/\/marcali.plebania.hu\/index.php?rest_route=%2Fwp%2Fv2%2Ftags&post=2811"}],"curies":[{"name":"wp","href":"https:\/\/api.w.org\/{rel}","templated":true}]}}