{"id":2821,"date":"2021-09-22T09:49:16","date_gmt":"2021-09-22T09:49:16","guid":{"rendered":"https:\/\/marcali.plebania.hu\/?p=2821"},"modified":"2021-09-22T09:49:16","modified_gmt":"2021-09-22T09:49:16","slug":"tanevkezdo-szentmisek-az-idei-iskolai-ev-sikereert","status":"publish","type":"post","link":"https:\/\/marcali.plebania.hu\/?p=2821","title":{"rendered":"Tan\u00e9vkezd\u0151 szentmis\u00e9k az idei iskolai \u00e9v siker\u00e9\u00e9rt"},"content":{"rendered":"\n<p>2021. szeptember 19-\u00e9n vas\u00e1rnap, k\u00e9t tan\u00e9vkezd\u0151 szentmis\u00e9t (Veni Sancte-t) tartottak Marcaliban. Az istentiszteleteket Kiss Iv\u00e1n c. pr\u00e9post, pl\u00e9b\u00e1nos megb\u00edz\u00e1s\u00e1b\u00f3l 9 \u00f3rakor a pl\u00e9b\u00e1niatemplomban Galambos Ferenc mesztegny\u0151i pl\u00e9b\u00e1nos, 18 \u00f3rakor pedig a Boldog Gizella templomban Csatl\u00f3s Istv\u00e1n inkei pl\u00e9b\u00e1nos mutatta be.<\/p>\n\n\n\n<figure class=\"wp-block-gallery columns-3 is-cropped wp-block-gallery-1 is-layout-flex wp-block-gallery-is-layout-flex\"><ul class=\"blocks-gallery-grid\"><li class=\"blocks-gallery-item\"><figure><img loading=\"lazy\" decoding=\"async\" width=\"1024\" height=\"683\" src=\"https:\/\/marcali.plebania.hu\/wp-content\/uploads\/2021\/09\/01-1024x683.jpg\" alt=\"\" data-id=\"2822\" data-link=\"https:\/\/marcali.plebania.hu\/?attachment_id=2822\" class=\"wp-image-2822\" srcset=\"https:\/\/marcali.plebania.hu\/wp-content\/uploads\/2021\/09\/01-1024x683.jpg 1024w, https:\/\/marcali.plebania.hu\/wp-content\/uploads\/2021\/09\/01-300x200.jpg 300w, https:\/\/marcali.plebania.hu\/wp-content\/uploads\/2021\/09\/01-768x512.jpg 768w, https:\/\/marcali.plebania.hu\/wp-content\/uploads\/2021\/09\/01-1536x1024.jpg 1536w, https:\/\/marcali.plebania.hu\/wp-content\/uploads\/2021\/09\/01-2048x1365.jpg 2048w, https:\/\/marcali.plebania.hu\/wp-content\/uploads\/2021\/09\/01-405x270.jpg 405w\" sizes=\"auto, (max-width: 1024px) 100vw, 1024px\" \/><\/figure><\/li><li class=\"blocks-gallery-item\"><figure><img loading=\"lazy\" decoding=\"async\" width=\"1024\" height=\"683\" src=\"https:\/\/marcali.plebania.hu\/wp-content\/uploads\/2021\/09\/02-1024x683.jpg\" alt=\"\" data-id=\"2823\" data-link=\"https:\/\/marcali.plebania.hu\/?attachment_id=2823\" class=\"wp-image-2823\" srcset=\"https:\/\/marcali.plebania.hu\/wp-content\/uploads\/2021\/09\/02-1024x683.jpg 1024w, https:\/\/marcali.plebania.hu\/wp-content\/uploads\/2021\/09\/02-300x200.jpg 300w, https:\/\/marcali.plebania.hu\/wp-content\/uploads\/2021\/09\/02-768x512.jpg 768w, https:\/\/marcali.plebania.hu\/wp-content\/uploads\/2021\/09\/02-1536x1024.jpg 1536w, https:\/\/marcali.plebania.hu\/wp-content\/uploads\/2021\/09\/02-2048x1365.jpg 2048w, https:\/\/marcali.plebania.hu\/wp-content\/uploads\/2021\/09\/02-405x270.jpg 405w\" sizes=\"auto, (max-width: 1024px) 100vw, 1024px\" \/><\/figure><\/li><li class=\"blocks-gallery-item\"><figure><img loading=\"lazy\" decoding=\"async\" width=\"1024\" height=\"683\" src=\"https:\/\/marcali.plebania.hu\/wp-content\/uploads\/2021\/09\/03-1024x683.jpg\" alt=\"\" data-id=\"2824\" data-link=\"https:\/\/marcali.plebania.hu\/?attachment_id=2824\" class=\"wp-image-2824\" srcset=\"https:\/\/marcali.plebania.hu\/wp-content\/uploads\/2021\/09\/03-1024x683.jpg 1024w, https:\/\/marcali.plebania.hu\/wp-content\/uploads\/2021\/09\/03-300x200.jpg 300w, https:\/\/marcali.plebania.hu\/wp-content\/uploads\/2021\/09\/03-768x512.jpg 768w, https:\/\/marcali.plebania.hu\/wp-content\/uploads\/2021\/09\/03-1536x1024.jpg 1536w, https:\/\/marcali.plebania.hu\/wp-content\/uploads\/2021\/09\/03-2048x1365.jpg 2048w, https:\/\/marcali.plebania.hu\/wp-content\/uploads\/2021\/09\/03-405x270.jpg 405w\" sizes=\"auto, (max-width: 1024px) 100vw, 1024px\" \/><\/figure><\/li><li class=\"blocks-gallery-item\"><figure><img loading=\"lazy\" decoding=\"async\" width=\"1024\" height=\"683\" src=\"https:\/\/marcali.plebania.hu\/wp-content\/uploads\/2021\/09\/13-1-1024x683.jpg\" alt=\"\" data-id=\"2825\" data-full-url=\"https:\/\/marcali.plebania.hu\/wp-content\/uploads\/2021\/09\/13-1-scaled.jpg\" data-link=\"https:\/\/marcali.plebania.hu\/?attachment_id=2825\" class=\"wp-image-2825\" srcset=\"https:\/\/marcali.plebania.hu\/wp-content\/uploads\/2021\/09\/13-1-1024x683.jpg 1024w, https:\/\/marcali.plebania.hu\/wp-content\/uploads\/2021\/09\/13-1-300x200.jpg 300w, https:\/\/marcali.plebania.hu\/wp-content\/uploads\/2021\/09\/13-1-768x512.jpg 768w, https:\/\/marcali.plebania.hu\/wp-content\/uploads\/2021\/09\/13-1-1536x1024.jpg 1536w, https:\/\/marcali.plebania.hu\/wp-content\/uploads\/2021\/09\/13-1-2048x1365.jpg 2048w, https:\/\/marcali.plebania.hu\/wp-content\/uploads\/2021\/09\/13-1-405x270.jpg 405w\" sizes=\"auto, (max-width: 1024px) 100vw, 1024px\" \/><\/figure><\/li><\/ul><\/figure>\n\n\n\n<p>A pl\u00e9b\u00e1niatemplomban megjelent hittanosok egy\u00fctt im\u00e1dkoztak sz\u00fcleikkel, nagysz\u00fcleikkel, hitoktat\u00f3ikkal, valamint a h\u00edvekkel, \u00e9s k\u00e9rt\u00e9k a Szentl\u00e9lek k\u00f6zbenj\u00e1r\u00e1s\u00e1t erre az \u00faj tan\u00e9vre, term\u00e9szetesen di\u00e1kt\u00e1rsaikra \u00e9s tan\u00e1raikra is.<\/p>\n\n\n\n<figure class=\"wp-block-gallery columns-3 is-cropped wp-block-gallery-2 is-layout-flex wp-block-gallery-is-layout-flex\"><ul class=\"blocks-gallery-grid\"><li class=\"blocks-gallery-item\"><figure><img loading=\"lazy\" decoding=\"async\" width=\"1024\" height=\"683\" src=\"https:\/\/marcali.plebania.hu\/wp-content\/uploads\/2021\/09\/04-1024x683.jpg\" alt=\"\" data-id=\"2826\" data-link=\"https:\/\/marcali.plebania.hu\/?attachment_id=2826\" class=\"wp-image-2826\" srcset=\"https:\/\/marcali.plebania.hu\/wp-content\/uploads\/2021\/09\/04-1024x683.jpg 1024w, https:\/\/marcali.plebania.hu\/wp-content\/uploads\/2021\/09\/04-300x200.jpg 300w, https:\/\/marcali.plebania.hu\/wp-content\/uploads\/2021\/09\/04-768x512.jpg 768w, https:\/\/marcali.plebania.hu\/wp-content\/uploads\/2021\/09\/04-1536x1024.jpg 1536w, https:\/\/marcali.plebania.hu\/wp-content\/uploads\/2021\/09\/04-2048x1365.jpg 2048w, https:\/\/marcali.plebania.hu\/wp-content\/uploads\/2021\/09\/04-405x270.jpg 405w\" sizes=\"auto, (max-width: 1024px) 100vw, 1024px\" \/><\/figure><\/li><li class=\"blocks-gallery-item\"><figure><img loading=\"lazy\" decoding=\"async\" width=\"1024\" height=\"683\" src=\"https:\/\/marcali.plebania.hu\/wp-content\/uploads\/2021\/09\/06-1-1024x683.jpg\" alt=\"\" data-id=\"2827\" data-link=\"https:\/\/marcali.plebania.hu\/?attachment_id=2827\" class=\"wp-image-2827\" srcset=\"https:\/\/marcali.plebania.hu\/wp-content\/uploads\/2021\/09\/06-1-1024x683.jpg 1024w, https:\/\/marcali.plebania.hu\/wp-content\/uploads\/2021\/09\/06-1-300x200.jpg 300w, https:\/\/marcali.plebania.hu\/wp-content\/uploads\/2021\/09\/06-1-768x512.jpg 768w, https:\/\/marcali.plebania.hu\/wp-content\/uploads\/2021\/09\/06-1-1536x1024.jpg 1536w, https:\/\/marcali.plebania.hu\/wp-content\/uploads\/2021\/09\/06-1-2048x1365.jpg 2048w, https:\/\/marcali.plebania.hu\/wp-content\/uploads\/2021\/09\/06-1-405x270.jpg 405w\" sizes=\"auto, (max-width: 1024px) 100vw, 1024px\" \/><\/figure><\/li><li class=\"blocks-gallery-item\"><figure><img loading=\"lazy\" decoding=\"async\" width=\"1024\" height=\"683\" src=\"https:\/\/marcali.plebania.hu\/wp-content\/uploads\/2021\/09\/09-1024x683.jpg\" alt=\"\" data-id=\"2829\" data-link=\"https:\/\/marcali.plebania.hu\/?attachment_id=2829\" class=\"wp-image-2829\" srcset=\"https:\/\/marcali.plebania.hu\/wp-content\/uploads\/2021\/09\/09-1024x683.jpg 1024w, https:\/\/marcali.plebania.hu\/wp-content\/uploads\/2021\/09\/09-300x200.jpg 300w, https:\/\/marcali.plebania.hu\/wp-content\/uploads\/2021\/09\/09-768x512.jpg 768w, https:\/\/marcali.plebania.hu\/wp-content\/uploads\/2021\/09\/09-1536x1024.jpg 1536w, https:\/\/marcali.plebania.hu\/wp-content\/uploads\/2021\/09\/09-2048x1365.jpg 2048w, https:\/\/marcali.plebania.hu\/wp-content\/uploads\/2021\/09\/09-405x270.jpg 405w\" sizes=\"auto, (max-width: 1024px) 100vw, 1024px\" \/><\/figure><\/li><li class=\"blocks-gallery-item\"><figure><img loading=\"lazy\" decoding=\"async\" width=\"1024\" height=\"683\" src=\"https:\/\/marcali.plebania.hu\/wp-content\/uploads\/2021\/09\/07-1-1024x683.jpg\" alt=\"\" data-id=\"2830\" data-full-url=\"https:\/\/marcali.plebania.hu\/wp-content\/uploads\/2021\/09\/07-1-scaled.jpg\" data-link=\"https:\/\/marcali.plebania.hu\/?attachment_id=2830\" class=\"wp-image-2830\" srcset=\"https:\/\/marcali.plebania.hu\/wp-content\/uploads\/2021\/09\/07-1-1024x683.jpg 1024w, https:\/\/marcali.plebania.hu\/wp-content\/uploads\/2021\/09\/07-1-300x200.jpg 300w, https:\/\/marcali.plebania.hu\/wp-content\/uploads\/2021\/09\/07-1-768x512.jpg 768w, https:\/\/marcali.plebania.hu\/wp-content\/uploads\/2021\/09\/07-1-1536x1024.jpg 1536w, https:\/\/marcali.plebania.hu\/wp-content\/uploads\/2021\/09\/07-1-2048x1365.jpg 2048w, https:\/\/marcali.plebania.hu\/wp-content\/uploads\/2021\/09\/07-1-405x270.jpg 405w\" sizes=\"auto, (max-width: 1024px) 100vw, 1024px\" \/><\/figure><\/li><\/ul><\/figure>\n\n\n\n<p>A szentmis\u00e9n orgon\u00e1s-git\u00e1ros \u00e9nekekkel Balogh B\u00e1lint k\u00e1ntor \u00e9s a F\u00e9ny Gyermekei Zenekar m\u0171k\u00f6d\u00f6tt k\u00f6zre. A v\u00e9g\u00e9n t\u00e1j\u00e9koztatt\u00e1k a jelenl\u00e9v\u0151ket, hogy p\u00e9nteken d\u00e9lel\u0151tt, Barcson, a Somogy Megyei K\u00f6zgy\u0171l\u00e9s \u00fcnnepi \u00fcl\u00e9s\u00e9n, Bir\u00f3 Norbert eln\u00f6kt\u0151l, az egyh\u00e1zk\u00f6zs\u00e9g k\u00e9pviselet\u00e9ben Gelencs\u00e9r R\u00f3bert vil\u00e1gi eln\u00f6k, \u00e9s Kiss K\u00e1lm\u00e1n irodavezet\u0151 vett\u00e9k \u00e1t a Gy\u00fcm\u00f6lcsolt\u00f3 Boldogasszony Pl\u00e9b\u00e1niatemplomnak adom\u00e1nyozott \u201e\u00d6r\u00f6ks\u00e9g\u00fcnk \u2013 Somogyorsz\u00e1g kincse\u201d kit\u00fcntet\u0151 c\u00edmet, melyet az olt\u00e1r el\u0151tt \u00e1ll\u00edtottak ki \u00e9s mindenki megtekinthetett. Majd pedig T\u00f3th Eszter \u00c1gnes gimnazista felolvasta a laud\u00e1ci\u00f3 sz\u00f6veg\u00e9t.<\/p>\n\n\n\n<figure class=\"wp-block-gallery columns-3 is-cropped wp-block-gallery-3 is-layout-flex wp-block-gallery-is-layout-flex\"><ul class=\"blocks-gallery-grid\"><li class=\"blocks-gallery-item\"><figure><img loading=\"lazy\" decoding=\"async\" width=\"1024\" height=\"683\" src=\"https:\/\/marcali.plebania.hu\/wp-content\/uploads\/2021\/09\/19-1-1024x683.jpg\" alt=\"\" data-id=\"2837\" data-link=\"https:\/\/marcali.plebania.hu\/?attachment_id=2837\" class=\"wp-image-2837\" srcset=\"https:\/\/marcali.plebania.hu\/wp-content\/uploads\/2021\/09\/19-1-1024x683.jpg 1024w, https:\/\/marcali.plebania.hu\/wp-content\/uploads\/2021\/09\/19-1-300x200.jpg 300w, https:\/\/marcali.plebania.hu\/wp-content\/uploads\/2021\/09\/19-1-768x512.jpg 768w, https:\/\/marcali.plebania.hu\/wp-content\/uploads\/2021\/09\/19-1-1536x1024.jpg 1536w, https:\/\/marcali.plebania.hu\/wp-content\/uploads\/2021\/09\/19-1-2048x1365.jpg 2048w, https:\/\/marcali.plebania.hu\/wp-content\/uploads\/2021\/09\/19-1-405x270.jpg 405w\" sizes=\"auto, (max-width: 1024px) 100vw, 1024px\" \/><\/figure><\/li><li class=\"blocks-gallery-item\"><figure><img loading=\"lazy\" decoding=\"async\" width=\"1024\" height=\"683\" src=\"https:\/\/marcali.plebania.hu\/wp-content\/uploads\/2021\/09\/20-1-1024x683.jpg\" alt=\"\" data-id=\"2838\" data-link=\"https:\/\/marcali.plebania.hu\/?attachment_id=2838\" class=\"wp-image-2838\" srcset=\"https:\/\/marcali.plebania.hu\/wp-content\/uploads\/2021\/09\/20-1-1024x683.jpg 1024w, https:\/\/marcali.plebania.hu\/wp-content\/uploads\/2021\/09\/20-1-300x200.jpg 300w, https:\/\/marcali.plebania.hu\/wp-content\/uploads\/2021\/09\/20-1-768x512.jpg 768w, https:\/\/marcali.plebania.hu\/wp-content\/uploads\/2021\/09\/20-1-1536x1024.jpg 1536w, https:\/\/marcali.plebania.hu\/wp-content\/uploads\/2021\/09\/20-1-2048x1365.jpg 2048w, https:\/\/marcali.plebania.hu\/wp-content\/uploads\/2021\/09\/20-1-405x270.jpg 405w\" sizes=\"auto, (max-width: 1024px) 100vw, 1024px\" \/><\/figure><\/li><li class=\"blocks-gallery-item\"><figure><img loading=\"lazy\" decoding=\"async\" width=\"1024\" height=\"683\" src=\"https:\/\/marcali.plebania.hu\/wp-content\/uploads\/2021\/09\/21-1024x683.jpg\" alt=\"\" data-id=\"2839\" data-link=\"https:\/\/marcali.plebania.hu\/?attachment_id=2839\" class=\"wp-image-2839\" srcset=\"https:\/\/marcali.plebania.hu\/wp-content\/uploads\/2021\/09\/21-1024x683.jpg 1024w, https:\/\/marcali.plebania.hu\/wp-content\/uploads\/2021\/09\/21-300x200.jpg 300w, https:\/\/marcali.plebania.hu\/wp-content\/uploads\/2021\/09\/21-768x512.jpg 768w, https:\/\/marcali.plebania.hu\/wp-content\/uploads\/2021\/09\/21-1536x1024.jpg 1536w, https:\/\/marcali.plebania.hu\/wp-content\/uploads\/2021\/09\/21-2048x1365.jpg 2048w, https:\/\/marcali.plebania.hu\/wp-content\/uploads\/2021\/09\/21-405x270.jpg 405w\" sizes=\"auto, (max-width: 1024px) 100vw, 1024px\" \/><\/figure><\/li><li class=\"blocks-gallery-item\"><figure><img loading=\"lazy\" decoding=\"async\" width=\"1024\" height=\"683\" src=\"https:\/\/marcali.plebania.hu\/wp-content\/uploads\/2021\/09\/25-3-1024x683.jpg\" alt=\"\" data-id=\"2840\" data-full-url=\"https:\/\/marcali.plebania.hu\/wp-content\/uploads\/2021\/09\/25-3-scaled.jpg\" data-link=\"https:\/\/marcali.plebania.hu\/?attachment_id=2840\" class=\"wp-image-2840\" srcset=\"https:\/\/marcali.plebania.hu\/wp-content\/uploads\/2021\/09\/25-3-1024x683.jpg 1024w, https:\/\/marcali.plebania.hu\/wp-content\/uploads\/2021\/09\/25-3-300x200.jpg 300w, https:\/\/marcali.plebania.hu\/wp-content\/uploads\/2021\/09\/25-3-768x512.jpg 768w, https:\/\/marcali.plebania.hu\/wp-content\/uploads\/2021\/09\/25-3-1536x1024.jpg 1536w, https:\/\/marcali.plebania.hu\/wp-content\/uploads\/2021\/09\/25-3-2048x1365.jpg 2048w, https:\/\/marcali.plebania.hu\/wp-content\/uploads\/2021\/09\/25-3-405x270.jpg 405w\" sizes=\"auto, (max-width: 1024px) 100vw, 1024px\" \/><\/figure><\/li><\/ul><\/figure>\n\n\n\n<p>Marcali iskol\u00e1iban, az idei tan\u00e9vben, szeptember 1-\u00e9n h\u00e1rom iskol\u00e1ban (Noszlopy, Miksz\u00e1th, H\u00e9tsz\u00ednvir\u00e1g) 45 csoportban, \u00f6sszesen 405 f\u0151vel kezd\u0151d\u00f6tt meg a hit- \u00e9s erk\u00f6lcstan oktat\u00e1s. A hitoktat\u00f3k Bojtorn\u00e9 Kir\u00e1ly M\u00e1rta, dr. Gyulain\u00e9 Domj\u00e1n Zsuzsanna, Pozsonyin\u00e9 Kiss M\u00e1ria \u00e9s Tombor Erzs\u00e9bet, akik a szentmise v\u00e9g\u00e9n kiosztott\u00e1k a tanul\u00f3k szentmisenapl\u00f3it.<\/p>\n\n\n\n<figure class=\"wp-block-gallery columns-3 is-cropped wp-block-gallery-4 is-layout-flex wp-block-gallery-is-layout-flex\"><ul class=\"blocks-gallery-grid\"><li class=\"blocks-gallery-item\"><figure><img loading=\"lazy\" decoding=\"async\" width=\"1024\" height=\"683\" src=\"https:\/\/marcali.plebania.hu\/wp-content\/uploads\/2021\/09\/10-1024x683.jpg\" alt=\"\" data-id=\"2832\" data-link=\"https:\/\/marcali.plebania.hu\/?attachment_id=2832\" class=\"wp-image-2832\" srcset=\"https:\/\/marcali.plebania.hu\/wp-content\/uploads\/2021\/09\/10-1024x683.jpg 1024w, https:\/\/marcali.plebania.hu\/wp-content\/uploads\/2021\/09\/10-300x200.jpg 300w, https:\/\/marcali.plebania.hu\/wp-content\/uploads\/2021\/09\/10-768x512.jpg 768w, https:\/\/marcali.plebania.hu\/wp-content\/uploads\/2021\/09\/10-1536x1024.jpg 1536w, https:\/\/marcali.plebania.hu\/wp-content\/uploads\/2021\/09\/10-2048x1365.jpg 2048w, https:\/\/marcali.plebania.hu\/wp-content\/uploads\/2021\/09\/10-405x270.jpg 405w\" sizes=\"auto, (max-width: 1024px) 100vw, 1024px\" \/><\/figure><\/li><li class=\"blocks-gallery-item\"><figure><img loading=\"lazy\" decoding=\"async\" width=\"1024\" height=\"683\" src=\"https:\/\/marcali.plebania.hu\/wp-content\/uploads\/2021\/09\/11-1024x683.jpg\" alt=\"\" data-id=\"2833\" data-link=\"https:\/\/marcali.plebania.hu\/?attachment_id=2833\" class=\"wp-image-2833\" srcset=\"https:\/\/marcali.plebania.hu\/wp-content\/uploads\/2021\/09\/11-1024x683.jpg 1024w, https:\/\/marcali.plebania.hu\/wp-content\/uploads\/2021\/09\/11-300x200.jpg 300w, https:\/\/marcali.plebania.hu\/wp-content\/uploads\/2021\/09\/11-768x512.jpg 768w, https:\/\/marcali.plebania.hu\/wp-content\/uploads\/2021\/09\/11-1536x1024.jpg 1536w, https:\/\/marcali.plebania.hu\/wp-content\/uploads\/2021\/09\/11-2048x1365.jpg 2048w, https:\/\/marcali.plebania.hu\/wp-content\/uploads\/2021\/09\/11-405x270.jpg 405w\" sizes=\"auto, (max-width: 1024px) 100vw, 1024px\" \/><\/figure><\/li><li class=\"blocks-gallery-item\"><figure><img loading=\"lazy\" decoding=\"async\" width=\"1024\" height=\"683\" src=\"https:\/\/marcali.plebania.hu\/wp-content\/uploads\/2021\/09\/15-1024x683.jpg\" alt=\"\" data-id=\"2834\" data-link=\"https:\/\/marcali.plebania.hu\/?attachment_id=2834\" class=\"wp-image-2834\" srcset=\"https:\/\/marcali.plebania.hu\/wp-content\/uploads\/2021\/09\/15-1024x683.jpg 1024w, https:\/\/marcali.plebania.hu\/wp-content\/uploads\/2021\/09\/15-300x200.jpg 300w, https:\/\/marcali.plebania.hu\/wp-content\/uploads\/2021\/09\/15-768x512.jpg 768w, https:\/\/marcali.plebania.hu\/wp-content\/uploads\/2021\/09\/15-1536x1024.jpg 1536w, https:\/\/marcali.plebania.hu\/wp-content\/uploads\/2021\/09\/15-2048x1365.jpg 2048w, https:\/\/marcali.plebania.hu\/wp-content\/uploads\/2021\/09\/15-405x270.jpg 405w\" sizes=\"auto, (max-width: 1024px) 100vw, 1024px\" \/><\/figure><\/li><li class=\"blocks-gallery-item\"><figure><img loading=\"lazy\" decoding=\"async\" width=\"1024\" height=\"683\" src=\"https:\/\/marcali.plebania.hu\/wp-content\/uploads\/2021\/09\/18-1-1024x683.jpg\" alt=\"\" data-id=\"2836\" data-full-url=\"https:\/\/marcali.plebania.hu\/wp-content\/uploads\/2021\/09\/18-1-scaled.jpg\" data-link=\"https:\/\/marcali.plebania.hu\/?attachment_id=2836\" class=\"wp-image-2836\" srcset=\"https:\/\/marcali.plebania.hu\/wp-content\/uploads\/2021\/09\/18-1-1024x683.jpg 1024w, https:\/\/marcali.plebania.hu\/wp-content\/uploads\/2021\/09\/18-1-300x200.jpg 300w, https:\/\/marcali.plebania.hu\/wp-content\/uploads\/2021\/09\/18-1-768x512.jpg 768w, https:\/\/marcali.plebania.hu\/wp-content\/uploads\/2021\/09\/18-1-1536x1024.jpg 1536w, https:\/\/marcali.plebania.hu\/wp-content\/uploads\/2021\/09\/18-1-2048x1365.jpg 2048w, https:\/\/marcali.plebania.hu\/wp-content\/uploads\/2021\/09\/18-1-405x270.jpg 405w\" sizes=\"auto, (max-width: 1024px) 100vw, 1024px\" \/><\/figure><\/li><\/ul><\/figure>\n\n\n\n<figure class=\"wp-block-gallery columns-3 is-cropped wp-block-gallery-5 is-layout-flex wp-block-gallery-is-layout-flex\"><ul class=\"blocks-gallery-grid\"><li class=\"blocks-gallery-item\"><figure><img loading=\"lazy\" decoding=\"async\" width=\"1024\" height=\"683\" src=\"https:\/\/marcali.plebania.hu\/wp-content\/uploads\/2021\/09\/05-1-1024x683.jpg\" alt=\"\" data-id=\"2841\" data-link=\"https:\/\/marcali.plebania.hu\/?attachment_id=2841\" class=\"wp-image-2841\" srcset=\"https:\/\/marcali.plebania.hu\/wp-content\/uploads\/2021\/09\/05-1-1024x683.jpg 1024w, https:\/\/marcali.plebania.hu\/wp-content\/uploads\/2021\/09\/05-1-300x200.jpg 300w, https:\/\/marcali.plebania.hu\/wp-content\/uploads\/2021\/09\/05-1-768x512.jpg 768w, https:\/\/marcali.plebania.hu\/wp-content\/uploads\/2021\/09\/05-1-1536x1024.jpg 1536w, https:\/\/marcali.plebania.hu\/wp-content\/uploads\/2021\/09\/05-1-2048x1365.jpg 2048w, https:\/\/marcali.plebania.hu\/wp-content\/uploads\/2021\/09\/05-1-405x270.jpg 405w\" sizes=\"auto, (max-width: 1024px) 100vw, 1024px\" \/><\/figure><\/li><li class=\"blocks-gallery-item\"><figure><img loading=\"lazy\" decoding=\"async\" width=\"1024\" height=\"683\" src=\"https:\/\/marcali.plebania.hu\/wp-content\/uploads\/2021\/09\/21-1-1024x683.jpg\" alt=\"\" data-id=\"2842\" data-link=\"https:\/\/marcali.plebania.hu\/?attachment_id=2842\" class=\"wp-image-2842\" srcset=\"https:\/\/marcali.plebania.hu\/wp-content\/uploads\/2021\/09\/21-1-1024x683.jpg 1024w, https:\/\/marcali.plebania.hu\/wp-content\/uploads\/2021\/09\/21-1-300x200.jpg 300w, https:\/\/marcali.plebania.hu\/wp-content\/uploads\/2021\/09\/21-1-768x512.jpg 768w, https:\/\/marcali.plebania.hu\/wp-content\/uploads\/2021\/09\/21-1-1536x1024.jpg 1536w, https:\/\/marcali.plebania.hu\/wp-content\/uploads\/2021\/09\/21-1-2048x1365.jpg 2048w, https:\/\/marcali.plebania.hu\/wp-content\/uploads\/2021\/09\/21-1-405x270.jpg 405w\" sizes=\"auto, (max-width: 1024px) 100vw, 1024px\" \/><\/figure><\/li><li class=\"blocks-gallery-item\"><figure><img loading=\"lazy\" decoding=\"async\" width=\"1024\" height=\"683\" src=\"https:\/\/marcali.plebania.hu\/wp-content\/uploads\/2021\/09\/24-1-1024x683.jpg\" alt=\"\" data-id=\"2843\" data-link=\"https:\/\/marcali.plebania.hu\/?attachment_id=2843\" class=\"wp-image-2843\" srcset=\"https:\/\/marcali.plebania.hu\/wp-content\/uploads\/2021\/09\/24-1-1024x683.jpg 1024w, https:\/\/marcali.plebania.hu\/wp-content\/uploads\/2021\/09\/24-1-300x200.jpg 300w, https:\/\/marcali.plebania.hu\/wp-content\/uploads\/2021\/09\/24-1-768x512.jpg 768w, https:\/\/marcali.plebania.hu\/wp-content\/uploads\/2021\/09\/24-1-1536x1024.jpg 1536w, https:\/\/marcali.plebania.hu\/wp-content\/uploads\/2021\/09\/24-1-2048x1365.jpg 2048w, https:\/\/marcali.plebania.hu\/wp-content\/uploads\/2021\/09\/24-1-405x270.jpg 405w\" sizes=\"auto, (max-width: 1024px) 100vw, 1024px\" \/><\/figure><\/li><li class=\"blocks-gallery-item\"><figure><img loading=\"lazy\" decoding=\"async\" width=\"1024\" height=\"683\" src=\"https:\/\/marcali.plebania.hu\/wp-content\/uploads\/2021\/09\/22-1024x683.jpg\" alt=\"\" data-id=\"2844\" data-full-url=\"https:\/\/marcali.plebania.hu\/wp-content\/uploads\/2021\/09\/22-scaled.jpg\" data-link=\"https:\/\/marcali.plebania.hu\/?attachment_id=2844\" class=\"wp-image-2844\" srcset=\"https:\/\/marcali.plebania.hu\/wp-content\/uploads\/2021\/09\/22-1024x683.jpg 1024w, https:\/\/marcali.plebania.hu\/wp-content\/uploads\/2021\/09\/22-300x200.jpg 300w, https:\/\/marcali.plebania.hu\/wp-content\/uploads\/2021\/09\/22-768x512.jpg 768w, https:\/\/marcali.plebania.hu\/wp-content\/uploads\/2021\/09\/22-1536x1024.jpg 1536w, https:\/\/marcali.plebania.hu\/wp-content\/uploads\/2021\/09\/22-2048x1365.jpg 2048w, https:\/\/marcali.plebania.hu\/wp-content\/uploads\/2021\/09\/22-405x270.jpg 405w\" sizes=\"auto, (max-width: 1024px) 100vw, 1024px\" \/><\/figure><\/li><\/ul><\/figure>\n","protected":false},"excerpt":{"rendered":"<p>2021. szeptember 19-\u00e9n vas\u00e1rnap, k\u00e9t tan\u00e9vkezd\u0151 szentmis\u00e9t (Veni Sancte-t) tartottak Marcaliban. Az istentiszteleteket Kiss Iv\u00e1n c. pr\u00e9post, pl\u00e9b\u00e1nos megb\u00edz\u00e1s\u00e1b\u00f3l 9 \u00f3rakor a pl\u00e9b\u00e1niatemplomban Galambos Ferenc mesztegny\u0151i pl\u00e9b\u00e1nos, 18 \u00f3rakor pedig a Boldog Gizella templomban Csatl\u00f3s Istv\u00e1n inkei pl\u00e9b\u00e1nos mutatta be. A pl\u00e9b\u00e1niatemplomban megjelent hittanosok egy\u00fctt im\u00e1dkoztak sz\u00fcleikkel, nagysz\u00fcleikkel, hitoktat\u00f3ikkal, valamint a h\u00edvekkel, \u00e9s k\u00e9rt\u00e9k a Szentl\u00e9lek k\u00f6zbenj\u00e1r\u00e1s\u00e1t erre az \u00faj tan\u00e9vre, term\u00e9szetesen di\u00e1kt\u00e1rsaikra \u00e9s tan\u00e1raikra is. A szentmis\u00e9n orgon\u00e1s-git\u00e1ros \u00e9nekekkel Balogh B\u00e1lint k\u00e1ntor \u00e9s a F\u00e9ny Gyermekei Zenekar m\u0171k\u00f6d\u00f6tt k\u00f6zre&#8230;.<\/p>\n<p class=\"read-more\"><a class=\"btn btn-default\" href=\"https:\/\/marcali.plebania.hu\/?p=2821\"> Read More<span class=\"screen-reader-text\">  Read More<\/span><\/a><\/p>\n","protected":false},"author":2,"featured_media":0,"comment_status":"closed","ping_status":"open","sticky":false,"template":"","format":"standard","meta":{"footnotes":""},"categories":[1],"tags":[],"class_list":["post-2821","post","type-post","status-publish","format-standard","hentry","category-egyeb"],"_links":{"self":[{"href":"https:\/\/marcali.plebania.hu\/index.php?rest_route=\/wp\/v2\/posts\/2821","targetHints":{"allow":["GET"]}}],"collection":[{"href":"https:\/\/marcali.plebania.hu\/index.php?rest_route=\/wp\/v2\/posts"}],"about":[{"href":"https:\/\/marcali.plebania.hu\/index.php?rest_route=\/wp\/v2\/types\/post"}],"author":[{"embeddable":true,"href":"https:\/\/marcali.plebania.hu\/index.php?rest_route=\/wp\/v2\/users\/2"}],"replies":[{"embeddable":true,"href":"https:\/\/marcali.plebania.hu\/index.php?rest_route=%2Fwp%2Fv2%2Fcomments&post=2821"}],"version-history":[{"count":1,"href":"https:\/\/marcali.plebania.hu\/index.php?rest_route=\/wp\/v2\/posts\/2821\/revisions"}],"predecessor-version":[{"id":2845,"href":"https:\/\/marcali.plebania.hu\/index.php?rest_route=\/wp\/v2\/posts\/2821\/revisions\/2845"}],"wp:attachment":[{"href":"https:\/\/marcali.plebania.hu\/index.php?rest_route=%2Fwp%2Fv2%2Fmedia&parent=2821"}],"wp:term":[{"taxonomy":"category","embeddable":true,"href":"https:\/\/marcali.plebania.hu\/index.php?rest_route=%2Fwp%2Fv2%2Fcategories&post=2821"},{"taxonomy":"post_tag","embeddable":true,"href":"https:\/\/marcali.plebania.hu\/index.php?rest_route=%2Fwp%2Fv2%2Ftags&post=2821"}],"curies":[{"name":"wp","href":"https:\/\/api.w.org\/{rel}","templated":true}]}}