{"id":283,"date":"2018-07-06T10:15:53","date_gmt":"2018-07-06T10:15:53","guid":{"rendered":"https:\/\/marcali.plebania.hu\/?p=283"},"modified":"2018-07-06T10:15:53","modified_gmt":"2018-07-06T10:15:53","slug":"hirdetesek-2018-07-08","status":"publish","type":"post","link":"https:\/\/marcali.plebania.hu\/?p=283","title":{"rendered":"Hirdet\u00e9sek, 2018. 07. 08."},"content":{"rendered":"<ol>\n<li>Ma van az \u00e9vk\u00f6zi 14. vas\u00e1rnap.<\/li>\n<li>H\u00e9tf\u0151n reggel 8 \u00f3rakor kezd\u0151dik az X-h\u00e1zban az els\u0151 ny\u00e1ri napk\u00f6zis t\u00e1bor hittanos gyermekeknek. A t\u00e1bor nagy gyermekl\u00e9tsz\u00e1mmal m\u0171k\u00f6dik. K\u00f6sz\u00f6net azoknak, akik megszervezt\u00e9k \u00e9s a t\u00e1mogat\u00f3knak is, akik a t\u00e1bor m\u0171k\u00f6d\u00e9s\u00e9hez hozz\u00e1j\u00e1rulnak.<\/li>\n<li>A h\u00e9ten, h\u00e9tf\u0151 helyett p\u00e9nteken tarjuk meg ny\u00e1ri szents\u00e9gim\u00e1d\u00e1si napunkat, amikor 17 \u00f3rakor szents\u00e9gkit\u00e9tel, majd szents\u00e9gim\u00e1d\u00e1s k\u00f6z\u00f6ss\u00e9genk\u00e9nt beosztva. 18 \u00f3rakor fatimai ima\u00f3r\u00e1t tartunk, 19 \u00f3rakor szentmise.<\/li>\n<li>Befejez\u0151d\u00f6tt a pl\u00e9b\u00e1niatemplomban a padl\u00f3zat cser\u00e9je gr\u00e1nitra. Megk\u00f6sz\u00f6n\u00f6m mindazok munk\u00e1j\u00e1t, akik a munk\u00e1latok folyam\u00e1n seg\u00edts\u00e9get ny\u00fajtottak. K\u00fcl\u00f6n k\u00f6sz\u00f6net azoknak, akik a templom kitakar\u00edt\u00e1s\u00e1ban \u00e9s \u00fajra berendez\u00e9s\u00e9ben seg\u00e9dkeztek. P\u00e9ldamutat\u00f3 hozz\u00e1\u00e1ll\u00e1ssal tal\u00e1lkozhattunk. K\u00f6sz\u00f6net az adom\u00e1nyoz\u00f3knak, akik lehet\u0151v\u00e9 tett\u00e9k a munka elv\u00e9gz\u00e9s\u00e9t.<\/li>\n<\/ol>\n","protected":false},"excerpt":{"rendered":"<p>Ma van az \u00e9vk\u00f6zi 14. vas\u00e1rnap. H\u00e9tf\u0151n reggel 8 \u00f3rakor kezd\u0151dik az X-h\u00e1zban az els\u0151 ny\u00e1ri napk\u00f6zis t\u00e1bor hittanos gyermekeknek. A t\u00e1bor nagy gyermekl\u00e9tsz\u00e1mmal m\u0171k\u00f6dik. K\u00f6sz\u00f6net azoknak, akik megszervezt\u00e9k \u00e9s a t\u00e1mogat\u00f3knak is, akik a t\u00e1bor m\u0171k\u00f6d\u00e9s\u00e9hez hozz\u00e1j\u00e1rulnak. A h\u00e9ten, h\u00e9tf\u0151 helyett p\u00e9nteken tarjuk meg ny\u00e1ri szents\u00e9gim\u00e1d\u00e1si napunkat, amikor 17 \u00f3rakor szents\u00e9gkit\u00e9tel, majd szents\u00e9gim\u00e1d\u00e1s k\u00f6z\u00f6ss\u00e9genk\u00e9nt beosztva. 18 \u00f3rakor fatimai ima\u00f3r\u00e1t tartunk, 19 \u00f3rakor szentmise. Befejez\u0151d\u00f6tt a pl\u00e9b\u00e1niatemplomban a padl\u00f3zat cser\u00e9je gr\u00e1nitra. Megk\u00f6sz\u00f6n\u00f6m mindazok munk\u00e1j\u00e1t, akik a munk\u00e1latok folyam\u00e1n seg\u00edts\u00e9get ny\u00fajtottak&#8230;.<\/p>\n<p class=\"read-more\"><a class=\"btn btn-default\" href=\"https:\/\/marcali.plebania.hu\/?p=283\"> Read More<span class=\"screen-reader-text\">  Read More<\/span><\/a><\/p>\n","protected":false},"author":2,"featured_media":0,"comment_status":"closed","ping_status":"open","sticky":false,"template":"","format":"standard","meta":{"footnotes":""},"categories":[1],"tags":[],"class_list":["post-283","post","type-post","status-publish","format-standard","hentry","category-egyeb"],"_links":{"self":[{"href":"https:\/\/marcali.plebania.hu\/index.php?rest_route=\/wp\/v2\/posts\/283","targetHints":{"allow":["GET"]}}],"collection":[{"href":"https:\/\/marcali.plebania.hu\/index.php?rest_route=\/wp\/v2\/posts"}],"about":[{"href":"https:\/\/marcali.plebania.hu\/index.php?rest_route=\/wp\/v2\/types\/post"}],"author":[{"embeddable":true,"href":"https:\/\/marcali.plebania.hu\/index.php?rest_route=\/wp\/v2\/users\/2"}],"replies":[{"embeddable":true,"href":"https:\/\/marcali.plebania.hu\/index.php?rest_route=%2Fwp%2Fv2%2Fcomments&post=283"}],"version-history":[{"count":1,"href":"https:\/\/marcali.plebania.hu\/index.php?rest_route=\/wp\/v2\/posts\/283\/revisions"}],"predecessor-version":[{"id":284,"href":"https:\/\/marcali.plebania.hu\/index.php?rest_route=\/wp\/v2\/posts\/283\/revisions\/284"}],"wp:attachment":[{"href":"https:\/\/marcali.plebania.hu\/index.php?rest_route=%2Fwp%2Fv2%2Fmedia&parent=283"}],"wp:term":[{"taxonomy":"category","embeddable":true,"href":"https:\/\/marcali.plebania.hu\/index.php?rest_route=%2Fwp%2Fv2%2Fcategories&post=283"},{"taxonomy":"post_tag","embeddable":true,"href":"https:\/\/marcali.plebania.hu\/index.php?rest_route=%2Fwp%2Fv2%2Ftags&post=283"}],"curies":[{"name":"wp","href":"https:\/\/api.w.org\/{rel}","templated":true}]}}