{"id":2846,"date":"2021-09-24T09:54:11","date_gmt":"2021-09-24T09:54:11","guid":{"rendered":"https:\/\/marcali.plebania.hu\/?p=2846"},"modified":"2021-09-24T09:54:11","modified_gmt":"2021-09-24T09:54:11","slug":"hirdetesek-2021-09-26","status":"publish","type":"post","link":"https:\/\/marcali.plebania.hu\/?p=2846","title":{"rendered":"Hirdet\u00e9sek, 2021. 09. 26."},"content":{"rendered":"\n<ol class=\"wp-block-list\"><li>Ma\nvan az \u00e9vk\u00f6zi 26. vas\u00e1rnap.<\/li><li>A\nh\u00e9ten, els\u0151 p\u00e9ntek, 17 \u00f3rakor szents\u00e9gim\u00e1d\u00e1s, Tais\u00e9-i ima\u00f3r\u00e1val, 17.30-kor\nr\u00f3zsaf\u00fcz\u00e9r im\u00e1ds\u00e1g, 18 \u00f3rakor szentmise.<\/li><li>Szombaton\n17.30-kor r\u00f3zsaf\u00fcz\u00e9r, 18 \u00f3rakor szentmise.<\/li><li>J\u00f6v\u0151\nvas\u00e1rnap Pilinszky-est lesz Kaposv\u00e1ron 19 \u00f3rakor a Sziv\u00e1rv\u00e1ny Kult\u00farpalot\u00e1ban.\nA bel\u00e9p\u00e9s d\u00edjtalan. Helyfoglal\u00e1s az \u00e9rkez\u00e9s sorrendj\u00e9ben t\u00f6rt\u00e9nik.<\/li><li>A\nb\u00e9rm\u00e1lkoz\u00f3 gyermekek programjai: okt\u00f3ber 8-\u00e1n, p\u00e9nteken 17 \u00f3rakor gy\u00f3ntat\u00e1s a\nb\u00e9rm\u00e1lkoz\u00f3 gyermekek, sz\u00fcl\u0151k, b\u00e9rmasz\u00fcl\u0151k r\u00e9sz\u00e9re. 18 \u00f3rakor szentmise,\n18.30-kor a b\u00e9rm\u00e1l\u00e1s f\u0151pr\u00f3b\u00e1ja. A szentmise el\u0151tt 17.30-kor r\u00f3zsaf\u00fcz\u00e9r im\u00e1ds\u00e1g.\nOkt\u00f3ber 9-\u00e9n a b\u00e9rm\u00e1lkoz\u00f3k 10.15-kor gy\u00fclekeznek.<\/li><\/ol>\n","protected":false},"excerpt":{"rendered":"<p>Ma van az \u00e9vk\u00f6zi 26. vas\u00e1rnap. A h\u00e9ten, els\u0151 p\u00e9ntek, 17 \u00f3rakor szents\u00e9gim\u00e1d\u00e1s, Tais\u00e9-i ima\u00f3r\u00e1val, 17.30-kor r\u00f3zsaf\u00fcz\u00e9r im\u00e1ds\u00e1g, 18 \u00f3rakor szentmise. Szombaton 17.30-kor r\u00f3zsaf\u00fcz\u00e9r, 18 \u00f3rakor szentmise. J\u00f6v\u0151 vas\u00e1rnap Pilinszky-est lesz Kaposv\u00e1ron 19 \u00f3rakor a Sziv\u00e1rv\u00e1ny Kult\u00farpalot\u00e1ban. A bel\u00e9p\u00e9s d\u00edjtalan. Helyfoglal\u00e1s az \u00e9rkez\u00e9s sorrendj\u00e9ben t\u00f6rt\u00e9nik. A b\u00e9rm\u00e1lkoz\u00f3 gyermekek programjai: okt\u00f3ber 8-\u00e1n, p\u00e9nteken 17 \u00f3rakor gy\u00f3ntat\u00e1s a b\u00e9rm\u00e1lkoz\u00f3 gyermekek, sz\u00fcl\u0151k, b\u00e9rmasz\u00fcl\u0151k r\u00e9sz\u00e9re. 18 \u00f3rakor szentmise, 18.30-kor a b\u00e9rm\u00e1l\u00e1s f\u0151pr\u00f3b\u00e1ja. A szentmise el\u0151tt 17.30-kor r\u00f3zsaf\u00fcz\u00e9r im\u00e1ds\u00e1g. Okt\u00f3ber 9-\u00e9n a b\u00e9rm\u00e1lkoz\u00f3k 10.15-kor gy\u00fclekeznek.<\/p>\n","protected":false},"author":2,"featured_media":0,"comment_status":"closed","ping_status":"open","sticky":false,"template":"","format":"standard","meta":{"footnotes":""},"categories":[1],"tags":[],"class_list":["post-2846","post","type-post","status-publish","format-standard","hentry","category-egyeb"],"_links":{"self":[{"href":"https:\/\/marcali.plebania.hu\/index.php?rest_route=\/wp\/v2\/posts\/2846","targetHints":{"allow":["GET"]}}],"collection":[{"href":"https:\/\/marcali.plebania.hu\/index.php?rest_route=\/wp\/v2\/posts"}],"about":[{"href":"https:\/\/marcali.plebania.hu\/index.php?rest_route=\/wp\/v2\/types\/post"}],"author":[{"embeddable":true,"href":"https:\/\/marcali.plebania.hu\/index.php?rest_route=\/wp\/v2\/users\/2"}],"replies":[{"embeddable":true,"href":"https:\/\/marcali.plebania.hu\/index.php?rest_route=%2Fwp%2Fv2%2Fcomments&post=2846"}],"version-history":[{"count":1,"href":"https:\/\/marcali.plebania.hu\/index.php?rest_route=\/wp\/v2\/posts\/2846\/revisions"}],"predecessor-version":[{"id":2847,"href":"https:\/\/marcali.plebania.hu\/index.php?rest_route=\/wp\/v2\/posts\/2846\/revisions\/2847"}],"wp:attachment":[{"href":"https:\/\/marcali.plebania.hu\/index.php?rest_route=%2Fwp%2Fv2%2Fmedia&parent=2846"}],"wp:term":[{"taxonomy":"category","embeddable":true,"href":"https:\/\/marcali.plebania.hu\/index.php?rest_route=%2Fwp%2Fv2%2Fcategories&post=2846"},{"taxonomy":"post_tag","embeddable":true,"href":"https:\/\/marcali.plebania.hu\/index.php?rest_route=%2Fwp%2Fv2%2Ftags&post=2846"}],"curies":[{"name":"wp","href":"https:\/\/api.w.org\/{rel}","templated":true}]}}