{"id":2848,"date":"2021-10-01T10:06:02","date_gmt":"2021-10-01T10:06:02","guid":{"rendered":"https:\/\/marcali.plebania.hu\/?p=2848"},"modified":"2021-10-01T10:08:53","modified_gmt":"2021-10-01T10:08:53","slug":"a-kesz-marcali-csoport-2021-evi-zarandoklata","status":"publish","type":"post","link":"https:\/\/marcali.plebania.hu\/?p=2848","title":{"rendered":"A K\u00c9SZ Marcali Csoport 2021. \u00e9vi zar\u00e1ndoklata"},"content":{"rendered":"\n<p>A Koronav\u00edrus-j\u00e1rv\u00e1ny miatt, egy \u00e9v kihagy\u00e1s ut\u00e1n, 2021. szeptember 25-\u00e9n szervezt\u00e9k meg a Kereszt\u00e9ny \u00c9rtelmis\u00e9giek Sz\u00f6vets\u00e9ge (K\u00c9SZ) Marcali Csoportja hagyom\u00e1nyos zar\u00e1ndoklat\u00e1t, ez\u00fattal Bodajk-Feh\u00e9rv\u00e1rcsurg\u00f3-M\u00f3r-P\u00e1kozd \u00fatvonalon. Az idei \u00e9vben \u00f6sszesen 33 f\u0151 \u2013 k\u00f6zt\u00fck j\u00f3r\u00e9szt a K\u00c9SZ tagjai \u2013 v\u00e1llalkozott az \u00fatra, hogy megismerj\u00e9k a t\u00e9rs\u00e9g jelent\u0151sebb vall\u00e1si, szakr\u00e1lis, \u00e9p\u00edt\u00e9szeti \u00e9s kult\u00fart\u00f6rt\u00e9neti \u00e9rt\u00e9keit, valamint a Katonai Eml\u00e9kpark P\u00e1kozd (KEMPP) Nemzeti Eml\u00e9khely l\u00e1tnival\u00f3it. A zar\u00e1ndoklatot ez\u00fattal is S\u00e1voly Andrea, a K\u00c9SZ egyik legakt\u00edvabb tagja \u00e9s Kiss K\u00e1lm\u00e1n eln\u00f6k vezett\u00e9k.<\/p>\n\n\n\n<figure class=\"wp-block-gallery columns-3 is-cropped wp-block-gallery-1 is-layout-flex wp-block-gallery-is-layout-flex\"><ul class=\"blocks-gallery-grid\"><li class=\"blocks-gallery-item\"><figure><img loading=\"lazy\" decoding=\"async\" width=\"1024\" height=\"683\" src=\"https:\/\/marcali.plebania.hu\/wp-content\/uploads\/2021\/10\/02-1024x683.jpg\" alt=\"\" data-id=\"2849\" data-link=\"https:\/\/marcali.plebania.hu\/?attachment_id=2849\" class=\"wp-image-2849\" srcset=\"https:\/\/marcali.plebania.hu\/wp-content\/uploads\/2021\/10\/02-1024x683.jpg 1024w, https:\/\/marcali.plebania.hu\/wp-content\/uploads\/2021\/10\/02-300x200.jpg 300w, https:\/\/marcali.plebania.hu\/wp-content\/uploads\/2021\/10\/02-768x512.jpg 768w, https:\/\/marcali.plebania.hu\/wp-content\/uploads\/2021\/10\/02-1536x1024.jpg 1536w, https:\/\/marcali.plebania.hu\/wp-content\/uploads\/2021\/10\/02-2048x1365.jpg 2048w, https:\/\/marcali.plebania.hu\/wp-content\/uploads\/2021\/10\/02-405x270.jpg 405w\" sizes=\"auto, (max-width: 1024px) 100vw, 1024px\" \/><\/figure><\/li><li class=\"blocks-gallery-item\"><figure><img loading=\"lazy\" decoding=\"async\" width=\"1024\" height=\"683\" src=\"https:\/\/marcali.plebania.hu\/wp-content\/uploads\/2021\/10\/09-1024x683.jpg\" alt=\"\" data-id=\"2850\" data-link=\"https:\/\/marcali.plebania.hu\/?attachment_id=2850\" class=\"wp-image-2850\" srcset=\"https:\/\/marcali.plebania.hu\/wp-content\/uploads\/2021\/10\/09-1024x683.jpg 1024w, https:\/\/marcali.plebania.hu\/wp-content\/uploads\/2021\/10\/09-300x200.jpg 300w, https:\/\/marcali.plebania.hu\/wp-content\/uploads\/2021\/10\/09-768x512.jpg 768w, https:\/\/marcali.plebania.hu\/wp-content\/uploads\/2021\/10\/09-1536x1024.jpg 1536w, https:\/\/marcali.plebania.hu\/wp-content\/uploads\/2021\/10\/09-2048x1365.jpg 2048w, https:\/\/marcali.plebania.hu\/wp-content\/uploads\/2021\/10\/09-405x270.jpg 405w\" sizes=\"auto, (max-width: 1024px) 100vw, 1024px\" \/><\/figure><\/li><li class=\"blocks-gallery-item\"><figure><img loading=\"lazy\" decoding=\"async\" width=\"1024\" height=\"683\" src=\"https:\/\/marcali.plebania.hu\/wp-content\/uploads\/2021\/10\/12-1024x683.jpg\" alt=\"\" data-id=\"2851\" data-link=\"https:\/\/marcali.plebania.hu\/?attachment_id=2851\" class=\"wp-image-2851\" srcset=\"https:\/\/marcali.plebania.hu\/wp-content\/uploads\/2021\/10\/12-1024x683.jpg 1024w, https:\/\/marcali.plebania.hu\/wp-content\/uploads\/2021\/10\/12-300x200.jpg 300w, https:\/\/marcali.plebania.hu\/wp-content\/uploads\/2021\/10\/12-768x512.jpg 768w, https:\/\/marcali.plebania.hu\/wp-content\/uploads\/2021\/10\/12-1536x1024.jpg 1536w, https:\/\/marcali.plebania.hu\/wp-content\/uploads\/2021\/10\/12-2048x1365.jpg 2048w, https:\/\/marcali.plebania.hu\/wp-content\/uploads\/2021\/10\/12-405x270.jpg 405w\" sizes=\"auto, (max-width: 1024px) 100vw, 1024px\" \/><\/figure><\/li><li class=\"blocks-gallery-item\"><figure><img loading=\"lazy\" decoding=\"async\" width=\"1024\" height=\"683\" src=\"https:\/\/marcali.plebania.hu\/wp-content\/uploads\/2021\/10\/01-1024x683.jpg\" alt=\"\" data-id=\"2852\" data-full-url=\"https:\/\/marcali.plebania.hu\/wp-content\/uploads\/2021\/10\/01-scaled.jpg\" data-link=\"https:\/\/marcali.plebania.hu\/?attachment_id=2852\" class=\"wp-image-2852\" srcset=\"https:\/\/marcali.plebania.hu\/wp-content\/uploads\/2021\/10\/01-1024x683.jpg 1024w, https:\/\/marcali.plebania.hu\/wp-content\/uploads\/2021\/10\/01-300x200.jpg 300w, https:\/\/marcali.plebania.hu\/wp-content\/uploads\/2021\/10\/01-768x512.jpg 768w, https:\/\/marcali.plebania.hu\/wp-content\/uploads\/2021\/10\/01-1536x1024.jpg 1536w, https:\/\/marcali.plebania.hu\/wp-content\/uploads\/2021\/10\/01-2048x1365.jpg 2048w, https:\/\/marcali.plebania.hu\/wp-content\/uploads\/2021\/10\/01-405x270.jpg 405w\" sizes=\"auto, (max-width: 1024px) 100vw, 1024px\" \/><\/figure><\/li><\/ul><\/figure>\n\n\n\n<p>Az aut\u00f3buszos utaz\u00e1s els\u0151 \u00e1llom\u00e1sa Bodajk volt, ahol a Mindenkor Seg\u00edt\u0151 Sz\u0171z M\u00e1ria Kegyhelyen egy helyi idegenvezet\u0151-n\u0151 adott t\u00e1j\u00e9koztat\u00e1st a telep\u00fcl\u00e9s t\u00f6rt\u00e9net\u00e9r\u0151l. A csoport r\u00e9sztvev\u0151i megtudt\u00e1k, hogy m\u00e1r Szent Istv\u00e1n kir\u00e1ly is l\u00e1togatta a kegyhelyet, majd a t\u00f6r\u00f6k h\u00f3dolts\u00e1g ut\u00e1n, az \u00fajkori felvir\u00e1goztat\u00e1sa, a telep\u00fcl\u00e9sen 1695-ben megjelen\u0151 kapucinus szerzeteseknek k\u00f6sz\u00f6nhet\u0151. A koldul\u00f3rendi bar\u00e1tok v\u00e9lhet\u0151en a k\u00f6z\u00e9pkori alapokra \u00e9p\u00edtettek k\u00e1poln\u00e1t, amelybe a k\u00f6rny\u00e9kbeli falvakba betelep\u00edtett n\u00e9met ajk\u00fa lakoss\u00e1g k\u00f6r\u00e9ben nagy tiszteletnek \u00f6rvend\u0151 Seg\u00edt\u0151 Sz\u0171z M\u00e1ria kegyk\u00e9p\u00e9t helyezt\u00e9k el. Ez az 1728 \u00e9s 1742 k\u00f6z\u00f6tt fel\u00e9p\u00fclt barokk templom l\u00e1that\u00f3 ma. A pl\u00e9b\u00e1nia\u00e9p\u00fclet 1755-ben \u00e9p\u00fclt kapucinus rendh\u00e1zk\u00e9nt. A kolostor kertj\u00e9b\u0151l lev\u00e1lasztott sz\u00e9pen fel\u00faj\u00edtott zar\u00e1ndokudvart, benne a h\u0171s viz\u0171 forr\u00e1ssal, valamint a szomsz\u00e9dos K\u00e1lv\u00e1ria-hegyre vezet\u0151 keresztutat szint\u00e9n a 18. sz\u00e1zad k\u00f6zep\u00e9n alak\u00edtott\u00e1k ki.<\/p>\n\n\n\n<figure class=\"wp-block-gallery columns-3 is-cropped wp-block-gallery-2 is-layout-flex wp-block-gallery-is-layout-flex\"><ul class=\"blocks-gallery-grid\"><li class=\"blocks-gallery-item\"><figure><img loading=\"lazy\" decoding=\"async\" width=\"1024\" height=\"683\" src=\"https:\/\/marcali.plebania.hu\/wp-content\/uploads\/2021\/10\/32-1024x683.jpg\" alt=\"\" data-id=\"2858\" data-link=\"https:\/\/marcali.plebania.hu\/?attachment_id=2858\" class=\"wp-image-2858\" srcset=\"https:\/\/marcali.plebania.hu\/wp-content\/uploads\/2021\/10\/32-1024x683.jpg 1024w, https:\/\/marcali.plebania.hu\/wp-content\/uploads\/2021\/10\/32-300x200.jpg 300w, https:\/\/marcali.plebania.hu\/wp-content\/uploads\/2021\/10\/32-768x512.jpg 768w, https:\/\/marcali.plebania.hu\/wp-content\/uploads\/2021\/10\/32-1536x1024.jpg 1536w, https:\/\/marcali.plebania.hu\/wp-content\/uploads\/2021\/10\/32-2048x1365.jpg 2048w, https:\/\/marcali.plebania.hu\/wp-content\/uploads\/2021\/10\/32-405x270.jpg 405w\" sizes=\"auto, (max-width: 1024px) 100vw, 1024px\" \/><\/figure><\/li><li class=\"blocks-gallery-item\"><figure><img loading=\"lazy\" decoding=\"async\" width=\"1024\" height=\"683\" src=\"https:\/\/marcali.plebania.hu\/wp-content\/uploads\/2021\/10\/39-1024x683.jpg\" alt=\"\" data-id=\"2859\" data-link=\"https:\/\/marcali.plebania.hu\/?attachment_id=2859\" class=\"wp-image-2859\" srcset=\"https:\/\/marcali.plebania.hu\/wp-content\/uploads\/2021\/10\/39-1024x683.jpg 1024w, https:\/\/marcali.plebania.hu\/wp-content\/uploads\/2021\/10\/39-300x200.jpg 300w, https:\/\/marcali.plebania.hu\/wp-content\/uploads\/2021\/10\/39-768x512.jpg 768w, https:\/\/marcali.plebania.hu\/wp-content\/uploads\/2021\/10\/39-1536x1024.jpg 1536w, https:\/\/marcali.plebania.hu\/wp-content\/uploads\/2021\/10\/39-2048x1365.jpg 2048w, https:\/\/marcali.plebania.hu\/wp-content\/uploads\/2021\/10\/39-405x270.jpg 405w\" sizes=\"auto, (max-width: 1024px) 100vw, 1024px\" \/><\/figure><\/li><li class=\"blocks-gallery-item\"><figure><img loading=\"lazy\" decoding=\"async\" width=\"1024\" height=\"683\" src=\"https:\/\/marcali.plebania.hu\/wp-content\/uploads\/2021\/10\/40-1024x683.jpg\" alt=\"\" data-id=\"2860\" data-link=\"https:\/\/marcali.plebania.hu\/?attachment_id=2860\" class=\"wp-image-2860\" srcset=\"https:\/\/marcali.plebania.hu\/wp-content\/uploads\/2021\/10\/40-1024x683.jpg 1024w, https:\/\/marcali.plebania.hu\/wp-content\/uploads\/2021\/10\/40-300x200.jpg 300w, https:\/\/marcali.plebania.hu\/wp-content\/uploads\/2021\/10\/40-768x512.jpg 768w, https:\/\/marcali.plebania.hu\/wp-content\/uploads\/2021\/10\/40-1536x1024.jpg 1536w, https:\/\/marcali.plebania.hu\/wp-content\/uploads\/2021\/10\/40-2048x1365.jpg 2048w, https:\/\/marcali.plebania.hu\/wp-content\/uploads\/2021\/10\/40-405x270.jpg 405w\" sizes=\"auto, (max-width: 1024px) 100vw, 1024px\" \/><\/figure><\/li><li class=\"blocks-gallery-item\"><figure><img loading=\"lazy\" decoding=\"async\" width=\"1024\" height=\"683\" src=\"https:\/\/marcali.plebania.hu\/wp-content\/uploads\/2021\/10\/35-1024x683.jpg\" alt=\"\" data-id=\"2861\" data-full-url=\"https:\/\/marcali.plebania.hu\/wp-content\/uploads\/2021\/10\/35-scaled.jpg\" data-link=\"https:\/\/marcali.plebania.hu\/?attachment_id=2861\" class=\"wp-image-2861\" srcset=\"https:\/\/marcali.plebania.hu\/wp-content\/uploads\/2021\/10\/35-1024x683.jpg 1024w, https:\/\/marcali.plebania.hu\/wp-content\/uploads\/2021\/10\/35-300x200.jpg 300w, https:\/\/marcali.plebania.hu\/wp-content\/uploads\/2021\/10\/35-768x512.jpg 768w, https:\/\/marcali.plebania.hu\/wp-content\/uploads\/2021\/10\/35-1536x1024.jpg 1536w, https:\/\/marcali.plebania.hu\/wp-content\/uploads\/2021\/10\/35-2048x1365.jpg 2048w, https:\/\/marcali.plebania.hu\/wp-content\/uploads\/2021\/10\/35-405x270.jpg 405w\" sizes=\"auto, (max-width: 1024px) 100vw, 1024px\" \/><\/figure><\/li><\/ul><\/figure>\n\n\n\n<p>A kor\u00e1bban oda\u00e9rkez\u0151 zar\u00e1ndokokat \u00e9s a K\u00c9SZ Marcali Csoportj\u00e1t rendk\u00edv\u00fcl sz\u00e9p orgonamuzsik\u00e1val fogadt\u00e1k a templomban, majd egy k\u00f6z\u00f6s im\u00e1ds\u00e1got k\u00f6vet\u0151en indultak fel a K\u00e1lv\u00e1ria-hegyre, mik\u00f6zben a keresztutat is elv\u00e9gezt\u00e9k. A nagy emelked\u0151n j\u00f3 volt kicsit meg\u00e1llni, im\u00e1dkozni, valamint \u00e9nekelni az egyes st\u00e1ci\u00f3kn\u00e1l, melyek k\u00e9peit Bory Jen\u0151 szobr\u00e1szm\u0171v\u00e9sz alkotott \u00e9s a st\u00e1ci\u00f3kkal egy\u00fctt Proh\u00e1szka Ottok\u00e1r p\u00fcsp\u00f6k, 1926. szeptember 8-\u00e1n pedig meg\u00e1ldott. A hegytet\u0151re \u00e9rve a zar\u00e1ndokok h\u00e1l\u00e1t adtak, \u00e9s gy\u00f6ny\u00f6rk\u00f6dtek a sz\u00e9p panor\u00e1m\u00e1ban, a ragyog\u00f3 naps\u00fct\u00e9ses id\u0151ben.<\/p>\n\n\n\n<figure class=\"wp-block-gallery columns-3 is-cropped wp-block-gallery-3 is-layout-flex wp-block-gallery-is-layout-flex\"><ul class=\"blocks-gallery-grid\"><li class=\"blocks-gallery-item\"><figure><img loading=\"lazy\" decoding=\"async\" width=\"1024\" height=\"683\" src=\"https:\/\/marcali.plebania.hu\/wp-content\/uploads\/2021\/10\/16-1024x683.jpg\" alt=\"\" data-id=\"2853\" data-link=\"https:\/\/marcali.plebania.hu\/?attachment_id=2853\" class=\"wp-image-2853\" srcset=\"https:\/\/marcali.plebania.hu\/wp-content\/uploads\/2021\/10\/16-1024x683.jpg 1024w, https:\/\/marcali.plebania.hu\/wp-content\/uploads\/2021\/10\/16-300x200.jpg 300w, https:\/\/marcali.plebania.hu\/wp-content\/uploads\/2021\/10\/16-768x512.jpg 768w, https:\/\/marcali.plebania.hu\/wp-content\/uploads\/2021\/10\/16-1536x1024.jpg 1536w, https:\/\/marcali.plebania.hu\/wp-content\/uploads\/2021\/10\/16-2048x1365.jpg 2048w, https:\/\/marcali.plebania.hu\/wp-content\/uploads\/2021\/10\/16-405x270.jpg 405w\" sizes=\"auto, (max-width: 1024px) 100vw, 1024px\" \/><\/figure><\/li><li class=\"blocks-gallery-item\"><figure><img loading=\"lazy\" decoding=\"async\" width=\"1024\" height=\"683\" src=\"https:\/\/marcali.plebania.hu\/wp-content\/uploads\/2021\/10\/19-1024x683.jpg\" alt=\"\" data-id=\"2854\" data-link=\"https:\/\/marcali.plebania.hu\/?attachment_id=2854\" class=\"wp-image-2854\" srcset=\"https:\/\/marcali.plebania.hu\/wp-content\/uploads\/2021\/10\/19-1024x683.jpg 1024w, https:\/\/marcali.plebania.hu\/wp-content\/uploads\/2021\/10\/19-300x200.jpg 300w, https:\/\/marcali.plebania.hu\/wp-content\/uploads\/2021\/10\/19-768x512.jpg 768w, https:\/\/marcali.plebania.hu\/wp-content\/uploads\/2021\/10\/19-1536x1024.jpg 1536w, https:\/\/marcali.plebania.hu\/wp-content\/uploads\/2021\/10\/19-2048x1365.jpg 2048w, https:\/\/marcali.plebania.hu\/wp-content\/uploads\/2021\/10\/19-405x270.jpg 405w\" sizes=\"auto, (max-width: 1024px) 100vw, 1024px\" \/><\/figure><\/li><li class=\"blocks-gallery-item\"><figure><img loading=\"lazy\" decoding=\"async\" width=\"1024\" height=\"683\" src=\"https:\/\/marcali.plebania.hu\/wp-content\/uploads\/2021\/10\/17-1024x683.jpg\" alt=\"\" data-id=\"2855\" data-link=\"https:\/\/marcali.plebania.hu\/?attachment_id=2855\" class=\"wp-image-2855\" srcset=\"https:\/\/marcali.plebania.hu\/wp-content\/uploads\/2021\/10\/17-1024x683.jpg 1024w, https:\/\/marcali.plebania.hu\/wp-content\/uploads\/2021\/10\/17-300x200.jpg 300w, https:\/\/marcali.plebania.hu\/wp-content\/uploads\/2021\/10\/17-768x512.jpg 768w, https:\/\/marcali.plebania.hu\/wp-content\/uploads\/2021\/10\/17-1536x1024.jpg 1536w, https:\/\/marcali.plebania.hu\/wp-content\/uploads\/2021\/10\/17-2048x1365.jpg 2048w, https:\/\/marcali.plebania.hu\/wp-content\/uploads\/2021\/10\/17-405x270.jpg 405w\" sizes=\"auto, (max-width: 1024px) 100vw, 1024px\" \/><\/figure><\/li><li class=\"blocks-gallery-item\"><figure><img loading=\"lazy\" decoding=\"async\" width=\"1024\" height=\"683\" src=\"https:\/\/marcali.plebania.hu\/wp-content\/uploads\/2021\/10\/21-1024x683.jpg\" alt=\"\" data-id=\"2856\" data-full-url=\"https:\/\/marcali.plebania.hu\/wp-content\/uploads\/2021\/10\/21-scaled.jpg\" data-link=\"https:\/\/marcali.plebania.hu\/?attachment_id=2856\" class=\"wp-image-2856\" srcset=\"https:\/\/marcali.plebania.hu\/wp-content\/uploads\/2021\/10\/21-1024x683.jpg 1024w, https:\/\/marcali.plebania.hu\/wp-content\/uploads\/2021\/10\/21-300x200.jpg 300w, https:\/\/marcali.plebania.hu\/wp-content\/uploads\/2021\/10\/21-768x512.jpg 768w, https:\/\/marcali.plebania.hu\/wp-content\/uploads\/2021\/10\/21-1536x1024.jpg 1536w, https:\/\/marcali.plebania.hu\/wp-content\/uploads\/2021\/10\/21-2048x1365.jpg 2048w, https:\/\/marcali.plebania.hu\/wp-content\/uploads\/2021\/10\/21-405x270.jpg 405w\" sizes=\"auto, (max-width: 1024px) 100vw, 1024px\" \/><\/figure><\/li><\/ul><\/figure>\n\n\n\n<p>A d\u00e9lel\u0151tti programban, m\u00e1sodik helyen a feh\u00e9rv\u00e1rcsurg\u00f3i K\u00e1rolyi-kast\u00e9ly szerepelt. A marcali l\u00e1togat\u00f3kat a k\u00faria k\u00e1poln\u00e1j\u00e1ban meg egy von\u00f3s kvartett muzsik\u00e1ja k\u00f6sz\u00f6nt\u00f6tte. Majd egy fiatal idegenvezet\u0151-n\u0151 elmondta, hogy az ottani birtokot 1834-ben a Per\u00e9nyi csal\u00e1d z\u00e1logos\u00edtotta el K\u00e1rolyi Gy\u00f6rgy gr\u00f3fnak, ami 1853-ban, v\u00e1s\u00e1rl\u00e1s \u00fatj\u00e1n v\u00e9gleg a K\u00e1rolyiak kez\u00e9be ker\u00fclt. A kast\u00e9ly \u00e9p\u00edt\u00e9se Heinrich Koch tervei alapj\u00e1n t\u00f6rt\u00e9nt. A csal\u00e1dnak a kast\u00e9lyt 1944-ben el kellett hagynia. Az \u00e9p\u00fcletet a m\u00e1sodik vil\u00e1gh\u00e1bor\u00fa alatt katon\u00e1k \u201ehaszn\u00e1lt\u00e1k\u201d, majd 1945 ut\u00e1n a birtokkal egy\u00fctt \u00e1llamos\u00edtott\u00e1k. Ezt k\u00f6vet\u0151en el\u0151sz\u00f6r \u00fcd\u00fcl\u0151k\u00e9nt, majd gyermekotthonk\u00e9nt \u00fczemelt. Sajnos ezen \u00e9vtizedek alatt az eredeti b\u00fatorzatb\u00f3l szinte semmi sem maradt meg. Hossz\u00fa id\u0151 ut\u00e1n el\u0151sz\u00f6r 1980-ban kezd\u0151dtek meg az \u00e1llagmeg\u00f3v\u00e1si munk\u00e1k, majd 2007-ig helyre\u00e1ll\u00edtott\u00e1k a k\u00e9t pavilont \u00e9s a k\u00e9t sz\u00e1rnyat, majd 2011-ben pedig a f\u0151\u00e9p\u00fclet is \u00e1tad\u00e1sra ker\u00fclt. Napjainkban a kultur\u00e1lis jelleg mellett hotelk\u00e9nt \u00e9s \u00e9tteremk\u00e9nt is funkcion\u00e1l az igen impoz\u00e1ns \u00e9p\u00fcletegy\u00fcttes.<\/p>\n\n\n\n<figure class=\"wp-block-gallery columns-3 is-cropped wp-block-gallery-4 is-layout-flex wp-block-gallery-is-layout-flex\"><ul class=\"blocks-gallery-grid\"><li class=\"blocks-gallery-item\"><figure><img loading=\"lazy\" decoding=\"async\" width=\"1024\" height=\"683\" src=\"https:\/\/marcali.plebania.hu\/wp-content\/uploads\/2021\/10\/47-1024x683.jpg\" alt=\"\" data-id=\"2862\" data-link=\"https:\/\/marcali.plebania.hu\/index.php\/2021\/10\/01\/a-kesz-marcali-csoport-2021-evi-zarandoklata\/47-6\/\" class=\"wp-image-2862\" srcset=\"https:\/\/marcali.plebania.hu\/wp-content\/uploads\/2021\/10\/47-1024x683.jpg 1024w, https:\/\/marcali.plebania.hu\/wp-content\/uploads\/2021\/10\/47-300x200.jpg 300w, https:\/\/marcali.plebania.hu\/wp-content\/uploads\/2021\/10\/47-768x512.jpg 768w, https:\/\/marcali.plebania.hu\/wp-content\/uploads\/2021\/10\/47-1536x1024.jpg 1536w, https:\/\/marcali.plebania.hu\/wp-content\/uploads\/2021\/10\/47-2048x1365.jpg 2048w, https:\/\/marcali.plebania.hu\/wp-content\/uploads\/2021\/10\/47-405x270.jpg 405w\" sizes=\"auto, (max-width: 1024px) 100vw, 1024px\" \/><\/figure><\/li><li class=\"blocks-gallery-item\"><figure><img loading=\"lazy\" decoding=\"async\" width=\"1024\" height=\"683\" src=\"https:\/\/marcali.plebania.hu\/wp-content\/uploads\/2021\/10\/52-1024x683.jpg\" alt=\"\" data-id=\"2863\" data-link=\"https:\/\/marcali.plebania.hu\/index.php\/2021\/10\/01\/a-kesz-marcali-csoport-2021-evi-zarandoklata\/52-4\/\" class=\"wp-image-2863\" srcset=\"https:\/\/marcali.plebania.hu\/wp-content\/uploads\/2021\/10\/52-1024x683.jpg 1024w, https:\/\/marcali.plebania.hu\/wp-content\/uploads\/2021\/10\/52-300x200.jpg 300w, https:\/\/marcali.plebania.hu\/wp-content\/uploads\/2021\/10\/52-768x512.jpg 768w, https:\/\/marcali.plebania.hu\/wp-content\/uploads\/2021\/10\/52-1536x1024.jpg 1536w, https:\/\/marcali.plebania.hu\/wp-content\/uploads\/2021\/10\/52-2048x1365.jpg 2048w, https:\/\/marcali.plebania.hu\/wp-content\/uploads\/2021\/10\/52-405x270.jpg 405w\" sizes=\"auto, (max-width: 1024px) 100vw, 1024px\" \/><\/figure><\/li><li class=\"blocks-gallery-item\"><figure><img loading=\"lazy\" decoding=\"async\" width=\"1024\" height=\"683\" src=\"https:\/\/marcali.plebania.hu\/wp-content\/uploads\/2021\/10\/61-1024x683.jpg\" alt=\"\" data-id=\"2864\" data-link=\"https:\/\/marcali.plebania.hu\/index.php\/2021\/10\/01\/a-kesz-marcali-csoport-2021-evi-zarandoklata\/61-5\/\" class=\"wp-image-2864\" srcset=\"https:\/\/marcali.plebania.hu\/wp-content\/uploads\/2021\/10\/61-1024x683.jpg 1024w, https:\/\/marcali.plebania.hu\/wp-content\/uploads\/2021\/10\/61-300x200.jpg 300w, https:\/\/marcali.plebania.hu\/wp-content\/uploads\/2021\/10\/61-768x512.jpg 768w, https:\/\/marcali.plebania.hu\/wp-content\/uploads\/2021\/10\/61-1536x1024.jpg 1536w, https:\/\/marcali.plebania.hu\/wp-content\/uploads\/2021\/10\/61-2048x1365.jpg 2048w, https:\/\/marcali.plebania.hu\/wp-content\/uploads\/2021\/10\/61-405x270.jpg 405w\" sizes=\"auto, (max-width: 1024px) 100vw, 1024px\" \/><\/figure><\/li><li class=\"blocks-gallery-item\"><figure><img loading=\"lazy\" decoding=\"async\" width=\"1024\" height=\"683\" src=\"https:\/\/marcali.plebania.hu\/wp-content\/uploads\/2021\/10\/64-1-1024x683.jpg\" alt=\"\" data-id=\"2882\" data-full-url=\"https:\/\/marcali.plebania.hu\/wp-content\/uploads\/2021\/10\/64-1-scaled.jpg\" data-link=\"https:\/\/marcali.plebania.hu\/index.php\/2021\/10\/01\/a-kesz-marcali-csoport-2021-evi-zarandoklata\/64-1\/\" class=\"wp-image-2882\" srcset=\"https:\/\/marcali.plebania.hu\/wp-content\/uploads\/2021\/10\/64-1-1024x683.jpg 1024w, https:\/\/marcali.plebania.hu\/wp-content\/uploads\/2021\/10\/64-1-300x200.jpg 300w, https:\/\/marcali.plebania.hu\/wp-content\/uploads\/2021\/10\/64-1-768x512.jpg 768w, https:\/\/marcali.plebania.hu\/wp-content\/uploads\/2021\/10\/64-1-1536x1024.jpg 1536w, https:\/\/marcali.plebania.hu\/wp-content\/uploads\/2021\/10\/64-1-2048x1365.jpg 2048w, https:\/\/marcali.plebania.hu\/wp-content\/uploads\/2021\/10\/64-1-405x270.jpg 405w\" sizes=\"auto, (max-width: 1024px) 100vw, 1024px\" \/><\/figure><\/li><\/ul><\/figure>\n\n\n\n<p>A csoport ezut\u00e1n M\u00f3rra utazott, ahol a r\u00e9szlegesen fel\u00faj\u00edtott Lamberg-kast\u00e9lyt tekintett\u00e9k meg. Els\u0151k\u00e9nt egy eredeti b\u00fatorokkal rendelkez\u0151 sv\u00e1b t\u00e1jh\u00e1z berendez\u00e9seit mutatta be az idegenvezet\u0151-n\u0151, melyek egy m\u00f3dosabb sz\u0151l\u0151sgazda otthon\u00e1t id\u00e9zt\u00e9k fel. A telep\u00fcl\u00e9s n\u00e9met nemzetis\u00e9gi lakoss\u00e1g\u00e1nak t\u00f6rt\u00e9nete h\u00e1romsz\u00e1z \u00e9ves m\u00faltra ny\u00falik vissza, amikor Hochburg J\u00e1nos Domokos k\u00e9rt az uralkod\u00f3t\u00f3l telepeseket.<\/p>\n\n\n\n<figure class=\"wp-block-gallery columns-3 is-cropped wp-block-gallery-5 is-layout-flex wp-block-gallery-is-layout-flex\"><ul class=\"blocks-gallery-grid\"><li class=\"blocks-gallery-item\"><figure><img loading=\"lazy\" decoding=\"async\" width=\"1024\" height=\"683\" src=\"https:\/\/marcali.plebania.hu\/wp-content\/uploads\/2021\/10\/65-1024x683.jpg\" alt=\"\" data-id=\"2866\" data-link=\"https:\/\/marcali.plebania.hu\/?attachment_id=2866\" class=\"wp-image-2866\" srcset=\"https:\/\/marcali.plebania.hu\/wp-content\/uploads\/2021\/10\/65-1024x683.jpg 1024w, https:\/\/marcali.plebania.hu\/wp-content\/uploads\/2021\/10\/65-300x200.jpg 300w, https:\/\/marcali.plebania.hu\/wp-content\/uploads\/2021\/10\/65-768x512.jpg 768w, https:\/\/marcali.plebania.hu\/wp-content\/uploads\/2021\/10\/65-1536x1024.jpg 1536w, https:\/\/marcali.plebania.hu\/wp-content\/uploads\/2021\/10\/65-2048x1365.jpg 2048w, https:\/\/marcali.plebania.hu\/wp-content\/uploads\/2021\/10\/65-405x270.jpg 405w\" sizes=\"auto, (max-width: 1024px) 100vw, 1024px\" \/><\/figure><\/li><li class=\"blocks-gallery-item\"><figure><img loading=\"lazy\" decoding=\"async\" width=\"1024\" height=\"683\" src=\"https:\/\/marcali.plebania.hu\/wp-content\/uploads\/2021\/10\/68-1024x683.jpg\" alt=\"\" data-id=\"2867\" data-link=\"https:\/\/marcali.plebania.hu\/?attachment_id=2867\" class=\"wp-image-2867\" srcset=\"https:\/\/marcali.plebania.hu\/wp-content\/uploads\/2021\/10\/68-1024x683.jpg 1024w, https:\/\/marcali.plebania.hu\/wp-content\/uploads\/2021\/10\/68-300x200.jpg 300w, https:\/\/marcali.plebania.hu\/wp-content\/uploads\/2021\/10\/68-768x512.jpg 768w, https:\/\/marcali.plebania.hu\/wp-content\/uploads\/2021\/10\/68-1536x1024.jpg 1536w, https:\/\/marcali.plebania.hu\/wp-content\/uploads\/2021\/10\/68-2048x1365.jpg 2048w, https:\/\/marcali.plebania.hu\/wp-content\/uploads\/2021\/10\/68-405x270.jpg 405w\" sizes=\"auto, (max-width: 1024px) 100vw, 1024px\" \/><\/figure><\/li><li class=\"blocks-gallery-item\"><figure><img loading=\"lazy\" decoding=\"async\" width=\"1024\" height=\"683\" src=\"https:\/\/marcali.plebania.hu\/wp-content\/uploads\/2021\/10\/77-1024x683.jpg\" alt=\"\" data-id=\"2868\" data-link=\"https:\/\/marcali.plebania.hu\/?attachment_id=2868\" class=\"wp-image-2868\" srcset=\"https:\/\/marcali.plebania.hu\/wp-content\/uploads\/2021\/10\/77-1024x683.jpg 1024w, https:\/\/marcali.plebania.hu\/wp-content\/uploads\/2021\/10\/77-300x200.jpg 300w, https:\/\/marcali.plebania.hu\/wp-content\/uploads\/2021\/10\/77-768x512.jpg 768w, https:\/\/marcali.plebania.hu\/wp-content\/uploads\/2021\/10\/77-1536x1024.jpg 1536w, https:\/\/marcali.plebania.hu\/wp-content\/uploads\/2021\/10\/77-2048x1365.jpg 2048w, https:\/\/marcali.plebania.hu\/wp-content\/uploads\/2021\/10\/77-405x270.jpg 405w\" sizes=\"auto, (max-width: 1024px) 100vw, 1024px\" \/><\/figure><\/li><li class=\"blocks-gallery-item\"><figure><img loading=\"lazy\" decoding=\"async\" width=\"1024\" height=\"683\" src=\"https:\/\/marcali.plebania.hu\/wp-content\/uploads\/2021\/10\/80-1024x683.jpg\" alt=\"\" data-id=\"2869\" data-full-url=\"https:\/\/marcali.plebania.hu\/wp-content\/uploads\/2021\/10\/80-scaled.jpg\" data-link=\"https:\/\/marcali.plebania.hu\/?attachment_id=2869\" class=\"wp-image-2869\" srcset=\"https:\/\/marcali.plebania.hu\/wp-content\/uploads\/2021\/10\/80-1024x683.jpg 1024w, https:\/\/marcali.plebania.hu\/wp-content\/uploads\/2021\/10\/80-300x200.jpg 300w, https:\/\/marcali.plebania.hu\/wp-content\/uploads\/2021\/10\/80-768x512.jpg 768w, https:\/\/marcali.plebania.hu\/wp-content\/uploads\/2021\/10\/80-1536x1024.jpg 1536w, https:\/\/marcali.plebania.hu\/wp-content\/uploads\/2021\/10\/80-2048x1365.jpg 2048w, https:\/\/marcali.plebania.hu\/wp-content\/uploads\/2021\/10\/80-405x270.jpg 405w\" sizes=\"auto, (max-width: 1024px) 100vw, 1024px\" \/><\/figure><\/li><\/ul><\/figure>\n\n\n\n<p>Majd ezut\u00e1n a mag\u00e1nak a kast\u00e9lynak (eredetileg ny\u00e1ri rezidencia, majd vad\u00e1szkast\u00e9ly) a bemutat\u00e1sa k\u00f6vetkezett, mely Fellner Jakab \u00e9p\u00edt\u00e9sz tervei alapj\u00e1n \u00e9p\u00fclt 1762 \u00e9s 1766 k\u00f6z\u00f6tt klassziciz\u00e1l\u00f3 k\u00e9s\u0151 barokk (copf) st\u00edlusban. K\u00fcl\u00f6n \u00e9lm\u00e9ny volt l\u00e1tni a vil\u00e1gh\u00edr\u0171 magyar sz\u00e1rmaz\u00e1s\u00fa francia fest\u0151 \u00e9s grafikus, Victor Vasarely (V\u00e1s\u00e1rhelyi Gy\u0151z\u0151) jellegzetes, saj\u00e1t kez\u0171leg al\u00e1\u00edrt, eredeti szitanyomatait (szerigr\u00e1fia), melyekb\u0151l \u00f6sszesen 31 darabot aj\u00e1nd\u00e9kozott 1988-ban a m\u00f3ri k\u00f6nyvt\u00e1rnak. A l\u00e1togat\u00f3k megismerhett\u00e9k a h\u00e1romszor minisztereln\u00f6kk\u00e9 v\u00e1lasztott Wekerle S\u00e1ndor, valamint a n\u00e9vad\u00f3 gr\u00f3f Lamberg-Sz\u00e9csen csal\u00e1d t\u00f6rt\u00e9net\u00e9t is. A r\u00e9g\u00e9szeti leletek mellett k\u00fcl\u00f6n szob\u00e1t kapott az 1848. december 30-ki m\u00f3ri csat\u00e1t bemutat\u00f3 t\u00e1rlat \u00e9s dior\u00e1ma is. Ebben az \u00fctk\u00f6zetben azonban a Perczel M\u00f3r vezette csapatok veres\u00e9get szenvedtek, ami sajnos Buda \u00e9s Pest felad\u00e1s\u00e1t vonta maga ut\u00e1n, \u00edgy a korm\u00e1nynak is Debrecenbe kellett k\u00f6lt\u00f6znie. Az \u00e9p\u00fclet ma M\u0171vel\u0151d\u00e9si K\u00f6zpont, K\u00f6nyvt\u00e1r \u00e9s Muze\u00e1lis Ki\u00e1ll\u00edt\u00f3hely is egyben.<\/p>\n\n\n\n<figure class=\"wp-block-gallery columns-3 is-cropped wp-block-gallery-6 is-layout-flex wp-block-gallery-is-layout-flex\"><ul class=\"blocks-gallery-grid\"><li class=\"blocks-gallery-item\"><figure><img loading=\"lazy\" decoding=\"async\" width=\"1024\" height=\"683\" src=\"https:\/\/marcali.plebania.hu\/wp-content\/uploads\/2021\/10\/95-1024x683.jpg\" alt=\"\" data-id=\"2870\" data-link=\"https:\/\/marcali.plebania.hu\/?attachment_id=2870\" class=\"wp-image-2870\" srcset=\"https:\/\/marcali.plebania.hu\/wp-content\/uploads\/2021\/10\/95-1024x683.jpg 1024w, https:\/\/marcali.plebania.hu\/wp-content\/uploads\/2021\/10\/95-300x200.jpg 300w, https:\/\/marcali.plebania.hu\/wp-content\/uploads\/2021\/10\/95-768x512.jpg 768w, https:\/\/marcali.plebania.hu\/wp-content\/uploads\/2021\/10\/95-1536x1024.jpg 1536w, https:\/\/marcali.plebania.hu\/wp-content\/uploads\/2021\/10\/95-2048x1365.jpg 2048w, https:\/\/marcali.plebania.hu\/wp-content\/uploads\/2021\/10\/95-405x270.jpg 405w\" sizes=\"auto, (max-width: 1024px) 100vw, 1024px\" \/><\/figure><\/li><li class=\"blocks-gallery-item\"><figure><img loading=\"lazy\" decoding=\"async\" width=\"1024\" height=\"683\" src=\"https:\/\/marcali.plebania.hu\/wp-content\/uploads\/2021\/10\/94-1024x683.jpg\" alt=\"\" data-id=\"2871\" data-link=\"https:\/\/marcali.plebania.hu\/?attachment_id=2871\" class=\"wp-image-2871\" srcset=\"https:\/\/marcali.plebania.hu\/wp-content\/uploads\/2021\/10\/94-1024x683.jpg 1024w, https:\/\/marcali.plebania.hu\/wp-content\/uploads\/2021\/10\/94-300x200.jpg 300w, https:\/\/marcali.plebania.hu\/wp-content\/uploads\/2021\/10\/94-768x512.jpg 768w, https:\/\/marcali.plebania.hu\/wp-content\/uploads\/2021\/10\/94-1536x1024.jpg 1536w, https:\/\/marcali.plebania.hu\/wp-content\/uploads\/2021\/10\/94-2048x1365.jpg 2048w, https:\/\/marcali.plebania.hu\/wp-content\/uploads\/2021\/10\/94-405x270.jpg 405w\" sizes=\"auto, (max-width: 1024px) 100vw, 1024px\" \/><\/figure><\/li><li class=\"blocks-gallery-item\"><figure><img loading=\"lazy\" decoding=\"async\" width=\"1024\" height=\"683\" src=\"https:\/\/marcali.plebania.hu\/wp-content\/uploads\/2021\/10\/97-1024x683.jpg\" alt=\"\" data-id=\"2872\" data-link=\"https:\/\/marcali.plebania.hu\/?attachment_id=2872\" class=\"wp-image-2872\" srcset=\"https:\/\/marcali.plebania.hu\/wp-content\/uploads\/2021\/10\/97-1024x683.jpg 1024w, https:\/\/marcali.plebania.hu\/wp-content\/uploads\/2021\/10\/97-300x200.jpg 300w, https:\/\/marcali.plebania.hu\/wp-content\/uploads\/2021\/10\/97-768x512.jpg 768w, https:\/\/marcali.plebania.hu\/wp-content\/uploads\/2021\/10\/97-1536x1024.jpg 1536w, https:\/\/marcali.plebania.hu\/wp-content\/uploads\/2021\/10\/97-2048x1365.jpg 2048w, https:\/\/marcali.plebania.hu\/wp-content\/uploads\/2021\/10\/97-405x270.jpg 405w\" sizes=\"auto, (max-width: 1024px) 100vw, 1024px\" \/><\/figure><\/li><li class=\"blocks-gallery-item\"><figure><img loading=\"lazy\" decoding=\"async\" width=\"1024\" height=\"683\" src=\"https:\/\/marcali.plebania.hu\/wp-content\/uploads\/2021\/10\/104-1024x683.jpg\" alt=\"\" data-id=\"2873\" data-full-url=\"https:\/\/marcali.plebania.hu\/wp-content\/uploads\/2021\/10\/104-scaled.jpg\" data-link=\"https:\/\/marcali.plebania.hu\/?attachment_id=2873\" class=\"wp-image-2873\" srcset=\"https:\/\/marcali.plebania.hu\/wp-content\/uploads\/2021\/10\/104-1024x683.jpg 1024w, https:\/\/marcali.plebania.hu\/wp-content\/uploads\/2021\/10\/104-300x200.jpg 300w, https:\/\/marcali.plebania.hu\/wp-content\/uploads\/2021\/10\/104-768x512.jpg 768w, https:\/\/marcali.plebania.hu\/wp-content\/uploads\/2021\/10\/104-1536x1024.jpg 1536w, https:\/\/marcali.plebania.hu\/wp-content\/uploads\/2021\/10\/104-2048x1365.jpg 2048w, https:\/\/marcali.plebania.hu\/wp-content\/uploads\/2021\/10\/104-405x270.jpg 405w\" sizes=\"auto, (max-width: 1024px) 100vw, 1024px\" \/><\/figure><\/li><\/ul><\/figure>\n\n\n\n<p>A\nd\u00e9lut\u00e1ni program m\u00e1sik fontos \u00e1llom\u00e1sa a m\u00f3ri\nSzenth\u00e1roms\u00e1g Kapucinus templom megtekint\u00e9se volt. A marcaliakat egy helyb\u00e9li\nbar\u00e1t fogadta \u00e9s kalauzolta, mik\u00f6zben sok \u00e9rdekess\u00e9get mes\u00e9lt. Elmondta, hogy a\nkapucinus rendet 1528-ban alap\u00edtott\u00e1k, mint a ferences csal\u00e1d \u00f6n\u00e1ll\u00f3, harmadik\n\u00e1g\u00e1t. M\u00e1r 1574-t\u0151l enged\u00e9lyezt\u00e9k k\u00fclf\u00f6ldi terjeszked\u00e9s\u00e9t is. Legismertebb\nalakja Brindisi Szent L\u0151rinc, akinek legend\u00e1s feh\u00e9rv\u00e1ri csat\u00e1j\u00e1t m\u00e1ig \u0151rzi az\neml\u00e9kezet, \u00edgy a templomban is egy mennyezeti festm\u00e9ny. M\u00f3ron 1695-ben telepedett\nmeg a rend, miut\u00e1n Hochburg J\u00e1nos \u00f6zvegye, Hartmann Johann v\u00e9grendeletileg 10\n000 Ft-ot \u00e9s annak 500 Ft-nyi kamatj\u00e1t hagyta egy templom, illetve kolostor \u00e9p\u00edt\u00e9se\nc\u00e9lj\u00e1b\u00f3l.<\/p>\n\n\n\n<p>V\u00e9g\u00fcl 1701-ben k\u00e9sz\u00fcl el mindkett\u0151, melyet gr\u00f3f Sz\u00e9chenyi P\u00e1l kalocsai\n\u00e9rsek \u00e9s veszpr\u00e9mi p\u00fcsp\u00f6k szentelt fel. A szerzetesek a szeg\u00e9nyek lelkip\u00e1sztorai\nvoltak, bekapcsol\u00f3dtak a mindennapokba. A lelki gondoz\u00e1s mellett a lakoss\u00e1g\nt\u00e1maszai is voltak, \u00e9s a j\u00e1rv\u00e1nyok \u00e9s egy\u00e9b betegs\u00e9gek idej\u00e9n a szak\u00e1llas\nbar\u00e1tok gy\u00f3gy\u00edt\u00f3 tev\u00e9kenys\u00e9get is folytattak.<\/p>\n\n\n\n<p>Az \u00faj templom 1880 \u00e9s 1881 k\u00f6z\u00f6tt, majd a homlokzatb\u00f3l f\u00e9lig kil\u00e9p\u0151\ng\u00falasisakos tornyot pedig 1884-1885-ben k\u00e9sz\u00fclt el. Az eredetileg barokk\nst\u00edlus\u00fa templomot eklektikus st\u00edlusban \u00e9p\u00edtett\u00e9k \u00fajj\u00e1. A rendh\u00e1z a templommal\negybe\u00e9p\u00edtett, nyolctengelyes kivitel\u0171. Kb. 10.000 k\u00f6tetes, j\u00f3 \u00e1llapot\u00fa\nk\u00f6nyvt\u00e1rral rendelkezik.<\/p>\n\n\n\n<p>Az olt\u00e1r mellett tal\u00e1lhat\u00f3 az 1848-ban meggyilkolt Lamberg F\u00fcl\u00f6p Ferenc\nv\u00f6r\u00f6s m\u00e1rv\u00e1ny eml\u00e9kt\u00e1bl\u00e1ja. A kiterjedt Lamberg csal\u00e1d t\u00f6bb tagj\u00e1t pedig az\naltemplomban temett\u00e9k el.<\/p>\n\n\n\n<p>1950-ben a szerzetesrendek feloszlat\u00e1s\u00e1val a kapucinusoknak is el\nkellett hagyniuk rendh\u00e1zukat, v\u00e9g\u00fcl csak 1989 \u0151sz\u00e9n t\u00e9rhettek vissza. Nagy\ner\u0151fesz\u00edt\u00e9ssel \u00e9s \u00f6sszefog\u00e1ssal siker\u00fclt az \u00e9p\u00fcleteket k\u00edv\u00fclr\u0151l \u00e9s bel\u00fclr\u0151l\nrendbe hozatni \u00e9s a pl\u00e9b\u00e1niai \u00e9letnek \u00faj lend\u00fcletet adni. A legend\u00e1rium szerint\na kapucinusoknak k\u00f6sz\u00f6nhet\u0151 az az\u00f3ta h\u00edress\u00e9 v\u00e1lt m\u00f3ri borvid\u00e9k l\u00e9trej\u00f6tte. A\nhagyom\u00e1ny szerint az els\u0151 Ezerj\u00f3 sz\u0151l\u0151vessz\u0151ket a tokaji rendh\u00e1zt\u00f3l kapt\u00e1k a\nm\u00f3ri testv\u00e9rek. Annyi bizonyos, hogy a val\u00f3s\u00e1gban is nagy szerepe volt a\nrendnek a borkult\u00fara elterjed\u00e9s\u00e9ben, amit a rendh\u00e1z n\u00e9gy pinc\u00e9je is bizony\u00edt.<\/p>\n\n\n\n<p>A zar\u00e1ndoklat z\u00e1r\u00e1sak\u00e9nt a k\u00e9s\u0151 d\u00e9lut\u00e1ni \u00f3r\u00e1kban siker\u00fclt m\u00e9g P\u00e1kozdon a Katonai Eml\u00e9kpark k\u00fcls\u0151 ki\u00e1ll\u00edt\u00e1sait is megtekinteni. A csoport tagjai az 1848. szeptember 29-ki gy\u0151zelem, a p\u00e1kozd-p\u00e1tka-sukor\u00f3i csata tisztelet\u00e9re emelt eml\u00e9koszlopn\u00e1l (obeliszk) egy nemzeti sz\u00edn\u0171 z\u00e1szl\u00f3t helyeztek el \u00e9s m\u00e9csest gy\u00fajtottak a h\u0151s\u00f6k eml\u00e9k\u00e9re, mik\u00f6zben felhangzott a Boldogasszony any\u00e1k kezdet\u0171 n\u00e9p\u00e9nek is. Ezen k\u00edv\u00fcl egy s\u00e9ta keret\u00e9ben megtekintett\u00e9k m\u00e9g \u2013 t\u00f6bbek k\u00f6z\u00f6tt \u2013 a M\u00e1rt\u00edrok Eml\u00e9kpontj\u00e1t; a Vilmos Husz\u00e1rt; a hadvez\u00e9r, M\u00f3ga J\u00e1nos alt\u00e1bornagy mellszobr\u00e1t; az Elesettek eml\u00e9khely\u00e9t; a Magyar B\u00e9kefenntart\u00f3k Eml\u00e9km\u0171v\u00e9t; illet\u0151leg a vil\u00e1gh\u00e1bor\u00fas \u00e9s 1956-os eml\u00e9keket. A hazafel\u00e9 viv\u0151 \u00faton az elesettek lelki \u00fcdv\u00e9\u00e9rt, egy r\u00f6vid id\u0151re \u00e9s foh\u00e1szra meg\u00e1lltak m\u00e9g a Don-kanyar Eml\u00e9kk\u00e1poln\u00e1n\u00e1l; v\u00e9g\u00fcl a maga b\u0151 13 m\u00e9teres magass\u00e1g\u00e1val, a k\u00f6rny\u00e9kb\u0151l jelent\u0151sen kiemelked\u0151 Miskahusz\u00e1rn\u00e1l, amely ma a vil\u00e1g legnagyobb betonb\u00f3l \u00e9p\u00fclt husz\u00e1r szobra.<\/p>\n\n\n\n<figure class=\"wp-block-gallery columns-3 is-cropped wp-block-gallery-7 is-layout-flex wp-block-gallery-is-layout-flex\"><ul class=\"blocks-gallery-grid\"><li class=\"blocks-gallery-item\"><figure><img loading=\"lazy\" decoding=\"async\" width=\"1024\" height=\"683\" src=\"https:\/\/marcali.plebania.hu\/wp-content\/uploads\/2021\/10\/109-1024x683.jpg\" alt=\"\" data-id=\"2874\" data-link=\"https:\/\/marcali.plebania.hu\/?attachment_id=2874\" class=\"wp-image-2874\" srcset=\"https:\/\/marcali.plebania.hu\/wp-content\/uploads\/2021\/10\/109-1024x683.jpg 1024w, https:\/\/marcali.plebania.hu\/wp-content\/uploads\/2021\/10\/109-300x200.jpg 300w, https:\/\/marcali.plebania.hu\/wp-content\/uploads\/2021\/10\/109-768x512.jpg 768w, https:\/\/marcali.plebania.hu\/wp-content\/uploads\/2021\/10\/109-1536x1024.jpg 1536w, https:\/\/marcali.plebania.hu\/wp-content\/uploads\/2021\/10\/109-2048x1365.jpg 2048w, https:\/\/marcali.plebania.hu\/wp-content\/uploads\/2021\/10\/109-405x270.jpg 405w\" sizes=\"auto, (max-width: 1024px) 100vw, 1024px\" \/><\/figure><\/li><li class=\"blocks-gallery-item\"><figure><img loading=\"lazy\" decoding=\"async\" width=\"1024\" height=\"683\" src=\"https:\/\/marcali.plebania.hu\/wp-content\/uploads\/2021\/10\/121-1024x683.jpg\" alt=\"\" data-id=\"2875\" data-link=\"https:\/\/marcali.plebania.hu\/?attachment_id=2875\" class=\"wp-image-2875\" srcset=\"https:\/\/marcali.plebania.hu\/wp-content\/uploads\/2021\/10\/121-1024x683.jpg 1024w, https:\/\/marcali.plebania.hu\/wp-content\/uploads\/2021\/10\/121-300x200.jpg 300w, https:\/\/marcali.plebania.hu\/wp-content\/uploads\/2021\/10\/121-768x512.jpg 768w, https:\/\/marcali.plebania.hu\/wp-content\/uploads\/2021\/10\/121-1536x1024.jpg 1536w, https:\/\/marcali.plebania.hu\/wp-content\/uploads\/2021\/10\/121-2048x1365.jpg 2048w, https:\/\/marcali.plebania.hu\/wp-content\/uploads\/2021\/10\/121-405x270.jpg 405w\" sizes=\"auto, (max-width: 1024px) 100vw, 1024px\" \/><\/figure><\/li><li class=\"blocks-gallery-item\"><figure><img loading=\"lazy\" decoding=\"async\" width=\"1024\" height=\"683\" src=\"https:\/\/marcali.plebania.hu\/wp-content\/uploads\/2021\/10\/126-1024x683.jpg\" alt=\"\" data-id=\"2876\" data-link=\"https:\/\/marcali.plebania.hu\/?attachment_id=2876\" class=\"wp-image-2876\" srcset=\"https:\/\/marcali.plebania.hu\/wp-content\/uploads\/2021\/10\/126-1024x683.jpg 1024w, https:\/\/marcali.plebania.hu\/wp-content\/uploads\/2021\/10\/126-300x200.jpg 300w, https:\/\/marcali.plebania.hu\/wp-content\/uploads\/2021\/10\/126-768x512.jpg 768w, https:\/\/marcali.plebania.hu\/wp-content\/uploads\/2021\/10\/126-1536x1024.jpg 1536w, https:\/\/marcali.plebania.hu\/wp-content\/uploads\/2021\/10\/126-2048x1365.jpg 2048w, https:\/\/marcali.plebania.hu\/wp-content\/uploads\/2021\/10\/126-405x270.jpg 405w\" sizes=\"auto, (max-width: 1024px) 100vw, 1024px\" \/><\/figure><\/li><li class=\"blocks-gallery-item\"><figure><img loading=\"lazy\" decoding=\"async\" width=\"1024\" height=\"683\" src=\"https:\/\/marcali.plebania.hu\/wp-content\/uploads\/2021\/10\/130-1024x683.jpg\" alt=\"\" data-id=\"2877\" data-full-url=\"https:\/\/marcali.plebania.hu\/wp-content\/uploads\/2021\/10\/130-scaled.jpg\" data-link=\"https:\/\/marcali.plebania.hu\/?attachment_id=2877\" class=\"wp-image-2877\" srcset=\"https:\/\/marcali.plebania.hu\/wp-content\/uploads\/2021\/10\/130-1024x683.jpg 1024w, https:\/\/marcali.plebania.hu\/wp-content\/uploads\/2021\/10\/130-300x200.jpg 300w, https:\/\/marcali.plebania.hu\/wp-content\/uploads\/2021\/10\/130-768x512.jpg 768w, https:\/\/marcali.plebania.hu\/wp-content\/uploads\/2021\/10\/130-1536x1024.jpg 1536w, https:\/\/marcali.plebania.hu\/wp-content\/uploads\/2021\/10\/130-2048x1365.jpg 2048w, https:\/\/marcali.plebania.hu\/wp-content\/uploads\/2021\/10\/130-405x270.jpg 405w\" sizes=\"auto, (max-width: 1024px) 100vw, 1024px\" \/><\/figure><\/li><\/ul><\/figure>\n\n\n\n<p>A K\u00c9SZ Marcali\nCsoportj\u00e1nak idei, igen tartalmas \u00e9s programban b\u0151velked\u0151 zar\u00e1ndoklat\u00e1t a\nNemzeti Egy\u00fcttm\u0171k\u00f6d\u00e9si Alap (NEA), a Minisztereln\u00f6ks\u00e9g \u00e9s a Bethlen G\u00e1bor\nAlapkezel\u0151 Zrt. is t\u00e1mogatta. K\u00f6sz\u00f6net \u00e9rte!<\/p>\n","protected":false},"excerpt":{"rendered":"<p>A Koronav\u00edrus-j\u00e1rv\u00e1ny miatt, egy \u00e9v kihagy\u00e1s ut\u00e1n, 2021. szeptember 25-\u00e9n szervezt\u00e9k meg a Kereszt\u00e9ny \u00c9rtelmis\u00e9giek Sz\u00f6vets\u00e9ge (K\u00c9SZ) Marcali Csoportja hagyom\u00e1nyos zar\u00e1ndoklat\u00e1t, ez\u00fattal Bodajk-Feh\u00e9rv\u00e1rcsurg\u00f3-M\u00f3r-P\u00e1kozd \u00fatvonalon. Az idei \u00e9vben \u00f6sszesen 33 f\u0151 \u2013 k\u00f6zt\u00fck j\u00f3r\u00e9szt a K\u00c9SZ tagjai \u2013 v\u00e1llalkozott az \u00fatra, hogy megismerj\u00e9k a t\u00e9rs\u00e9g jelent\u0151sebb vall\u00e1si, szakr\u00e1lis, \u00e9p\u00edt\u00e9szeti \u00e9s kult\u00fart\u00f6rt\u00e9neti \u00e9rt\u00e9keit, valamint a Katonai Eml\u00e9kpark P\u00e1kozd (KEMPP) Nemzeti Eml\u00e9khely l\u00e1tnival\u00f3it. A zar\u00e1ndoklatot ez\u00fattal is S\u00e1voly Andrea, a K\u00c9SZ egyik legakt\u00edvabb tagja \u00e9s Kiss K\u00e1lm\u00e1n eln\u00f6k vezett\u00e9k. Az aut\u00f3buszos utaz\u00e1s els\u0151&#8230;<\/p>\n<p class=\"read-more\"><a class=\"btn btn-default\" href=\"https:\/\/marcali.plebania.hu\/?p=2848\"> Read More<span class=\"screen-reader-text\">  Read More<\/span><\/a><\/p>\n","protected":false},"author":2,"featured_media":0,"comment_status":"closed","ping_status":"open","sticky":false,"template":"","format":"standard","meta":{"footnotes":""},"categories":[1],"tags":[],"class_list":["post-2848","post","type-post","status-publish","format-standard","hentry","category-egyeb"],"_links":{"self":[{"href":"https:\/\/marcali.plebania.hu\/index.php?rest_route=\/wp\/v2\/posts\/2848","targetHints":{"allow":["GET"]}}],"collection":[{"href":"https:\/\/marcali.plebania.hu\/index.php?rest_route=\/wp\/v2\/posts"}],"about":[{"href":"https:\/\/marcali.plebania.hu\/index.php?rest_route=\/wp\/v2\/types\/post"}],"author":[{"embeddable":true,"href":"https:\/\/marcali.plebania.hu\/index.php?rest_route=\/wp\/v2\/users\/2"}],"replies":[{"embeddable":true,"href":"https:\/\/marcali.plebania.hu\/index.php?rest_route=%2Fwp%2Fv2%2Fcomments&post=2848"}],"version-history":[{"count":3,"href":"https:\/\/marcali.plebania.hu\/index.php?rest_route=\/wp\/v2\/posts\/2848\/revisions"}],"predecessor-version":[{"id":2883,"href":"https:\/\/marcali.plebania.hu\/index.php?rest_route=\/wp\/v2\/posts\/2848\/revisions\/2883"}],"wp:attachment":[{"href":"https:\/\/marcali.plebania.hu\/index.php?rest_route=%2Fwp%2Fv2%2Fmedia&parent=2848"}],"wp:term":[{"taxonomy":"category","embeddable":true,"href":"https:\/\/marcali.plebania.hu\/index.php?rest_route=%2Fwp%2Fv2%2Fcategories&post=2848"},{"taxonomy":"post_tag","embeddable":true,"href":"https:\/\/marcali.plebania.hu\/index.php?rest_route=%2Fwp%2Fv2%2Ftags&post=2848"}],"curies":[{"name":"wp","href":"https:\/\/api.w.org\/{rel}","templated":true}]}}