{"id":286,"date":"2018-07-11T06:55:57","date_gmt":"2018-07-11T06:55:57","guid":{"rendered":"https:\/\/marcali.plebania.hu\/?p=286"},"modified":"2018-07-11T06:55:57","modified_gmt":"2018-07-11T06:55:57","slug":"elkeszult-a-plebaniatemplom-uj-padlozata","status":"publish","type":"post","link":"https:\/\/marcali.plebania.hu\/?p=286","title":{"rendered":"Elk\u00e9sz\u00fclt a pl\u00e9b\u00e1niatemplom \u00faj padl\u00f3zata"},"content":{"rendered":"<p>K\u00f6zel h\u00e1rom hetes munk\u00e1kat k\u00f6vet\u0151en v\u00e9gre elk\u00e9sz\u00fclt a Gy\u00fcm\u00f6lcsolt\u00f3 Boldogasszony pl\u00e9b\u00e1niatemplom \u00faj padl\u00f3zata, melyet gr\u00e1nit lapokkal burkoltak. Az imak\u00f6z\u00f6ss\u00e9gek \u00e9s a h\u00edvek \u00f6sszefog\u00e1s\u00e1val p\u00e9nteken \u00e9s szombaton m\u00e1r lezajlottak a takar\u00edt\u00e1si, illetve pakol\u00e1si folyamatok is, \u00edgy a j\u00falius 8-ki vas\u00e1rnapi 9 \u00f3r\u00e1s szentmise m\u00e1r a r\u00e9gi megszokott helyen, de a sz\u00e9pen meg\u00fajult templomban lett bemutatva Kiss Iv\u00e1n c. pr\u00e9post, esperes-pl\u00e9b\u00e1nos celebr\u00e1l\u00e1s\u00e1val.<\/p>\n<p><img loading=\"lazy\" decoding=\"async\" class=\"aligncenter wp-image-287 size-large\" src=\"https:\/\/marcali.plebania.hu\/wp-content\/uploads\/2018\/07\/15-1024x683.jpg\" alt=\"\" width=\"640\" height=\"427\" srcset=\"https:\/\/marcali.plebania.hu\/wp-content\/uploads\/2018\/07\/15-1024x683.jpg 1024w, https:\/\/marcali.plebania.hu\/wp-content\/uploads\/2018\/07\/15-300x200.jpg 300w, https:\/\/marcali.plebania.hu\/wp-content\/uploads\/2018\/07\/15-768x512.jpg 768w, https:\/\/marcali.plebania.hu\/wp-content\/uploads\/2018\/07\/15-405x270.jpg 405w\" sizes=\"auto, (max-width: 640px) 100vw, 640px\" \/><\/p>\n<p>A mostani munk\u00e1k sor\u00e1n vet\u0151d\u00f6tt fel a gondolat, hogy az elm\u00falt \u00e9vtizedek alatt vajon h\u00e1nyszor t\u00f6rt\u00e9ntek ilyen volumen\u0171 beruh\u00e1z\u00e1sok. Az egyh\u00e1zi forr\u00e1sok \u00e1ttanulm\u00e1nyoz\u00e1sa sor\u00e1n der\u00fclt ki, hogy a 2018-as nagy val\u00f3sz\u00edn\u0171s\u00e9g szerint a harmadik jelent\u0151s meg\u00fajul\u00e1s. Ugyanis a k\u00f6z\u00e9pkori eredet\u0171 pl\u00e9b\u00e1niatemplomot \u2013 a t\u00f6r\u00f6k h\u00f3dolts\u00e1g ut\u00e1n \u2013 el\u0151sz\u00f6r az 1730-as \u00e9vekben \u00e9p\u00edtett\u00e9k \u00fajj\u00e1. Jelenlegi form\u00e1j\u00e1t az 1897-1898-as b\u0151v\u00edt\u00e9ssel nyerte el, amikor elk\u00e9sz\u00fclt a templom szent\u00e9lye. Tov\u00e1bbi \u00e9p\u00edt\u00e9s\u00e9t azonban a k\u00e9t vil\u00e1gh\u00e1bor\u00fa megakad\u00e1lyozta.<\/p>\n<p>A templom t\u00f6rt\u00e9nete sor\u00e1n a bels\u0151 liturgikus t\u00e9r \u2013 illetve a padl\u00f3zat \u2013 mind\u00f6ssze k\u00e9t alkalommal lett meg\u00faj\u00edtva. Az els\u0151 komolyabb beruh\u00e1z\u00e1s K\u0151szeghy Antal esperes-pl\u00e9b\u00e1nos (1930-1963) idej\u00e9ben \u00e9ppen egybeesett a jubileumi, 1938-as Szent Istv\u00e1n \u00e9vvel \u00e9s az Eukarisztikus Kongresszussal. A r\u00e9gi faolt\u00e1r helyett egy \u00faj m\u00e1rv\u00e1nyolt\u00e1rt \u00e9p\u00edtett Domj\u00e1n Lajos \u00e9p\u00edt\u0151mester, melynek a terveit Krasznai Lajos budapesti szobr\u00e1szm\u0171v\u00e9sz k\u00e9sz\u00edtette \u00f6zvegy Dar\u00e1zs J\u00f3zsefn\u00e9 \u00e9s a h\u00edvek adom\u00e1ny\u00e1b\u00f3l. Ehhez megfelel\u0151 magass\u00e1g\u00fa l\u00e9pcs\u0151s talapzatot (v\u00f6r\u00f6s m\u00e9szk\u0151b\u0151l) is \u00e9p\u00edttetett a pl\u00e9b\u00e1nos, amely a r\u00e9gi fa dobog\u00f3kat v\u00e1ltotta fel. A tabernaculum ajtaj\u00e1t Hikman B\u00e9la marcali m\u0171lakatos mester k\u00e9sz\u00edtette ingyen. Az \u00faj olt\u00e1rt 1938. augusztus 28-\u00e1n dr. Simon Gy\u00f6rgy p\u00fcsp\u00f6ki helyn\u00f6k, prel\u00e1tus, kanonok szentelte fel \u00fcnnepi keretek k\u00f6z\u00f6tt. A szent olajjal val\u00f3 megken\u00e9s helyei ma is j\u00f3l l\u00e1that\u00f3k az olt\u00e1ron, amiket kis keresztek jelzik. A pl\u00e9b\u00e1nia lev\u00e9lt\u00e1r\u00e1b\u00f3l el\u0151ker\u00fclt dokumentumokb\u00f3l tudjuk, hogy Szent Viktor \u00e9s Szent Orb\u00e1n v\u00e9rtan\u00fak erekly\u00e9it helyezt\u00e9k el az olt\u00e1rban.<\/p>\n<p>A m\u00e1sodik nagy fel\u00faj\u00edt\u00e1s tulajdonk\u00e9ppen a II. vatik\u00e1ni zsinat (1962-1965) rendelkez\u00e9seihez k\u00f6thet\u0151, melynek hat\u00e1s\u00e1ra nemcsak a vil\u00e1gban, hanem haz\u00e1nkban is meg\u00fajultak a vall\u00e1sos cselekm\u00e9nyek (szertart\u00e1sok) valamint \u00e1talak\u00edtott\u00e1k a liturgikus tereket a templomokban \u00e9s szembemis\u00e9z\u0151 olt\u00e1rok k\u00e9sz\u00fcltek.<\/p>\n<p><img loading=\"lazy\" decoding=\"async\" class=\"aligncenter wp-image-289 size-large\" src=\"https:\/\/marcali.plebania.hu\/wp-content\/uploads\/2018\/07\/09-1024x683.jpg\" alt=\"\" width=\"640\" height=\"427\" srcset=\"https:\/\/marcali.plebania.hu\/wp-content\/uploads\/2018\/07\/09-1024x683.jpg 1024w, https:\/\/marcali.plebania.hu\/wp-content\/uploads\/2018\/07\/09-300x200.jpg 300w, https:\/\/marcali.plebania.hu\/wp-content\/uploads\/2018\/07\/09-768x512.jpg 768w, https:\/\/marcali.plebania.hu\/wp-content\/uploads\/2018\/07\/09-405x270.jpg 405w\" sizes=\"auto, (max-width: 640px) 100vw, 640px\" \/><\/p>\n<p>A Marcali Historia Domus-ban dr. Luk\u00e1cs Istv\u00e1n f\u0151esperes-pl\u00e9b\u00e1nos (1964-1979) jegyezte f\u00f6l, hogy egy t\u00f6bb mint egy \u00e9vig tart\u00f3 (!) beszerz\u00e9si folyamat ut\u00e1n 1967. j\u00falius\u00e1ban k\u00e9sz\u00fclt el a pl\u00e9b\u00e1niatemplom \u00faj cementlap-k\u00f6vezete (a k\u00f6zep\u00e9t\u0151l eg\u00e9szen a f\u0151bej\u00e1ratig). Az akkori munk\u00e1kat Szab\u00f3 Antal k\u0151m\u0171ves v\u00e9gezte, Kocsis Gyula k\u0151m\u0171ves, egyh\u00e1zk\u00f6zs\u00e9gi k\u00e9pvisel\u0151 k\u00f6zrem\u0171k\u00f6d\u00e9s\u00e9vel. A II. vatik\u00e1ni zsinat rendelkez\u00e9sei nyom\u00e1n pedig 1968 elej\u00e9n az egykori z\u00e1rda f\u00e1b\u00f3l k\u00e9sz\u00fclt olt\u00e1r\u00e1t, mint els\u0151 \u00e9s ideiglenes szembemis\u00e9z\u0151 olt\u00e1rt helyezt\u00e9k el a pl\u00e9b\u00e1niatemplom szent\u00e9lyben, mik\u00f6zben a szertart\u00e1sokat egyidej\u0171leg \u2013 a kor\u00e1bbi latin helyett \u2013 m\u00e1r magyar nyelven kezdt\u00e9k el mondani. A jelenlegi liturgikus t\u00e9r \u00e1trendez\u00e9se pedig 1976-ban kezd\u0151d\u00f6tt, majd 1977-ben tardosi v\u00f6r\u00f6s m\u00e9szk\u0151b\u0151l k\u00e9sz\u00fcltek a l\u00e9pcs\u0151k. A padl\u00f3burkolat, a szobrok \u00e9s a keresztel\u0151k\u00fat talapzathoz pedig s\u00fctt\u0151i m\u00e9szk\u00f6vet haszn\u00e1ltak. A szembemis\u00e9z\u0151 olt\u00e1r lapj\u00e1t feh\u00e9r m\u00e1rv\u00e1nyb\u00f3l k\u00e9sz\u00edtett\u00e9k. A munk\u00e1kat az als\u00f3 l\u00e9pcs\u0151k lerak\u00e1s\u00e1val kezdt\u00e9k, melyet Tali\u00e1n J\u00e1nos \u00e9s Auth J\u00e1nos k\u0151farag\u00f3k v\u00e9geztek. A k\u0151m\u0171vesmunk\u00e1kban pedig Kar\u00e1di J\u00f3zsef jeleskedett.<\/p>\n<p><img loading=\"lazy\" decoding=\"async\" class=\"aligncenter wp-image-288 size-large\" src=\"https:\/\/marcali.plebania.hu\/wp-content\/uploads\/2018\/07\/17-1024x683.jpg\" alt=\"\" width=\"640\" height=\"427\" srcset=\"https:\/\/marcali.plebania.hu\/wp-content\/uploads\/2018\/07\/17-1024x683.jpg 1024w, https:\/\/marcali.plebania.hu\/wp-content\/uploads\/2018\/07\/17-300x200.jpg 300w, https:\/\/marcali.plebania.hu\/wp-content\/uploads\/2018\/07\/17-768x512.jpg 768w, https:\/\/marcali.plebania.hu\/wp-content\/uploads\/2018\/07\/17-405x270.jpg 405w\" sizes=\"auto, (max-width: 640px) 100vw, 640px\" \/><\/p>\n<p>A harmadik nagy beruh\u00e1z\u00e1s pedig az elm\u00falt napokban val\u00f3sult meg. A munk\u00e1k 2018. j\u00fanius 18-\u00e1n h\u00e9tf\u0151n kezd\u0151dtek meg az \u00faj gr\u00e1nit lapok lerak\u00e1s\u00e1val, melyeket Olaszorsz\u00e1gb\u00f3l kamionnal sz\u00e1ll\u00edtottak Marcaliba. A k\u00f6zel 3 h\u00e9tig tart\u00f3 munk\u00e1kat Kiss Zolt\u00e1n sz\u0151kedencsi k\u0151m\u0171ves mester v\u00e9gezte. A r\u00e9gi cementlapok k\u00f6zti szintbeli k\u00fcl\u00f6nbs\u00e9gek kik\u00fcsz\u00f6b\u00f6l\u00e9s\u00e9re aljzatkigyenl\u00edt\u0151t haszn\u00e1ltak. \u00daj burkolatot kapott teh\u00e1t a pl\u00e9b\u00e1niatemplom haj\u00f3ja \u2013 a padok kiv\u00e9tel\u00e9vel \u2013 a szent\u00e9lyt\u0151l a f\u0151bej\u00e1rati ajt\u00f3ig, valamint a Lourdes-i barlang is. Ezen k\u00edv\u00fcl a f\u0151olt\u00e1r el\u0151tt, a l\u00e9pcs\u0151zet tetej\u00e9n l\u00e9v\u0151 parkett\u00e1val bor\u00edtott p\u00e1r n\u00e9gyzetm\u00e9teres v\u00edzszintes r\u00e9szt is felszedt\u00e9k \u00e9s a beton aljzat elk\u00e9sz\u00edt\u00e9se ut\u00e1n szint\u00e9n v\u00f6r\u00f6s m\u00e9szk\u0151 burkolattal l\u00e1tt\u00e1k el. A szent\u00e9lyben l\u00e9v\u0151 v\u00f6r\u00f6s m\u00e9szk\u0151 lapokat szint\u00e9n \u00fajra kellett csiszolni, melyet Vida Szil\u00e1rd k\u0151farag\u00f3 mester v\u00e9gzett el. A gr\u00e1nit lapok lerak\u00e1sa \u00e9s a munkad\u00edj k\u00f6lts\u00e9gei a h\u00edvek nagylelk\u0171 adom\u00e1ny\u00e1b\u00f3l, valamint Marcali V\u00e1ros \u00d6nkorm\u00e1nyzat\u00e1nak t\u00e1mogat\u00e1s\u00e1val val\u00f3sultak meg. K\u00f6sz\u00f6net \u00e9rte!<\/p>\n<p>&nbsp;<\/p>\n","protected":false},"excerpt":{"rendered":"<p>K\u00f6zel h\u00e1rom hetes munk\u00e1kat k\u00f6vet\u0151en v\u00e9gre elk\u00e9sz\u00fclt a Gy\u00fcm\u00f6lcsolt\u00f3 Boldogasszony pl\u00e9b\u00e1niatemplom \u00faj padl\u00f3zata, melyet gr\u00e1nit lapokkal burkoltak. Az imak\u00f6z\u00f6ss\u00e9gek \u00e9s a h\u00edvek \u00f6sszefog\u00e1s\u00e1val p\u00e9nteken \u00e9s szombaton m\u00e1r lezajlottak a takar\u00edt\u00e1si, illetve pakol\u00e1si folyamatok is, \u00edgy a j\u00falius 8-ki vas\u00e1rnapi 9 \u00f3r\u00e1s szentmise m\u00e1r a r\u00e9gi megszokott helyen, de a sz\u00e9pen meg\u00fajult templomban lett bemutatva Kiss Iv\u00e1n c. pr\u00e9post, esperes-pl\u00e9b\u00e1nos celebr\u00e1l\u00e1s\u00e1val. A mostani munk\u00e1k sor\u00e1n vet\u0151d\u00f6tt fel a gondolat, hogy az elm\u00falt \u00e9vtizedek alatt vajon h\u00e1nyszor t\u00f6rt\u00e9ntek ilyen volumen\u0171 beruh\u00e1z\u00e1sok. Az&#8230;<\/p>\n<p class=\"read-more\"><a class=\"btn btn-default\" href=\"https:\/\/marcali.plebania.hu\/?p=286\"> Read More<span class=\"screen-reader-text\">  Read More<\/span><\/a><\/p>\n","protected":false},"author":2,"featured_media":0,"comment_status":"closed","ping_status":"open","sticky":false,"template":"","format":"standard","meta":{"footnotes":""},"categories":[1],"tags":[],"class_list":["post-286","post","type-post","status-publish","format-standard","hentry","category-egyeb"],"_links":{"self":[{"href":"https:\/\/marcali.plebania.hu\/index.php?rest_route=\/wp\/v2\/posts\/286","targetHints":{"allow":["GET"]}}],"collection":[{"href":"https:\/\/marcali.plebania.hu\/index.php?rest_route=\/wp\/v2\/posts"}],"about":[{"href":"https:\/\/marcali.plebania.hu\/index.php?rest_route=\/wp\/v2\/types\/post"}],"author":[{"embeddable":true,"href":"https:\/\/marcali.plebania.hu\/index.php?rest_route=\/wp\/v2\/users\/2"}],"replies":[{"embeddable":true,"href":"https:\/\/marcali.plebania.hu\/index.php?rest_route=%2Fwp%2Fv2%2Fcomments&post=286"}],"version-history":[{"count":1,"href":"https:\/\/marcali.plebania.hu\/index.php?rest_route=\/wp\/v2\/posts\/286\/revisions"}],"predecessor-version":[{"id":290,"href":"https:\/\/marcali.plebania.hu\/index.php?rest_route=\/wp\/v2\/posts\/286\/revisions\/290"}],"wp:attachment":[{"href":"https:\/\/marcali.plebania.hu\/index.php?rest_route=%2Fwp%2Fv2%2Fmedia&parent=286"}],"wp:term":[{"taxonomy":"category","embeddable":true,"href":"https:\/\/marcali.plebania.hu\/index.php?rest_route=%2Fwp%2Fv2%2Fcategories&post=286"},{"taxonomy":"post_tag","embeddable":true,"href":"https:\/\/marcali.plebania.hu\/index.php?rest_route=%2Fwp%2Fv2%2Ftags&post=286"}],"curies":[{"name":"wp","href":"https:\/\/api.w.org\/{rel}","templated":true}]}}