{"id":2879,"date":"2021-10-01T10:06:37","date_gmt":"2021-10-01T10:06:37","guid":{"rendered":"https:\/\/marcali.plebania.hu\/?p=2879"},"modified":"2021-10-06T13:15:56","modified_gmt":"2021-10-06T13:15:56","slug":"hirdetesek-2021-10-03","status":"publish","type":"post","link":"https:\/\/marcali.plebania.hu\/?p=2879","title":{"rendered":"Hirdet\u00e9sek, 2021. 10. 03."},"content":{"rendered":"\n<ol class=\"wp-block-list\"><li>Ma van az \u00e9vk\u00f6zi 27. vas\u00e1rnap.<\/li><li>A j\u00f6v\u0151 h\u00e9ten h\u00e9tf\u0151t\u0151l cs\u00fct\u00f6rt\u00f6kig este 5 \u00f3rakor, p\u00e9nteken \u00e9s szombaton 17.30-kor r\u00f3zsaf\u00fcz\u00e9r im\u00e1ds\u00e1got v\u00e9gz\u00fcnk: h\u00e9tf\u0151n az Engesztel\u0151 Imak\u00f6r, kedden a J\u00e9zus Testv\u00e9rei Kisk\u00f6z\u00f6ss\u00e9g, szerd\u00e1n a Szent Erzs\u00e9bet Imak\u00f6r, cs\u00fct\u00f6rt\u00f6k\u00f6n a R\u00f3zsaf\u00fcz\u00e9r T\u00e1rsulat, p\u00e9nteken az Egyh\u00e1zk\u00f6zs\u00e9g K\u00e9pvisel\u0151 Test\u00fclete, szombaton a hittanosok.<\/li><li>Cs\u00fct\u00f6rt\u00f6k\u00f6n, a R\u00f3zsaf\u00fcz\u00e9r Kir\u00e1lyn\u0151k\u00e9nek \u00fcnnep\u00e9n 16.30-kor szeretettel v\u00e1rjuk a r\u00f3zsaf\u00fcz\u00e9reseket, ahol Borsos Mikl\u00f3sn\u00e9 besz\u00e1mol\u00f3t tart a R\u00f3zsaf\u00fcz\u00e9r T\u00e1rsulat elm\u00falt \u00e9v\u00e9r\u0151l.<\/li><li>A b\u00e9rm\u00e1lkoz\u00f3 gyermekek programjai: okt\u00f3ber 8-\u00e1n, p\u00e9nteken 17 \u00f3rakor gy\u00f3ntat\u00e1s a b\u00e9rm\u00e1lkoz\u00f3 gyermekek, sz\u00fcl\u0151k, b\u00e9rmasz\u00fcl\u0151k r\u00e9sz\u00e9re. 18 \u00f3rakor szentmise, 18.30-kor a b\u00e9rm\u00e1l\u00e1s f\u0151pr\u00f3b\u00e1ja. A szentmise el\u0151tt 17.30-kor r\u00f3zsaf\u00fcz\u00e9r im\u00e1ds\u00e1g. Okt\u00f3ber 9-\u00e9n a b\u00e9rm\u00e1lkoz\u00f3k 10.15-kor gy\u00fclekeznek. A b\u00e9rm\u00e1l\u00e1s 10.30-kor kezd\u0151dik, b\u00e9rm\u00e1l Varga L\u00e1szl\u00f3 megy\u00e9sp\u00fcsp\u00f6k. A szombat esti szentmise helyett igeliturgia lesz a r\u00f3zsaf\u00fcz\u00e9r im\u00e1ds\u00e1g ut\u00e1n.<\/li><li>J\u00f6v\u0151 vas\u00e1rnapt\u00f3l kezdve a B. Gizella templomban egy \u00f3r\u00e1val kor\u00e1bban, 17 \u00f3rakor kezd\u0151dnek a szentmis\u00e9k.<\/li><li>Hamarosan elk\u00e9sz\u00fcl Szent II. J\u00e1nos P\u00e1l p\u00e1pa szobra a pl\u00e9b\u00e1niatemplom el\u0151tti t\u00e9rre. A szobor meg\u00e1ld\u00e1sa \u00e9s megszentel\u00e9se okt\u00f3ber 31-\u00e9n, vas\u00e1rnap 11 \u00f3rakor kezd\u0151d\u0151 szentmis\u00e9n lesz, melyet Varga L\u00e1szl\u00f3 megy\u00e9sp\u00fcsp\u00f6k celebr\u00e1l.<\/li><li>Iv\u00e1n aty\u00e1n az elm\u00falt h\u00e9ten s\u00falyos m\u0171t\u00e9tet hajtottak v\u00e9gre a Kaposv\u00e1ri k\u00f3rh\u00e1zban. Mivel a m\u0171t\u00e9t ut\u00e1ni eredm\u00e9nyei j\u00f3k, m\u00e1r cs\u00fct\u00f6rt\u00f6k\u00f6n hazaengedt\u00e9k otthon\u00e1ba, a Marcali pl\u00e9b\u00e1ni\u00e1ra. M\u00e9g egy p\u00e1r h\u00e9t pihen\u00e9s kell a teljes fel\u00e9p\u00fcl\u00e9s\u00e9ig. Iv\u00e1n atya megk\u00f6sz\u00f6ni a sok-sok im\u00e1t, b\u00f6jt\u00f6l\u00e9st \u00e9s a sok telefonon val\u00f3 \u00e9rdekl\u0151d\u00e9st.<\/li><\/ol>\n","protected":false},"excerpt":{"rendered":"<p>Ma van az \u00e9vk\u00f6zi 27. vas\u00e1rnap. A j\u00f6v\u0151 h\u00e9ten h\u00e9tf\u0151t\u0151l cs\u00fct\u00f6rt\u00f6kig este 5 \u00f3rakor, p\u00e9nteken \u00e9s szombaton 17.30-kor r\u00f3zsaf\u00fcz\u00e9r im\u00e1ds\u00e1got v\u00e9gz\u00fcnk: h\u00e9tf\u0151n az Engesztel\u0151 Imak\u00f6r, kedden a J\u00e9zus Testv\u00e9rei Kisk\u00f6z\u00f6ss\u00e9g, szerd\u00e1n a Szent Erzs\u00e9bet Imak\u00f6r, cs\u00fct\u00f6rt\u00f6k\u00f6n a R\u00f3zsaf\u00fcz\u00e9r T\u00e1rsulat, p\u00e9nteken az Egyh\u00e1zk\u00f6zs\u00e9g K\u00e9pvisel\u0151 Test\u00fclete, szombaton a hittanosok. Cs\u00fct\u00f6rt\u00f6k\u00f6n, a R\u00f3zsaf\u00fcz\u00e9r Kir\u00e1lyn\u0151k\u00e9nek \u00fcnnep\u00e9n 16.30-kor szeretettel v\u00e1rjuk a r\u00f3zsaf\u00fcz\u00e9reseket, ahol Borsos Mikl\u00f3sn\u00e9 besz\u00e1mol\u00f3t tart a R\u00f3zsaf\u00fcz\u00e9r T\u00e1rsulat elm\u00falt \u00e9v\u00e9r\u0151l. A b\u00e9rm\u00e1lkoz\u00f3 gyermekek programjai: okt\u00f3ber 8-\u00e1n, p\u00e9nteken 17 \u00f3rakor gy\u00f3ntat\u00e1s a b\u00e9rm\u00e1lkoz\u00f3 gyermekek,&#8230;<\/p>\n<p class=\"read-more\"><a class=\"btn btn-default\" href=\"https:\/\/marcali.plebania.hu\/?p=2879\"> Read More<span class=\"screen-reader-text\">  Read More<\/span><\/a><\/p>\n","protected":false},"author":2,"featured_media":0,"comment_status":"closed","ping_status":"open","sticky":false,"template":"","format":"standard","meta":{"footnotes":""},"categories":[1],"tags":[],"class_list":["post-2879","post","type-post","status-publish","format-standard","hentry","category-egyeb"],"_links":{"self":[{"href":"https:\/\/marcali.plebania.hu\/index.php?rest_route=\/wp\/v2\/posts\/2879","targetHints":{"allow":["GET"]}}],"collection":[{"href":"https:\/\/marcali.plebania.hu\/index.php?rest_route=\/wp\/v2\/posts"}],"about":[{"href":"https:\/\/marcali.plebania.hu\/index.php?rest_route=\/wp\/v2\/types\/post"}],"author":[{"embeddable":true,"href":"https:\/\/marcali.plebania.hu\/index.php?rest_route=\/wp\/v2\/users\/2"}],"replies":[{"embeddable":true,"href":"https:\/\/marcali.plebania.hu\/index.php?rest_route=%2Fwp%2Fv2%2Fcomments&post=2879"}],"version-history":[{"count":2,"href":"https:\/\/marcali.plebania.hu\/index.php?rest_route=\/wp\/v2\/posts\/2879\/revisions"}],"predecessor-version":[{"id":2887,"href":"https:\/\/marcali.plebania.hu\/index.php?rest_route=\/wp\/v2\/posts\/2879\/revisions\/2887"}],"wp:attachment":[{"href":"https:\/\/marcali.plebania.hu\/index.php?rest_route=%2Fwp%2Fv2%2Fmedia&parent=2879"}],"wp:term":[{"taxonomy":"category","embeddable":true,"href":"https:\/\/marcali.plebania.hu\/index.php?rest_route=%2Fwp%2Fv2%2Fcategories&post=2879"},{"taxonomy":"post_tag","embeddable":true,"href":"https:\/\/marcali.plebania.hu\/index.php?rest_route=%2Fwp%2Fv2%2Ftags&post=2879"}],"curies":[{"name":"wp","href":"https:\/\/api.w.org\/{rel}","templated":true}]}}