{"id":2888,"date":"2021-10-08T07:16:27","date_gmt":"2021-10-08T07:16:27","guid":{"rendered":"https:\/\/marcali.plebania.hu\/?p=2888"},"modified":"2021-10-15T09:05:52","modified_gmt":"2021-10-15T09:05:52","slug":"hirdetesek-2021-10-10","status":"publish","type":"post","link":"https:\/\/marcali.plebania.hu\/?p=2888","title":{"rendered":"Hirdet\u00e9sek, 2021. 10. 10."},"content":{"rendered":"\n<ol class=\"wp-block-list\"><li>Ma van az \u00e9vk\u00f6zi 28. vas\u00e1rnap.<\/li><li>A j\u00f6v\u0151 h\u00e9ten h\u00e9tf\u0151t\u0151l cs\u00fct\u00f6rt\u00f6kig 17 \u00f3rakor r\u00f3zsaf\u00fcz\u00e9r, 17.30-kor szentmise. P\u00e9nteken \u00e9s szombaton 17.30-kor r\u00f3zsaf\u00fcz\u00e9r, 18 \u00f3rakor szentmise. A r\u00f3zsaf\u00fcz\u00e9rt a beosztott rend szerint a k\u00f6z\u00f6ss\u00e9gek vezetik.<\/li><li>Szerd\u00e1n, okt\u00f3ber 13-\u00e1n 16.30-kor fatimai ima\u00f3ra kezd\u0151dik.<\/li><li>P\u00e9nteken 17.15-t\u0151l a lelki adopt\u00e1l\u00f3k havi k\u00f6z\u00f6s im\u00e1ds\u00e1ga lesz.<\/li><li>J\u00f6v\u0151 vas\u00e1rnap az orsz\u00e1g valamennyi katolikus templom\u00e1ban gy\u0171jt\u00e9s lesz a misszi\u00f3k r\u00e9sz\u00e9re. Perselyadom\u00e1nyukkal t\u00e1mogathatjuk a misszi\u00f3k \u00fcgy\u00e9t.<\/li><li>Szent II. J\u00e1nos P\u00e1l p\u00e1pa szobr\u00e1nak meg\u00e1ld\u00e1sa okt\u00f3ber 31-\u00e9n vas\u00e1rnap a 11 \u00f3rakor kezd\u0151d\u0151 szentmise ut\u00e1n lesz a templom el\u0151tti t\u00e9ren. Szeretettel h\u00edvjuk \u00e9s v\u00e1rjuk, k\u00fcl\u00f6n szeretettel mindazokat, akik a k\u00f6zadakoz\u00e1sban r\u00e9szt vettek, \u00e9s hozz\u00e1j\u00e1rultak a szobor elk\u00e9sz\u00edt\u00e9s\u00e9hez. A szobrot Varga L\u00e1szl\u00f3 megy\u00e9sp\u00fcsp\u00f6k \u00e1ldja meg. L\u00e9p\u00e9seket tett\u00fcnk a Lengyel Nagyk\u00f6vets\u00e9g fel\u00e9 \u00e9s \u00edg\u00e9retet kaptunk, hogy a nagyk\u00f6vets\u00e9get valaki k\u00e9pviseli az \u00fcnneps\u00e9gen. Tov\u00e1bb\u00e1 itt lesz a Budapesten szolg\u00e1l\u00f3 lengyel h\u00edveket pasztor\u00e1l\u00f3 pl\u00e9b\u00e1nos is.<\/li><\/ol>\n","protected":false},"excerpt":{"rendered":"<p>Ma van az \u00e9vk\u00f6zi 28. vas\u00e1rnap. A j\u00f6v\u0151 h\u00e9ten h\u00e9tf\u0151t\u0151l cs\u00fct\u00f6rt\u00f6kig 17 \u00f3rakor r\u00f3zsaf\u00fcz\u00e9r, 17.30-kor szentmise. P\u00e9nteken \u00e9s szombaton 17.30-kor r\u00f3zsaf\u00fcz\u00e9r, 18 \u00f3rakor szentmise. A r\u00f3zsaf\u00fcz\u00e9rt a beosztott rend szerint a k\u00f6z\u00f6ss\u00e9gek vezetik. Szerd\u00e1n, okt\u00f3ber 13-\u00e1n 16.30-kor fatimai ima\u00f3ra kezd\u0151dik. P\u00e9nteken 17.15-t\u0151l a lelki adopt\u00e1l\u00f3k havi k\u00f6z\u00f6s im\u00e1ds\u00e1ga lesz. J\u00f6v\u0151 vas\u00e1rnap az orsz\u00e1g valamennyi katolikus templom\u00e1ban gy\u0171jt\u00e9s lesz a misszi\u00f3k r\u00e9sz\u00e9re. Perselyadom\u00e1nyukkal t\u00e1mogathatjuk a misszi\u00f3k \u00fcgy\u00e9t. Szent II. J\u00e1nos P\u00e1l p\u00e1pa szobr\u00e1nak meg\u00e1ld\u00e1sa okt\u00f3ber 31-\u00e9n vas\u00e1rnap a 11 \u00f3rakor kezd\u0151d\u0151&#8230;<\/p>\n<p class=\"read-more\"><a class=\"btn btn-default\" href=\"https:\/\/marcali.plebania.hu\/?p=2888\"> Read More<span class=\"screen-reader-text\">  Read More<\/span><\/a><\/p>\n","protected":false},"author":2,"featured_media":0,"comment_status":"closed","ping_status":"open","sticky":false,"template":"","format":"standard","meta":{"footnotes":""},"categories":[1],"tags":[],"class_list":["post-2888","post","type-post","status-publish","format-standard","hentry","category-egyeb"],"_links":{"self":[{"href":"https:\/\/marcali.plebania.hu\/index.php?rest_route=\/wp\/v2\/posts\/2888","targetHints":{"allow":["GET"]}}],"collection":[{"href":"https:\/\/marcali.plebania.hu\/index.php?rest_route=\/wp\/v2\/posts"}],"about":[{"href":"https:\/\/marcali.plebania.hu\/index.php?rest_route=\/wp\/v2\/types\/post"}],"author":[{"embeddable":true,"href":"https:\/\/marcali.plebania.hu\/index.php?rest_route=\/wp\/v2\/users\/2"}],"replies":[{"embeddable":true,"href":"https:\/\/marcali.plebania.hu\/index.php?rest_route=%2Fwp%2Fv2%2Fcomments&post=2888"}],"version-history":[{"count":2,"href":"https:\/\/marcali.plebania.hu\/index.php?rest_route=\/wp\/v2\/posts\/2888\/revisions"}],"predecessor-version":[{"id":2916,"href":"https:\/\/marcali.plebania.hu\/index.php?rest_route=\/wp\/v2\/posts\/2888\/revisions\/2916"}],"wp:attachment":[{"href":"https:\/\/marcali.plebania.hu\/index.php?rest_route=%2Fwp%2Fv2%2Fmedia&parent=2888"}],"wp:term":[{"taxonomy":"category","embeddable":true,"href":"https:\/\/marcali.plebania.hu\/index.php?rest_route=%2Fwp%2Fv2%2Fcategories&post=2888"},{"taxonomy":"post_tag","embeddable":true,"href":"https:\/\/marcali.plebania.hu\/index.php?rest_route=%2Fwp%2Fv2%2Ftags&post=2888"}],"curies":[{"name":"wp","href":"https:\/\/api.w.org\/{rel}","templated":true}]}}