{"id":2892,"date":"2021-10-13T09:35:16","date_gmt":"2021-10-13T09:35:16","guid":{"rendered":"https:\/\/marcali.plebania.hu\/?p=2892"},"modified":"2021-10-13T09:35:16","modified_gmt":"2021-10-13T09:35:16","slug":"bermalast-tartottak-a-marcali-plebaniatemplomban","status":"publish","type":"post","link":"https:\/\/marcali.plebania.hu\/?p=2892","title":{"rendered":"B\u00e9rm\u00e1l\u00e1st tartottak a Marcali pl\u00e9b\u00e1niatemplomban"},"content":{"rendered":"\n<p>2021. okt\u00f3ber 9-\u00e9n, szombaton 10.30 \u00f3rakor kezd\u0151d\u00f6tt \u2013 a koronav\u00edrus-j\u00e1rv\u00e1ny miatt ny\u00e1ron elhalasztott \u2013 b\u00e9rm\u00e1l\u00e1s Marcaliban, a Gy\u00fcm\u00f6lcsolt\u00f3 Boldogasszony pl\u00e9b\u00e1niatemplomban.<\/p>\n\n\n\n<figure class=\"wp-block-gallery columns-3 is-cropped wp-block-gallery-1 is-layout-flex wp-block-gallery-is-layout-flex\"><ul class=\"blocks-gallery-grid\"><li class=\"blocks-gallery-item\"><figure><img loading=\"lazy\" decoding=\"async\" width=\"1024\" height=\"683\" src=\"https:\/\/marcali.plebania.hu\/wp-content\/uploads\/2021\/10\/01-1-1024x683.jpg\" alt=\"\" data-id=\"2893\" data-link=\"https:\/\/marcali.plebania.hu\/?attachment_id=2893\" class=\"wp-image-2893\" srcset=\"https:\/\/marcali.plebania.hu\/wp-content\/uploads\/2021\/10\/01-1-1024x683.jpg 1024w, https:\/\/marcali.plebania.hu\/wp-content\/uploads\/2021\/10\/01-1-300x200.jpg 300w, https:\/\/marcali.plebania.hu\/wp-content\/uploads\/2021\/10\/01-1-768x512.jpg 768w, https:\/\/marcali.plebania.hu\/wp-content\/uploads\/2021\/10\/01-1-1536x1024.jpg 1536w, https:\/\/marcali.plebania.hu\/wp-content\/uploads\/2021\/10\/01-1-2048x1365.jpg 2048w, https:\/\/marcali.plebania.hu\/wp-content\/uploads\/2021\/10\/01-1-405x270.jpg 405w\" sizes=\"auto, (max-width: 1024px) 100vw, 1024px\" \/><\/figure><\/li><li class=\"blocks-gallery-item\"><figure><img loading=\"lazy\" decoding=\"async\" width=\"1024\" height=\"683\" src=\"https:\/\/marcali.plebania.hu\/wp-content\/uploads\/2021\/10\/04-1024x683.jpg\" alt=\"\" data-id=\"2895\" data-link=\"https:\/\/marcali.plebania.hu\/?attachment_id=2895\" class=\"wp-image-2895\" srcset=\"https:\/\/marcali.plebania.hu\/wp-content\/uploads\/2021\/10\/04-1024x683.jpg 1024w, https:\/\/marcali.plebania.hu\/wp-content\/uploads\/2021\/10\/04-300x200.jpg 300w, https:\/\/marcali.plebania.hu\/wp-content\/uploads\/2021\/10\/04-768x512.jpg 768w, https:\/\/marcali.plebania.hu\/wp-content\/uploads\/2021\/10\/04-1536x1024.jpg 1536w, https:\/\/marcali.plebania.hu\/wp-content\/uploads\/2021\/10\/04-2048x1365.jpg 2048w, https:\/\/marcali.plebania.hu\/wp-content\/uploads\/2021\/10\/04-405x270.jpg 405w\" sizes=\"auto, (max-width: 1024px) 100vw, 1024px\" \/><\/figure><\/li><li class=\"blocks-gallery-item\"><figure><img loading=\"lazy\" decoding=\"async\" width=\"1024\" height=\"683\" src=\"https:\/\/marcali.plebania.hu\/wp-content\/uploads\/2021\/10\/02-2-1024x683.jpg\" alt=\"\" data-id=\"2896\" data-link=\"https:\/\/marcali.plebania.hu\/?attachment_id=2896\" class=\"wp-image-2896\" srcset=\"https:\/\/marcali.plebania.hu\/wp-content\/uploads\/2021\/10\/02-2-1024x683.jpg 1024w, https:\/\/marcali.plebania.hu\/wp-content\/uploads\/2021\/10\/02-2-300x200.jpg 300w, https:\/\/marcali.plebania.hu\/wp-content\/uploads\/2021\/10\/02-2-768x512.jpg 768w, https:\/\/marcali.plebania.hu\/wp-content\/uploads\/2021\/10\/02-2-1536x1024.jpg 1536w, https:\/\/marcali.plebania.hu\/wp-content\/uploads\/2021\/10\/02-2-2048x1365.jpg 2048w, https:\/\/marcali.plebania.hu\/wp-content\/uploads\/2021\/10\/02-2-405x270.jpg 405w\" sizes=\"auto, (max-width: 1024px) 100vw, 1024px\" \/><\/figure><\/li><li class=\"blocks-gallery-item\"><figure><img loading=\"lazy\" decoding=\"async\" width=\"1024\" height=\"683\" src=\"https:\/\/marcali.plebania.hu\/wp-content\/uploads\/2021\/10\/07-1024x683.jpg\" alt=\"\" data-id=\"2897\" data-full-url=\"https:\/\/marcali.plebania.hu\/wp-content\/uploads\/2021\/10\/07-scaled.jpg\" data-link=\"https:\/\/marcali.plebania.hu\/?attachment_id=2897\" class=\"wp-image-2897\" srcset=\"https:\/\/marcali.plebania.hu\/wp-content\/uploads\/2021\/10\/07-1024x683.jpg 1024w, https:\/\/marcali.plebania.hu\/wp-content\/uploads\/2021\/10\/07-300x200.jpg 300w, https:\/\/marcali.plebania.hu\/wp-content\/uploads\/2021\/10\/07-768x512.jpg 768w, https:\/\/marcali.plebania.hu\/wp-content\/uploads\/2021\/10\/07-1536x1024.jpg 1536w, https:\/\/marcali.plebania.hu\/wp-content\/uploads\/2021\/10\/07-2048x1365.jpg 2048w, https:\/\/marcali.plebania.hu\/wp-content\/uploads\/2021\/10\/07-405x270.jpg 405w\" sizes=\"auto, (max-width: 1024px) 100vw, 1024px\" \/><\/figure><\/li><\/ul><\/figure>\n\n\n\n<p>Az \u00fcnnepi szentmis\u00e9n \u2013 a pand\u00e9mi\u00e1s\nhelyzet jelenlegi int\u00e9zked\u00e9sei szerint nemcsak \u2013 a b\u00e9rm\u00e1lkoz\u00f3k \u00e9s b\u00e9rmasz\u00fcl\u0151k, hanem\na sz\u00fcl\u0151k, testv\u00e9rek, nagysz\u00fcl\u0151k, valamint ez\u00fattal rokonok is r\u00e9szt vehettek.<\/p>\n\n\n\n<p>Az istentiszteletet Varga L\u00e1szl\u00f3 kaposv\u00e1ri megy\u00e9sp\u00fcsp\u00f6k celebr\u00e1lta, akit az egyh\u00e1zk\u00f6zs\u00e9g \u00e9s a b\u00e9rm\u00e1lkoz\u00f3k nev\u00e9ben els\u0151k\u00e9nt k\u00e9t fiatal k\u00f6sz\u00f6nt\u00f6tt. A p\u00fcsp\u00f6k szentbesz\u00e9d\u00e9ben els\u0151sorban a b\u00e9rm\u00e1l\u00e1s jelent\u0151s\u00e9g\u00e9r\u0151l, az Isten ir\u00e1nti elk\u00f6telez\u0151d\u00e9sr\u0151l besz\u00e9lt az ifjaknak.<\/p>\n\n\n\n<figure class=\"wp-block-gallery columns-3 is-cropped wp-block-gallery-2 is-layout-flex wp-block-gallery-is-layout-flex\"><ul class=\"blocks-gallery-grid\"><li class=\"blocks-gallery-item\"><figure><img loading=\"lazy\" decoding=\"async\" width=\"1024\" height=\"683\" src=\"https:\/\/marcali.plebania.hu\/wp-content\/uploads\/2021\/10\/09-1-1024x683.jpg\" alt=\"\" data-id=\"2898\" data-full-url=\"https:\/\/marcali.plebania.hu\/wp-content\/uploads\/2021\/10\/09-1-scaled.jpg\" data-link=\"https:\/\/marcali.plebania.hu\/?attachment_id=2898\" class=\"wp-image-2898\" srcset=\"https:\/\/marcali.plebania.hu\/wp-content\/uploads\/2021\/10\/09-1-1024x683.jpg 1024w, https:\/\/marcali.plebania.hu\/wp-content\/uploads\/2021\/10\/09-1-300x200.jpg 300w, https:\/\/marcali.plebania.hu\/wp-content\/uploads\/2021\/10\/09-1-768x512.jpg 768w, https:\/\/marcali.plebania.hu\/wp-content\/uploads\/2021\/10\/09-1-1536x1024.jpg 1536w, https:\/\/marcali.plebania.hu\/wp-content\/uploads\/2021\/10\/09-1-2048x1365.jpg 2048w, https:\/\/marcali.plebania.hu\/wp-content\/uploads\/2021\/10\/09-1-405x270.jpg 405w\" sizes=\"auto, (max-width: 1024px) 100vw, 1024px\" \/><\/figure><\/li><li class=\"blocks-gallery-item\"><figure><img loading=\"lazy\" decoding=\"async\" width=\"1024\" height=\"683\" src=\"https:\/\/marcali.plebania.hu\/wp-content\/uploads\/2021\/10\/10-1024x683.jpg\" alt=\"\" data-id=\"2899\" data-full-url=\"https:\/\/marcali.plebania.hu\/wp-content\/uploads\/2021\/10\/10-scaled.jpg\" data-link=\"https:\/\/marcali.plebania.hu\/?attachment_id=2899\" class=\"wp-image-2899\" srcset=\"https:\/\/marcali.plebania.hu\/wp-content\/uploads\/2021\/10\/10-1024x683.jpg 1024w, https:\/\/marcali.plebania.hu\/wp-content\/uploads\/2021\/10\/10-300x200.jpg 300w, https:\/\/marcali.plebania.hu\/wp-content\/uploads\/2021\/10\/10-768x512.jpg 768w, https:\/\/marcali.plebania.hu\/wp-content\/uploads\/2021\/10\/10-1536x1024.jpg 1536w, https:\/\/marcali.plebania.hu\/wp-content\/uploads\/2021\/10\/10-2048x1365.jpg 2048w, https:\/\/marcali.plebania.hu\/wp-content\/uploads\/2021\/10\/10-405x270.jpg 405w\" sizes=\"auto, (max-width: 1024px) 100vw, 1024px\" \/><\/figure><\/li><li class=\"blocks-gallery-item\"><figure><img loading=\"lazy\" decoding=\"async\" width=\"1024\" height=\"683\" src=\"https:\/\/marcali.plebania.hu\/wp-content\/uploads\/2021\/10\/11-1024x683.jpg\" alt=\"\" data-id=\"2900\" data-full-url=\"https:\/\/marcali.plebania.hu\/wp-content\/uploads\/2021\/10\/11-scaled.jpg\" data-link=\"https:\/\/marcali.plebania.hu\/?attachment_id=2900\" class=\"wp-image-2900\" srcset=\"https:\/\/marcali.plebania.hu\/wp-content\/uploads\/2021\/10\/11-1024x683.jpg 1024w, https:\/\/marcali.plebania.hu\/wp-content\/uploads\/2021\/10\/11-300x200.jpg 300w, https:\/\/marcali.plebania.hu\/wp-content\/uploads\/2021\/10\/11-768x512.jpg 768w, https:\/\/marcali.plebania.hu\/wp-content\/uploads\/2021\/10\/11-1536x1024.jpg 1536w, https:\/\/marcali.plebania.hu\/wp-content\/uploads\/2021\/10\/11-2048x1365.jpg 2048w, https:\/\/marcali.plebania.hu\/wp-content\/uploads\/2021\/10\/11-405x270.jpg 405w\" sizes=\"auto, (max-width: 1024px) 100vw, 1024px\" \/><\/figure><\/li><li class=\"blocks-gallery-item\"><figure><img loading=\"lazy\" decoding=\"async\" width=\"1024\" height=\"683\" src=\"https:\/\/marcali.plebania.hu\/wp-content\/uploads\/2021\/10\/12-1-1024x683.jpg\" alt=\"\" data-id=\"2901\" data-full-url=\"https:\/\/marcali.plebania.hu\/wp-content\/uploads\/2021\/10\/12-1-scaled.jpg\" data-link=\"https:\/\/marcali.plebania.hu\/?attachment_id=2901\" class=\"wp-image-2901\" srcset=\"https:\/\/marcali.plebania.hu\/wp-content\/uploads\/2021\/10\/12-1-1024x683.jpg 1024w, https:\/\/marcali.plebania.hu\/wp-content\/uploads\/2021\/10\/12-1-300x200.jpg 300w, https:\/\/marcali.plebania.hu\/wp-content\/uploads\/2021\/10\/12-1-768x512.jpg 768w, https:\/\/marcali.plebania.hu\/wp-content\/uploads\/2021\/10\/12-1-1536x1024.jpg 1536w, https:\/\/marcali.plebania.hu\/wp-content\/uploads\/2021\/10\/12-1-2048x1365.jpg 2048w, https:\/\/marcali.plebania.hu\/wp-content\/uploads\/2021\/10\/12-1-405x270.jpg 405w\" sizes=\"auto, (max-width: 1024px) 100vw, 1024px\" \/><\/figure><\/li><\/ul><\/figure>\n\n\n\n<p>Majd Kiss Iv\u00e1n c. pr\u00e9post-pl\u00e9b\u00e1nos bemutatta a b\u00e9rm\u00e1lkoz\u00f3kat, elmondva, hogy k\u00f6z\u00fcl\u00fck t\u00f6bben bekapcsol\u00f3dtak az egyh\u00e1zk\u00f6zs\u00e9g \u00e9let\u00e9be: t\u00e1borokban, k\u00fcl\u00f6nf\u00e9le versenyeken, rendezv\u00e9nyeken, \u00f6nk\u00e9ntes karitat\u00edv munk\u00e1ban, betlehem-\u00e9p\u00edt\u00e9sben \u00e9s \u00e1dventi koszor\u00fa-k\u00e9sz\u00edt\u00e9sben vettek r\u00e9szt. Ezt k\u00f6vet\u0151en a p\u00fcsp\u00f6k \u00f6r\u00f6m\u00e9t \u00e9s k\u00f6sz\u00f6net\u00e9t fejezte ki, hogy milyen sokr\u00e9t\u0171 tev\u00e9kenys\u00e9get folytattak, majd \u00f6sszesen 27, kilencedik oszt\u00e1lyos, imm\u00e1r k\u00f6z\u00e9piskol\u00e1s fiatalt \u00e9s egy feln\u0151ttet r\u00e9szes\u00edtett a b\u00e9rm\u00e1l\u00e1s szents\u00e9g\u00e9ben.<\/p>\n\n\n\n<figure class=\"wp-block-gallery columns-3 is-cropped wp-block-gallery-3 is-layout-flex wp-block-gallery-is-layout-flex\"><ul class=\"blocks-gallery-grid\"><li class=\"blocks-gallery-item\"><figure><img loading=\"lazy\" decoding=\"async\" width=\"1024\" height=\"683\" src=\"https:\/\/marcali.plebania.hu\/wp-content\/uploads\/2021\/10\/27-1024x683.jpg\" alt=\"\" data-id=\"2902\" data-full-url=\"https:\/\/marcali.plebania.hu\/wp-content\/uploads\/2021\/10\/27-scaled.jpg\" data-link=\"https:\/\/marcali.plebania.hu\/?attachment_id=2902\" class=\"wp-image-2902\" srcset=\"https:\/\/marcali.plebania.hu\/wp-content\/uploads\/2021\/10\/27-1024x683.jpg 1024w, https:\/\/marcali.plebania.hu\/wp-content\/uploads\/2021\/10\/27-300x200.jpg 300w, https:\/\/marcali.plebania.hu\/wp-content\/uploads\/2021\/10\/27-768x512.jpg 768w, https:\/\/marcali.plebania.hu\/wp-content\/uploads\/2021\/10\/27-1536x1024.jpg 1536w, https:\/\/marcali.plebania.hu\/wp-content\/uploads\/2021\/10\/27-2048x1365.jpg 2048w, https:\/\/marcali.plebania.hu\/wp-content\/uploads\/2021\/10\/27-405x270.jpg 405w\" sizes=\"auto, (max-width: 1024px) 100vw, 1024px\" \/><\/figure><\/li><li class=\"blocks-gallery-item\"><figure><img loading=\"lazy\" decoding=\"async\" width=\"1024\" height=\"683\" src=\"https:\/\/marcali.plebania.hu\/wp-content\/uploads\/2021\/10\/28-1024x683.jpg\" alt=\"\" data-id=\"2903\" data-full-url=\"https:\/\/marcali.plebania.hu\/wp-content\/uploads\/2021\/10\/28-scaled.jpg\" data-link=\"https:\/\/marcali.plebania.hu\/?attachment_id=2903\" class=\"wp-image-2903\" srcset=\"https:\/\/marcali.plebania.hu\/wp-content\/uploads\/2021\/10\/28-1024x683.jpg 1024w, https:\/\/marcali.plebania.hu\/wp-content\/uploads\/2021\/10\/28-300x200.jpg 300w, https:\/\/marcali.plebania.hu\/wp-content\/uploads\/2021\/10\/28-768x512.jpg 768w, https:\/\/marcali.plebania.hu\/wp-content\/uploads\/2021\/10\/28-1536x1024.jpg 1536w, https:\/\/marcali.plebania.hu\/wp-content\/uploads\/2021\/10\/28-2048x1365.jpg 2048w, https:\/\/marcali.plebania.hu\/wp-content\/uploads\/2021\/10\/28-405x270.jpg 405w\" sizes=\"auto, (max-width: 1024px) 100vw, 1024px\" \/><\/figure><\/li><li class=\"blocks-gallery-item\"><figure><img loading=\"lazy\" decoding=\"async\" width=\"1024\" height=\"683\" src=\"https:\/\/marcali.plebania.hu\/wp-content\/uploads\/2021\/10\/29-1024x683.jpg\" alt=\"\" data-id=\"2904\" data-full-url=\"https:\/\/marcali.plebania.hu\/wp-content\/uploads\/2021\/10\/29-scaled.jpg\" data-link=\"https:\/\/marcali.plebania.hu\/?attachment_id=2904\" class=\"wp-image-2904\" srcset=\"https:\/\/marcali.plebania.hu\/wp-content\/uploads\/2021\/10\/29-1024x683.jpg 1024w, https:\/\/marcali.plebania.hu\/wp-content\/uploads\/2021\/10\/29-300x200.jpg 300w, https:\/\/marcali.plebania.hu\/wp-content\/uploads\/2021\/10\/29-768x512.jpg 768w, https:\/\/marcali.plebania.hu\/wp-content\/uploads\/2021\/10\/29-1536x1024.jpg 1536w, https:\/\/marcali.plebania.hu\/wp-content\/uploads\/2021\/10\/29-2048x1365.jpg 2048w, https:\/\/marcali.plebania.hu\/wp-content\/uploads\/2021\/10\/29-405x270.jpg 405w\" sizes=\"auto, (max-width: 1024px) 100vw, 1024px\" \/><\/figure><\/li><li class=\"blocks-gallery-item\"><figure><img loading=\"lazy\" decoding=\"async\" width=\"1024\" height=\"683\" src=\"https:\/\/marcali.plebania.hu\/wp-content\/uploads\/2021\/10\/30-1-1024x683.jpg\" alt=\"\" data-id=\"2905\" data-full-url=\"https:\/\/marcali.plebania.hu\/wp-content\/uploads\/2021\/10\/30-1-scaled.jpg\" data-link=\"https:\/\/marcali.plebania.hu\/?attachment_id=2905\" class=\"wp-image-2905\" srcset=\"https:\/\/marcali.plebania.hu\/wp-content\/uploads\/2021\/10\/30-1-1024x683.jpg 1024w, https:\/\/marcali.plebania.hu\/wp-content\/uploads\/2021\/10\/30-1-300x200.jpg 300w, https:\/\/marcali.plebania.hu\/wp-content\/uploads\/2021\/10\/30-1-768x512.jpg 768w, https:\/\/marcali.plebania.hu\/wp-content\/uploads\/2021\/10\/30-1-1536x1024.jpg 1536w, https:\/\/marcali.plebania.hu\/wp-content\/uploads\/2021\/10\/30-1-2048x1365.jpg 2048w, https:\/\/marcali.plebania.hu\/wp-content\/uploads\/2021\/10\/30-1-405x270.jpg 405w\" sizes=\"auto, (max-width: 1024px) 100vw, 1024px\" \/><\/figure><\/li><\/ul><\/figure>\n\n\n\n<p>Az \u00fcnnepi szentmise v\u00e9g\u00e9n Varga L\u00e1szl\u00f3 megk\u00f6sz\u00f6nte a k\u00f6rny\u00e9kbeli aty\u00e1k p\u00e9ld\u00e1s \u00f6sszefog\u00e1s\u00e1t is, hogy a beteg, de m\u00e1r gy\u00f3gyul\u00f3f\u00e9lben l\u00e9v\u0151 marcali pl\u00e9b\u00e1nost helyettes\u00edtett\u00e9k a lelkip\u00e1sztori munk\u00e1ban, s a h\u00edveket k\u00e9rte, hogy im\u00e1dkozzanak \u00e9rt\u00fck \u00e9s szem\u00e9ly szerint \u0151\u00e9rte is.<\/p>\n\n\n\n<figure class=\"wp-block-gallery columns-3 is-cropped wp-block-gallery-4 is-layout-flex wp-block-gallery-is-layout-flex\"><ul class=\"blocks-gallery-grid\"><li class=\"blocks-gallery-item\"><figure><img loading=\"lazy\" decoding=\"async\" width=\"1024\" height=\"683\" src=\"https:\/\/marcali.plebania.hu\/wp-content\/uploads\/2021\/10\/15-1024x683.jpg\" alt=\"\" data-id=\"2906\" data-link=\"https:\/\/marcali.plebania.hu\/?attachment_id=2906\" class=\"wp-image-2906\" srcset=\"https:\/\/marcali.plebania.hu\/wp-content\/uploads\/2021\/10\/15-1024x683.jpg 1024w, https:\/\/marcali.plebania.hu\/wp-content\/uploads\/2021\/10\/15-300x200.jpg 300w, https:\/\/marcali.plebania.hu\/wp-content\/uploads\/2021\/10\/15-768x512.jpg 768w, https:\/\/marcali.plebania.hu\/wp-content\/uploads\/2021\/10\/15-1536x1024.jpg 1536w, https:\/\/marcali.plebania.hu\/wp-content\/uploads\/2021\/10\/15-2048x1365.jpg 2048w, https:\/\/marcali.plebania.hu\/wp-content\/uploads\/2021\/10\/15-405x270.jpg 405w\" sizes=\"auto, (max-width: 1024px) 100vw, 1024px\" \/><\/figure><\/li><li class=\"blocks-gallery-item\"><figure><img loading=\"lazy\" decoding=\"async\" width=\"1024\" height=\"683\" src=\"https:\/\/marcali.plebania.hu\/wp-content\/uploads\/2021\/10\/19-1-1024x683.jpg\" alt=\"\" data-id=\"2907\" data-link=\"https:\/\/marcali.plebania.hu\/?attachment_id=2907\" class=\"wp-image-2907\" srcset=\"https:\/\/marcali.plebania.hu\/wp-content\/uploads\/2021\/10\/19-1-1024x683.jpg 1024w, https:\/\/marcali.plebania.hu\/wp-content\/uploads\/2021\/10\/19-1-300x200.jpg 300w, https:\/\/marcali.plebania.hu\/wp-content\/uploads\/2021\/10\/19-1-768x512.jpg 768w, https:\/\/marcali.plebania.hu\/wp-content\/uploads\/2021\/10\/19-1-1536x1024.jpg 1536w, https:\/\/marcali.plebania.hu\/wp-content\/uploads\/2021\/10\/19-1-2048x1365.jpg 2048w, https:\/\/marcali.plebania.hu\/wp-content\/uploads\/2021\/10\/19-1-405x270.jpg 405w\" sizes=\"auto, (max-width: 1024px) 100vw, 1024px\" \/><\/figure><\/li><li class=\"blocks-gallery-item\"><figure><img loading=\"lazy\" decoding=\"async\" width=\"1024\" height=\"683\" src=\"https:\/\/marcali.plebania.hu\/wp-content\/uploads\/2021\/10\/34-1024x683.jpg\" alt=\"\" data-id=\"2908\" data-link=\"https:\/\/marcali.plebania.hu\/?attachment_id=2908\" class=\"wp-image-2908\" srcset=\"https:\/\/marcali.plebania.hu\/wp-content\/uploads\/2021\/10\/34-1024x683.jpg 1024w, https:\/\/marcali.plebania.hu\/wp-content\/uploads\/2021\/10\/34-300x200.jpg 300w, https:\/\/marcali.plebania.hu\/wp-content\/uploads\/2021\/10\/34-768x512.jpg 768w, https:\/\/marcali.plebania.hu\/wp-content\/uploads\/2021\/10\/34-1536x1024.jpg 1536w, https:\/\/marcali.plebania.hu\/wp-content\/uploads\/2021\/10\/34-2048x1365.jpg 2048w, https:\/\/marcali.plebania.hu\/wp-content\/uploads\/2021\/10\/34-405x270.jpg 405w\" sizes=\"auto, (max-width: 1024px) 100vw, 1024px\" \/><\/figure><\/li><li class=\"blocks-gallery-item\"><figure><img loading=\"lazy\" decoding=\"async\" width=\"1024\" height=\"683\" src=\"https:\/\/marcali.plebania.hu\/wp-content\/uploads\/2021\/10\/41-1024x683.jpg\" alt=\"\" data-id=\"2909\" data-full-url=\"https:\/\/marcali.plebania.hu\/wp-content\/uploads\/2021\/10\/41-scaled.jpg\" data-link=\"https:\/\/marcali.plebania.hu\/?attachment_id=2909\" class=\"wp-image-2909\" srcset=\"https:\/\/marcali.plebania.hu\/wp-content\/uploads\/2021\/10\/41-1024x683.jpg 1024w, https:\/\/marcali.plebania.hu\/wp-content\/uploads\/2021\/10\/41-300x200.jpg 300w, https:\/\/marcali.plebania.hu\/wp-content\/uploads\/2021\/10\/41-768x512.jpg 768w, https:\/\/marcali.plebania.hu\/wp-content\/uploads\/2021\/10\/41-1536x1024.jpg 1536w, https:\/\/marcali.plebania.hu\/wp-content\/uploads\/2021\/10\/41-2048x1365.jpg 2048w, https:\/\/marcali.plebania.hu\/wp-content\/uploads\/2021\/10\/41-405x270.jpg 405w\" sizes=\"auto, (max-width: 1024px) 100vw, 1024px\" \/><\/figure><\/li><\/ul><\/figure>\n\n\n\n<p>Az istentiszteleten a F\u00e9ny\nGyermekei Zenekar, valamint Balogh B\u00e1lint k\u00e1ntor orgon\u00e1n \u00e9s J\u00e1ki Zolt\u00e1n heged\u0171n\nm\u0171k\u00f6d\u00f6tt k\u00f6zre. A Szentlelket h\u00edv\u00f3 \u00e9s dics\u0151\u00edt\u0151 git\u00e1ros \u00e9nekek k\u00f6z\u00f6tt\nfelhangzott Marco Frisina: Anima Christi c\u00edm\u0171 dala is.<\/p>\n","protected":false},"excerpt":{"rendered":"<p>2021. okt\u00f3ber 9-\u00e9n, szombaton 10.30 \u00f3rakor kezd\u0151d\u00f6tt \u2013 a koronav\u00edrus-j\u00e1rv\u00e1ny miatt ny\u00e1ron elhalasztott \u2013 b\u00e9rm\u00e1l\u00e1s Marcaliban, a Gy\u00fcm\u00f6lcsolt\u00f3 Boldogasszony pl\u00e9b\u00e1niatemplomban. Az \u00fcnnepi szentmis\u00e9n \u2013 a pand\u00e9mi\u00e1s helyzet jelenlegi int\u00e9zked\u00e9sei szerint nemcsak \u2013 a b\u00e9rm\u00e1lkoz\u00f3k \u00e9s b\u00e9rmasz\u00fcl\u0151k, hanem a sz\u00fcl\u0151k, testv\u00e9rek, nagysz\u00fcl\u0151k, valamint ez\u00fattal rokonok is r\u00e9szt vehettek. Az istentiszteletet Varga L\u00e1szl\u00f3 kaposv\u00e1ri megy\u00e9sp\u00fcsp\u00f6k celebr\u00e1lta, akit az egyh\u00e1zk\u00f6zs\u00e9g \u00e9s a b\u00e9rm\u00e1lkoz\u00f3k nev\u00e9ben els\u0151k\u00e9nt k\u00e9t fiatal k\u00f6sz\u00f6nt\u00f6tt. A p\u00fcsp\u00f6k szentbesz\u00e9d\u00e9ben els\u0151sorban a b\u00e9rm\u00e1l\u00e1s jelent\u0151s\u00e9g\u00e9r\u0151l, az Isten ir\u00e1nti elk\u00f6telez\u0151d\u00e9sr\u0151l besz\u00e9lt az ifjaknak. Majd&#8230;<\/p>\n<p class=\"read-more\"><a class=\"btn btn-default\" href=\"https:\/\/marcali.plebania.hu\/?p=2892\"> Read More<span class=\"screen-reader-text\">  Read More<\/span><\/a><\/p>\n","protected":false},"author":2,"featured_media":0,"comment_status":"closed","ping_status":"open","sticky":false,"template":"","format":"standard","meta":{"footnotes":""},"categories":[1],"tags":[],"class_list":["post-2892","post","type-post","status-publish","format-standard","hentry","category-egyeb"],"_links":{"self":[{"href":"https:\/\/marcali.plebania.hu\/index.php?rest_route=\/wp\/v2\/posts\/2892","targetHints":{"allow":["GET"]}}],"collection":[{"href":"https:\/\/marcali.plebania.hu\/index.php?rest_route=\/wp\/v2\/posts"}],"about":[{"href":"https:\/\/marcali.plebania.hu\/index.php?rest_route=\/wp\/v2\/types\/post"}],"author":[{"embeddable":true,"href":"https:\/\/marcali.plebania.hu\/index.php?rest_route=\/wp\/v2\/users\/2"}],"replies":[{"embeddable":true,"href":"https:\/\/marcali.plebania.hu\/index.php?rest_route=%2Fwp%2Fv2%2Fcomments&post=2892"}],"version-history":[{"count":1,"href":"https:\/\/marcali.plebania.hu\/index.php?rest_route=\/wp\/v2\/posts\/2892\/revisions"}],"predecessor-version":[{"id":2910,"href":"https:\/\/marcali.plebania.hu\/index.php?rest_route=\/wp\/v2\/posts\/2892\/revisions\/2910"}],"wp:attachment":[{"href":"https:\/\/marcali.plebania.hu\/index.php?rest_route=%2Fwp%2Fv2%2Fmedia&parent=2892"}],"wp:term":[{"taxonomy":"category","embeddable":true,"href":"https:\/\/marcali.plebania.hu\/index.php?rest_route=%2Fwp%2Fv2%2Fcategories&post=2892"},{"taxonomy":"post_tag","embeddable":true,"href":"https:\/\/marcali.plebania.hu\/index.php?rest_route=%2Fwp%2Fv2%2Ftags&post=2892"}],"curies":[{"name":"wp","href":"https:\/\/api.w.org\/{rel}","templated":true}]}}