{"id":2914,"date":"2021-10-15T09:05:34","date_gmt":"2021-10-15T09:05:34","guid":{"rendered":"https:\/\/marcali.plebania.hu\/?p=2914"},"modified":"2021-10-15T09:05:34","modified_gmt":"2021-10-15T09:05:34","slug":"hirdetesek-2021-10-17","status":"publish","type":"post","link":"https:\/\/marcali.plebania.hu\/?p=2914","title":{"rendered":"Hirdet\u00e9sek, 2021. 10. 17."},"content":{"rendered":"\n<ol class=\"wp-block-list\"><li>Ma van az \u00e9vk\u00f6zi 29. vas\u00e1rnap, a misszi\u00f3k vas\u00e1rnapja, az orsz\u00e1g valamennyi katolikus templom\u00e1ban gy\u0171jt\u00e9s van a misszi\u00f3k jav\u00e1ra.<\/li><li>A j\u00f6v\u0151 h\u00e9ten kedd-szerda-cs\u00fct\u00f6rt\u00f6k 17 \u00f3rakor r\u00f3zsaf\u00fcz\u00e9r, 17.30-kor szentmise. P\u00e9nteken \u00e9s szombaton 17.30-kor r\u00f3zsaf\u00fcz\u00e9r, 18 \u00f3rakor szentmise. Szombaton szentmise ut\u00e1n a H\u0151s\u00f6k ter\u00e9n megeml\u00e9kez\u00e9s az 1956-os forradalom m\u00e1rt\u00edrjair\u00f3l.<\/li><li>Szent II. J\u00e1nos P\u00e1l p\u00e1pa szobr\u00e1nak meg\u00e1ld\u00e1sa okt\u00f3ber 31-\u00e9n vas\u00e1rnap a 11 \u00f3rakor kezd\u0151d\u0151 szentmise ut\u00e1n lesz a templom el\u0151tti t\u00e9ren. Szeretettel h\u00edvjuk \u00e9s v\u00e1rjuk, k\u00fcl\u00f6n szeretettel mindazokat, akik a k\u00f6zadakoz\u00e1sban r\u00e9szt vettek, \u00e9s hozz\u00e1j\u00e1rultak a szobor elk\u00e9sz\u00edt\u00e9s\u00e9hez. A szobrot Varga L\u00e1szl\u00f3 megy\u00e9sp\u00fcsp\u00f6k \u00e1ldja meg. L\u00e9p\u00e9seket tett\u00fcnk a Lengyel Nagyk\u00f6vets\u00e9g fel\u00e9 \u00e9s \u00edg\u00e9retet kaptunk, hogy a nagyk\u00f6vets\u00e9get valaki k\u00e9pviseli az \u00fcnneps\u00e9gen. Tov\u00e1bb\u00e1 itt lesz a Budapesten szolg\u00e1l\u00f3 lengyel h\u00edveket pasztor\u00e1l\u00f3 pl\u00e9b\u00e1nos is.<\/li><li>A szobor \u00e1ra k\u00f6zadakoz\u00e1sb\u00f3l t\u00f6rt\u00e9nt (a legnagyobb \u00f6sszeg 240 ezer forintt\u00f3l a legkisebbig). Ezen k\u00edv\u00fcl a Marcali V\u00e1rosi \u00d6nkorm\u00e1nyzat 1,5 milli\u00f3val j\u00e1rult hozz\u00e1 az idei t\u00e1mogat\u00e1s\u00e1b\u00f3l. Adatv\u00e9delmi szempontb\u00f3l nem hozhatjuk nyilv\u00e1noss\u00e1gra az adom\u00e1nyoz\u00f3k nev\u00e9t, ez\u00e9rt mindenkinek megk\u00f6sz\u00f6nj\u00fck a nagylelk\u0171 adom\u00e1ny\u00e1t, akik t\u00e1mogatt\u00e1k a szobor elk\u00e9sz\u00edt\u00e9s\u00e9t.<\/li><li>Okt\u00f3ber 24-\u00e9n, j\u00f6v\u0151 vas\u00e1rnap 11 \u00f3rakor a bizei templomban \u00fcnnepi szentmise, majd az eml\u00e9kparkban a Marcali M\u00fazeum Alap\u00edtv\u00e1ny j\u00f3volt\u00e1b\u00f3l egy \u00faj kereszt meg\u00e1ld\u00e1sa lesz a bizei \u0151slakoss\u00e1g betelep\u00edt\u00e9s\u00e9nek \u00e9vfordul\u00f3ja alkalm\u00e1b\u00f3l. Besz\u00e9det mond H. R\u00e1dics M\u00e1rta helyt\u00f6rt\u00e9neti kutat\u00f3.<\/li><\/ol>\n","protected":false},"excerpt":{"rendered":"<p>Ma van az \u00e9vk\u00f6zi 29. vas\u00e1rnap, a misszi\u00f3k vas\u00e1rnapja, az orsz\u00e1g valamennyi katolikus templom\u00e1ban gy\u0171jt\u00e9s van a misszi\u00f3k jav\u00e1ra. A j\u00f6v\u0151 h\u00e9ten kedd-szerda-cs\u00fct\u00f6rt\u00f6k 17 \u00f3rakor r\u00f3zsaf\u00fcz\u00e9r, 17.30-kor szentmise. P\u00e9nteken \u00e9s szombaton 17.30-kor r\u00f3zsaf\u00fcz\u00e9r, 18 \u00f3rakor szentmise. Szombaton szentmise ut\u00e1n a H\u0151s\u00f6k ter\u00e9n megeml\u00e9kez\u00e9s az 1956-os forradalom m\u00e1rt\u00edrjair\u00f3l. Szent II. J\u00e1nos P\u00e1l p\u00e1pa szobr\u00e1nak meg\u00e1ld\u00e1sa okt\u00f3ber 31-\u00e9n vas\u00e1rnap a 11 \u00f3rakor kezd\u0151d\u0151 szentmise ut\u00e1n lesz a templom el\u0151tti t\u00e9ren. Szeretettel h\u00edvjuk \u00e9s v\u00e1rjuk, k\u00fcl\u00f6n szeretettel mindazokat, akik a k\u00f6zadakoz\u00e1sban r\u00e9szt vettek,&#8230;<\/p>\n<p class=\"read-more\"><a class=\"btn btn-default\" href=\"https:\/\/marcali.plebania.hu\/?p=2914\"> Read More<span class=\"screen-reader-text\">  Read More<\/span><\/a><\/p>\n","protected":false},"author":2,"featured_media":0,"comment_status":"closed","ping_status":"open","sticky":false,"template":"","format":"standard","meta":{"footnotes":""},"categories":[1],"tags":[],"class_list":["post-2914","post","type-post","status-publish","format-standard","hentry","category-egyeb"],"_links":{"self":[{"href":"https:\/\/marcali.plebania.hu\/index.php?rest_route=\/wp\/v2\/posts\/2914","targetHints":{"allow":["GET"]}}],"collection":[{"href":"https:\/\/marcali.plebania.hu\/index.php?rest_route=\/wp\/v2\/posts"}],"about":[{"href":"https:\/\/marcali.plebania.hu\/index.php?rest_route=\/wp\/v2\/types\/post"}],"author":[{"embeddable":true,"href":"https:\/\/marcali.plebania.hu\/index.php?rest_route=\/wp\/v2\/users\/2"}],"replies":[{"embeddable":true,"href":"https:\/\/marcali.plebania.hu\/index.php?rest_route=%2Fwp%2Fv2%2Fcomments&post=2914"}],"version-history":[{"count":1,"href":"https:\/\/marcali.plebania.hu\/index.php?rest_route=\/wp\/v2\/posts\/2914\/revisions"}],"predecessor-version":[{"id":2915,"href":"https:\/\/marcali.plebania.hu\/index.php?rest_route=\/wp\/v2\/posts\/2914\/revisions\/2915"}],"wp:attachment":[{"href":"https:\/\/marcali.plebania.hu\/index.php?rest_route=%2Fwp%2Fv2%2Fmedia&parent=2914"}],"wp:term":[{"taxonomy":"category","embeddable":true,"href":"https:\/\/marcali.plebania.hu\/index.php?rest_route=%2Fwp%2Fv2%2Fcategories&post=2914"},{"taxonomy":"post_tag","embeddable":true,"href":"https:\/\/marcali.plebania.hu\/index.php?rest_route=%2Fwp%2Fv2%2Ftags&post=2914"}],"curies":[{"name":"wp","href":"https:\/\/api.w.org\/{rel}","templated":true}]}}