{"id":2917,"date":"2021-10-22T07:32:01","date_gmt":"2021-10-22T07:32:01","guid":{"rendered":"https:\/\/marcali.plebania.hu\/?p=2917"},"modified":"2021-10-22T07:32:01","modified_gmt":"2021-10-22T07:32:01","slug":"hirdetesek-2021-10-24","status":"publish","type":"post","link":"https:\/\/marcali.plebania.hu\/?p=2917","title":{"rendered":"Hirdet\u00e9sek, 2021. 10. 24."},"content":{"rendered":"\n<ol class=\"wp-block-list\"><li>Ma\nvan az \u00e9vk\u00f6zi 30. vas\u00e1rnap.<\/li><li>A\nj\u00f6v\u0151 h\u00e9ten folytat\u00f3dik a r\u00f3zsaf\u00fcz\u00e9r: kedd-szerda-cs\u00fct\u00f6rt\u00f6k 17 \u00f3rakor,\np\u00e9ntek-szombaton 18 \u00f3rakor. A r\u00f3zsaf\u00fcz\u00e9r ut\u00e1n szentmise.<\/li><li>A\nj\u00f6v\u0151 vas\u00e1rnap, okt\u00f3ber 31-\u00e9n miserend v\u00e1ltoz\u00e1s: a v\u00e1rosban csak egy szentmise\nlesz 11 \u00f3rakor, melyet Varga L\u00e1szl\u00f3 megy\u00e9sp\u00fcsp\u00f6k celebr\u00e1l. Szeretettel h\u00edvjuk\n\u00e9s v\u00e1rjuk a v\u00e1ros lak\u00f3it. A szentmise ut\u00e1n a templom el\u0151tti t\u00e9ren a\nmegy\u00e9sp\u00fcsp\u00f6k meg\u00e1ldja Szent II. J\u00e1nos P\u00e1l p\u00e1pa szobr\u00e1t. Szeretn\u00e9nk megk\u00f6sz\u00f6nni\nmindazoknak, akik valamit is tettek a szobor elk\u00e9sz\u00edt\u00e9s\u00e9\u00e9rt, ak\u00e1r \u00f6tletgazd\u00e1k,\nak\u00e1r adom\u00e1nyoz\u00f3k voltak, vagy r\u00e9szt vettek a talapzat elk\u00e9sz\u00edt\u00e9s\u00e9ben. A\nmegh\u00edv\u00f3val rendelkez\u0151ket a szobor meg\u00e1ld\u00e1sa ut\u00e1n egy fogad\u00e1sra h\u00edvjuk az\nX-h\u00e1zba.<\/li><li>El\u0151re\nhirdetj\u00fck a mindenszenteki miserendet. November 1-\u00e9n 17 \u00f3rakor a temet\u0151\nravataloz\u00f3j\u00e1n\u00e1l, november 2-\u00e1n, Halottak napj\u00e1n 9 \u00f3rakor a temet\u0151 k\u00e1poln\u00e1ban,\n17 \u00f3rakor a B. Gizella altemplom\u00e1ban lesz szentmise.<\/li><li>Napt\u00e1rak,\nkalend\u00e1riumok a sekresty\u00e9ben kaphat\u00f3k.<\/li><\/ol>\n","protected":false},"excerpt":{"rendered":"<p>Ma van az \u00e9vk\u00f6zi 30. vas\u00e1rnap. A j\u00f6v\u0151 h\u00e9ten folytat\u00f3dik a r\u00f3zsaf\u00fcz\u00e9r: kedd-szerda-cs\u00fct\u00f6rt\u00f6k 17 \u00f3rakor, p\u00e9ntek-szombaton 18 \u00f3rakor. A r\u00f3zsaf\u00fcz\u00e9r ut\u00e1n szentmise. A j\u00f6v\u0151 vas\u00e1rnap, okt\u00f3ber 31-\u00e9n miserend v\u00e1ltoz\u00e1s: a v\u00e1rosban csak egy szentmise lesz 11 \u00f3rakor, melyet Varga L\u00e1szl\u00f3 megy\u00e9sp\u00fcsp\u00f6k celebr\u00e1l. Szeretettel h\u00edvjuk \u00e9s v\u00e1rjuk a v\u00e1ros lak\u00f3it. A szentmise ut\u00e1n a templom el\u0151tti t\u00e9ren a megy\u00e9sp\u00fcsp\u00f6k meg\u00e1ldja Szent II. J\u00e1nos P\u00e1l p\u00e1pa szobr\u00e1t. Szeretn\u00e9nk megk\u00f6sz\u00f6nni mindazoknak, akik valamit is tettek a szobor elk\u00e9sz\u00edt\u00e9s\u00e9\u00e9rt, ak\u00e1r \u00f6tletgazd\u00e1k, ak\u00e1r adom\u00e1nyoz\u00f3k voltak,&#8230;<\/p>\n<p class=\"read-more\"><a class=\"btn btn-default\" href=\"https:\/\/marcali.plebania.hu\/?p=2917\"> Read More<span class=\"screen-reader-text\">  Read More<\/span><\/a><\/p>\n","protected":false},"author":2,"featured_media":0,"comment_status":"closed","ping_status":"open","sticky":false,"template":"","format":"standard","meta":{"footnotes":""},"categories":[1],"tags":[],"class_list":["post-2917","post","type-post","status-publish","format-standard","hentry","category-egyeb"],"_links":{"self":[{"href":"https:\/\/marcali.plebania.hu\/index.php?rest_route=\/wp\/v2\/posts\/2917","targetHints":{"allow":["GET"]}}],"collection":[{"href":"https:\/\/marcali.plebania.hu\/index.php?rest_route=\/wp\/v2\/posts"}],"about":[{"href":"https:\/\/marcali.plebania.hu\/index.php?rest_route=\/wp\/v2\/types\/post"}],"author":[{"embeddable":true,"href":"https:\/\/marcali.plebania.hu\/index.php?rest_route=\/wp\/v2\/users\/2"}],"replies":[{"embeddable":true,"href":"https:\/\/marcali.plebania.hu\/index.php?rest_route=%2Fwp%2Fv2%2Fcomments&post=2917"}],"version-history":[{"count":1,"href":"https:\/\/marcali.plebania.hu\/index.php?rest_route=\/wp\/v2\/posts\/2917\/revisions"}],"predecessor-version":[{"id":2918,"href":"https:\/\/marcali.plebania.hu\/index.php?rest_route=\/wp\/v2\/posts\/2917\/revisions\/2918"}],"wp:attachment":[{"href":"https:\/\/marcali.plebania.hu\/index.php?rest_route=%2Fwp%2Fv2%2Fmedia&parent=2917"}],"wp:term":[{"taxonomy":"category","embeddable":true,"href":"https:\/\/marcali.plebania.hu\/index.php?rest_route=%2Fwp%2Fv2%2Fcategories&post=2917"},{"taxonomy":"post_tag","embeddable":true,"href":"https:\/\/marcali.plebania.hu\/index.php?rest_route=%2Fwp%2Fv2%2Ftags&post=2917"}],"curies":[{"name":"wp","href":"https:\/\/api.w.org\/{rel}","templated":true}]}}