{"id":2919,"date":"2021-10-29T08:24:19","date_gmt":"2021-10-29T08:24:19","guid":{"rendered":"https:\/\/marcali.plebania.hu\/?p=2919"},"modified":"2021-10-29T08:24:19","modified_gmt":"2021-10-29T08:24:19","slug":"hirdetesek-2021-10-31","status":"publish","type":"post","link":"https:\/\/marcali.plebania.hu\/?p=2919","title":{"rendered":"Hirdet\u00e9sek, 2021. 10. 31."},"content":{"rendered":"\n<ol class=\"wp-block-list\"><li>Ma\nvan az \u00e9vk\u00f6zi 31. vas\u00e1rnap.<\/li><li>Mindenszenteki\nmiserend: November 1-\u00e9n 17 \u00f3rakor a temet\u0151 ravataloz\u00f3j\u00e1n\u00e1l, november 2-\u00e1n,\nHalottak napj\u00e1n 9 \u00f3rakor a temet\u0151 k\u00e1poln\u00e1ban, 17 \u00f3rakor a B. Gizella\naltemplom\u00e1ban lesz szentmise.<\/li><li>November\nh\u00f3napban az esti szentmis\u00e9k id\u0151pontja 17 \u00f3ra.<\/li><li>Cs\u00fct\u00f6rt\u00f6k\u00f6n\n17 \u00f3rakor Azbej Tristan az \u00fcld\u00f6z\u00f6tt kereszt\u00e9nyek megseg\u00edt\u00e9s\u00e9\u00e9rt \u00e9s a Hungary\nHelps Program megval\u00f3s\u00edt\u00e1s\u00e1\u00e9rt felel\u0151s \u00e1llamtitk\u00e1r tart el\u0151ad\u00e1st az X-h\u00e1zban,\nmelyre szeretettel h\u00edvjuk a h\u00edveket is. Az esti szentmise elmarad.<\/li><li>P\u00e9nteken\nels\u0151 p\u00e9ntek 16 \u00f3rakor Tais\u00e9-i ima\u00f3ra, gy\u00f3ntat\u00e1s, 17 \u00f3rakor szentmise.<\/li><li>Megk\u00f6sz\u00f6nj\u00fck\nmindazoknak a seg\u00edts\u00e9g\u00e9t, akik b\u00e1rmi m\u00f3don is hozz\u00e1j\u00e1rultak Szent II. J\u00e1nos P\u00e1l\np\u00e1pa szobr\u00e1nak elk\u00e9sz\u00edt\u00e9s\u00e9hez.<\/li><li>Napt\u00e1rak,\nkalend\u00e1riumok kaphat\u00f3k a sekresty\u00e9ben.<\/li><li>Ima\na zsinat\u00e9rt.<\/li><\/ol>\n","protected":false},"excerpt":{"rendered":"<p>Ma van az \u00e9vk\u00f6zi 31. vas\u00e1rnap. Mindenszenteki miserend: November 1-\u00e9n 17 \u00f3rakor a temet\u0151 ravataloz\u00f3j\u00e1n\u00e1l, november 2-\u00e1n, Halottak napj\u00e1n 9 \u00f3rakor a temet\u0151 k\u00e1poln\u00e1ban, 17 \u00f3rakor a B. Gizella altemplom\u00e1ban lesz szentmise. November h\u00f3napban az esti szentmis\u00e9k id\u0151pontja 17 \u00f3ra. Cs\u00fct\u00f6rt\u00f6k\u00f6n 17 \u00f3rakor Azbej Tristan az \u00fcld\u00f6z\u00f6tt kereszt\u00e9nyek megseg\u00edt\u00e9s\u00e9\u00e9rt \u00e9s a Hungary Helps Program megval\u00f3s\u00edt\u00e1s\u00e1\u00e9rt felel\u0151s \u00e1llamtitk\u00e1r tart el\u0151ad\u00e1st az X-h\u00e1zban, melyre szeretettel h\u00edvjuk a h\u00edveket is. Az esti szentmise elmarad. P\u00e9nteken els\u0151 p\u00e9ntek 16 \u00f3rakor Tais\u00e9-i ima\u00f3ra, gy\u00f3ntat\u00e1s, 17&#8230;<\/p>\n<p class=\"read-more\"><a class=\"btn btn-default\" href=\"https:\/\/marcali.plebania.hu\/?p=2919\"> Read More<span class=\"screen-reader-text\">  Read More<\/span><\/a><\/p>\n","protected":false},"author":2,"featured_media":0,"comment_status":"closed","ping_status":"open","sticky":false,"template":"","format":"standard","meta":{"footnotes":""},"categories":[1],"tags":[],"class_list":["post-2919","post","type-post","status-publish","format-standard","hentry","category-egyeb"],"_links":{"self":[{"href":"https:\/\/marcali.plebania.hu\/index.php?rest_route=\/wp\/v2\/posts\/2919","targetHints":{"allow":["GET"]}}],"collection":[{"href":"https:\/\/marcali.plebania.hu\/index.php?rest_route=\/wp\/v2\/posts"}],"about":[{"href":"https:\/\/marcali.plebania.hu\/index.php?rest_route=\/wp\/v2\/types\/post"}],"author":[{"embeddable":true,"href":"https:\/\/marcali.plebania.hu\/index.php?rest_route=\/wp\/v2\/users\/2"}],"replies":[{"embeddable":true,"href":"https:\/\/marcali.plebania.hu\/index.php?rest_route=%2Fwp%2Fv2%2Fcomments&post=2919"}],"version-history":[{"count":1,"href":"https:\/\/marcali.plebania.hu\/index.php?rest_route=\/wp\/v2\/posts\/2919\/revisions"}],"predecessor-version":[{"id":2920,"href":"https:\/\/marcali.plebania.hu\/index.php?rest_route=\/wp\/v2\/posts\/2919\/revisions\/2920"}],"wp:attachment":[{"href":"https:\/\/marcali.plebania.hu\/index.php?rest_route=%2Fwp%2Fv2%2Fmedia&parent=2919"}],"wp:term":[{"taxonomy":"category","embeddable":true,"href":"https:\/\/marcali.plebania.hu\/index.php?rest_route=%2Fwp%2Fv2%2Fcategories&post=2919"},{"taxonomy":"post_tag","embeddable":true,"href":"https:\/\/marcali.plebania.hu\/index.php?rest_route=%2Fwp%2Fv2%2Ftags&post=2919"}],"curies":[{"name":"wp","href":"https:\/\/api.w.org\/{rel}","templated":true}]}}