{"id":292,"date":"2018-07-24T15:28:34","date_gmt":"2018-07-24T15:28:34","guid":{"rendered":"https:\/\/marcali.plebania.hu\/?p=292"},"modified":"2018-07-24T15:28:34","modified_gmt":"2018-07-24T15:28:34","slug":"megkezdodott-az-elso-hittan-tarbor-az-x-hazban","status":"publish","type":"post","link":"https:\/\/marcali.plebania.hu\/?p=292","title":{"rendered":"Megkezd\u0151d\u00f6tt az els\u0151 hittan t\u00e1rbor az X-h\u00e1zban"},"content":{"rendered":"<p style=\"margin: 0cm; margin-bottom: .0001pt; text-align: justify;\">2018. j\u00falius 9-\u00e9n, h\u00e9tf\u0151n reggel 8 \u00f3rakor megkezd\u0151d\u00f6tt a Marcali Egyh\u00e1zk\u00f6zs\u00e9g els\u0151 ny\u00e1ri napk\u00f6zis hittanos t\u00e1bora \u00f6sszesen 56 f\u0151vel (k\u00f6zt\u00fck a seg\u00edt\u0151kkel). A minden iskol\u00e1s korcsoportot k\u00e9pvisel\u0151 gyermekek m\u00e1r nagy izgalommal v\u00e1rt\u00e1k az 1 h\u00e9tig tart\u00f3 tartalmas programot. Az els\u0151 alkalommal r\u00e9sztvev\u0151 kisebbek m\u00e9g a b\u00e1tortalans\u00e1g \u00e9rz\u00e9s\u00e9vel, de m\u00e1r nagy v\u00e1rakoz\u00e1ssal telve tekintenek \u2013 az elbesz\u00e9l\u00e9sek alapj\u00e1n \u2013 a sok vid\u00e1ms\u00e1ggal kecsegtet\u0151 \u201ekaland\u201d el\u00e9. A rutinosabbak pedig m\u00e1r felszabadult \u00e9s vid\u00e1m hangulatban ny\u00fczs\u00f6gtek a t\u00e1borvezet\u0151k k\u00f6r\u00fcl.<\/p>\n<p><img loading=\"lazy\" decoding=\"async\" class=\"aligncenter wp-image-293 size-large\" src=\"https:\/\/marcali.plebania.hu\/wp-content\/uploads\/2018\/07\/20-1024x683.jpg\" alt=\"\" width=\"640\" height=\"427\" srcset=\"https:\/\/marcali.plebania.hu\/wp-content\/uploads\/2018\/07\/20-1024x683.jpg 1024w, https:\/\/marcali.plebania.hu\/wp-content\/uploads\/2018\/07\/20-300x200.jpg 300w, https:\/\/marcali.plebania.hu\/wp-content\/uploads\/2018\/07\/20-768x512.jpg 768w, https:\/\/marcali.plebania.hu\/wp-content\/uploads\/2018\/07\/20-405x270.jpg 405w\" sizes=\"auto, (max-width: 640px) 100vw, 640px\" \/><\/p>\n<p style=\"margin: 0cm; margin-bottom: .0001pt; text-align: justify;\">A nap k\u00f6z\u00f6s im\u00e1dkoz\u00e1ssal \u00e9s \u00e9nekl\u00e9ssel kezd\u0151dik a nemr\u00e9giben \u00faj burkolatot kapott pl\u00e9b\u00e1niatemplomban, majd k\u00fcl\u00f6nf\u00e9le el\u0151ad\u00e1sok hangzanak el. Az idei esztend\u0151ben a \u201eN\u0151k a Bibli\u00e1ban\u201d t\u00e9m\u00e1t j\u00e1rj\u00e1k k\u00f6r\u00fcl \u00e9s ismerhetik meg a gyermekek. H\u00e9tf\u0151n a teremt\u00e9s t\u00f6rt\u00e9net \u00c9v\u00e1j\u00e1t mutatta be dr. Gyulain\u00e9 Domj\u00e1n Zsuzsanna \u00faj hitoktat\u00f3n\u0151. Kedden R\u00fath t\u00f6rt\u00e9net\u00e9t mondta el Pozsonyi Anna gimnazista, szerd\u00e1n a h\u00e1zass\u00e1gt\u00f6r\u0151 asszony hist\u00f3ri\u00e1j\u00e1t tolm\u00e1csolta Fazekas Kriszti\u00e1n reform\u00e1tus lelk\u00e9sz, cs\u00fct\u00f6rt\u00f6k\u00f6n pedig M\u00e1rta \u00e9s M\u00e1ria jelent\u0151s\u00e9g\u00e9r\u0151l fog besz\u00e9lni Deiszingern\u00e9 Kiss Anna nagykanizsai hitoktat\u00f3n\u0151. A p\u00e9nteki nap folyam\u00e1n pedig \u00f6sszefoglalj\u00e1k a h\u00e9ten hallottakat \u00e9s \u00edr\u00e1sban, kv\u00edz k\u00e9rd\u00e9sek form\u00e1j\u00e1ban adhatnak sz\u00e1mot az elhangzott t\u00e9m\u00e1kr\u00f3l.<\/p>\n<p style=\"margin: 0cm; margin-bottom: .0001pt; text-align: justify;\">A d\u00e9lut\u00e1n folyam\u00e1n a hallottakat pedig \u00f6t k\u00fcl\u00f6nb\u00f6z\u0151 m\u00f3don \u2013 mivel 5 csapatot alkottak \u2013 dolgozz\u00e1k fel: fali\u00fajs\u00e1g (rejtv\u00e9nyek, rajzok), b\u00e1boz\u00e1s (saj\u00e1t vers), gyurm\u00e1z\u00e1s (dal\u00edr\u00e1s), sz\u00edndarab \u00e9s humoros form\u00e1ban. Ezen k\u00edv\u00fcl gazdag v\u00e1laszt\u00e1si lehet\u0151s\u00e9gek vannak m\u00e9g az id\u0151 hasznos elt\u00f6lt\u00e9s\u00e9re, hiszen lehet p\u00e9ld\u00e1ul ker\u00e1mi\u00e1zni, nemezelni, vagy k\u00fcl\u00f6nf\u00e9le j\u00e1t\u00e9kokban (t\u00e1rsas, sz\u00ednez\u0151k, csoport feladatok, vet\u00e9lked\u0151k) r\u00e9szt venni. A sport kedvel\u0151i pedig kedv\u00fckre ping-pongozhatnak vagy \u00e9ppen csocs\u00f3zhatnak, illetve focizhatnak a nagy udvaron.<\/p>\n<p><img loading=\"lazy\" decoding=\"async\" class=\"aligncenter wp-image-294 size-large\" src=\"https:\/\/marcali.plebania.hu\/wp-content\/uploads\/2018\/07\/16-1024x683.jpg\" alt=\"\" width=\"640\" height=\"427\" srcset=\"https:\/\/marcali.plebania.hu\/wp-content\/uploads\/2018\/07\/16-1024x683.jpg 1024w, https:\/\/marcali.plebania.hu\/wp-content\/uploads\/2018\/07\/16-300x200.jpg 300w, https:\/\/marcali.plebania.hu\/wp-content\/uploads\/2018\/07\/16-768x512.jpg 768w, https:\/\/marcali.plebania.hu\/wp-content\/uploads\/2018\/07\/16-405x270.jpg 405w\" sizes=\"auto, (max-width: 640px) 100vw, 640px\" \/><\/p>\n<p style=\"margin: 0cm; margin-bottom: .0001pt; text-align: justify;\">Az id\u00e9n a keddi nap volt a kir\u00e1ndul\u00e1s\u00e9, amikor Balatonkereszt\u00faron \u00e9s Balatonfenyvesen megn\u00e9zt\u00e9k \u00e9s megismerkedtek a templomok t\u00f6rt\u00e9net\u00e9vel, majd kisvas\u00fattal Imremajorba is ell\u00e1togattak.<\/p>\n<p style=\"margin: 0cm; margin-bottom: .0001pt; text-align: justify;\">P\u00e9nteken d\u00e9lut\u00e1n t\u00e1bort\u0171z \u00e9s sorverseny v\u00e1rja majd a kicsiket \u00e9s nagyokat egyar\u00e1nt, akik m\u00e1r most igazi kis k\u00f6z\u00f6ss\u00e9gg\u00e9 form\u00e1l\u00f3dtak. A t\u00e1bort pedig vas\u00e1rnap a 9 \u00f3r\u00e1s szentmis\u00e9vel z\u00e1rj\u00e1k, ahol a gyerekek a h\u00e9ten \u00e9nekelt dalokat adj\u00e1k majd el\u0151 \u00e9s k\u00f6sz\u00f6nik meg az egyh\u00e1zk\u00f6zs\u00e9g, a sz\u00fcl\u0151k \u00e9s a h\u00edvek seg\u00edts\u00e9g\u00e9t a program megval\u00f3s\u00edt\u00e1s\u00e1ban. A t\u00e1borvezet\u0151k: Bojtorn\u00e9 Kir\u00e1ly M\u00e1rta, dr. Gyulain\u00e9 Domj\u00e1n Zsuzsanna \u00e9s Tombor Erzs\u00e9bet hitoktat\u00f3k, akiknek pedag\u00f3gusok, k\u00f6z\u00e9piskol\u00e1s \u00e9s egyetemista fiatalok, mint csoportvezet\u0151k is seg\u00edtenek. Rajtuk k\u00edv\u00fcl a h\u00edvek k\u00f6z\u00fcl is t\u00f6bben seg\u00e9dkeznek a t\u00edz\u00f3rai \u00e9s az uzsonna elk\u00e9sz\u00edt\u00e9s\u00e9ben. A k\u00f6vetkez\u0151 hittant\u00e1bor j\u00falius 23-\u00e1n kezd\u0151dik, de m\u00e1r ez is betelt, mivel akkora az \u00e9rdekl\u0151d\u00e9s. A t\u00e1bort: az egyh\u00e1zk\u00f6zs\u00e9g, Gelencs\u00e9r R\u00f3bert \u00e9s a t\u00e1boroz\u00f3k sz\u00fclei is t\u00e1mogatt\u00e1k.<\/p>\n<p>Marcali Szoci\u00e1lis \u00e9s Eg\u00e9szs\u00e9g\u00fcgyi Szolg\u00e1ltat\u00f3 K\u00f6zpont \u00e9s Marcali V\u00e1ros \u00d6nkorm\u00e1nyzata az EFOP 3.9.2-16-2017-00014 k\u00f3dsz\u00e1m\u00fa p\u00e1ly\u00e1zati forr\u00e1sb\u00f3l 250.000,- Ft \u00e9rt\u00e9kben j\u00e1t\u00e9kokat \u00e9s eszk\u00f6z\u00f6ket v\u00e1s\u00e1rolt a hittant\u00e1boros gyermekek r\u00e9sz\u00e9re. K\u00f6sz\u00f6net \u00e9rte!<\/p>\n<p style=\"margin: 0cm; margin-bottom: .0001pt; text-align: justify;\">\n<p style=\"margin: 0cm; margin-bottom: .0001pt; text-align: justify;\">\n","protected":false},"excerpt":{"rendered":"<p>2018. j\u00falius 9-\u00e9n, h\u00e9tf\u0151n reggel 8 \u00f3rakor megkezd\u0151d\u00f6tt a Marcali Egyh\u00e1zk\u00f6zs\u00e9g els\u0151 ny\u00e1ri napk\u00f6zis hittanos t\u00e1bora \u00f6sszesen 56 f\u0151vel (k\u00f6zt\u00fck a seg\u00edt\u0151kkel). A minden iskol\u00e1s korcsoportot k\u00e9pvisel\u0151 gyermekek m\u00e1r nagy izgalommal v\u00e1rt\u00e1k az 1 h\u00e9tig tart\u00f3 tartalmas programot. Az els\u0151 alkalommal r\u00e9sztvev\u0151 kisebbek m\u00e9g a b\u00e1tortalans\u00e1g \u00e9rz\u00e9s\u00e9vel, de m\u00e1r nagy v\u00e1rakoz\u00e1ssal telve tekintenek \u2013 az elbesz\u00e9l\u00e9sek alapj\u00e1n \u2013 a sok vid\u00e1ms\u00e1ggal kecsegtet\u0151 \u201ekaland\u201d el\u00e9. A rutinosabbak pedig m\u00e1r felszabadult \u00e9s vid\u00e1m hangulatban ny\u00fczs\u00f6gtek a t\u00e1borvezet\u0151k k\u00f6r\u00fcl. A nap k\u00f6z\u00f6s im\u00e1dkoz\u00e1ssal&#8230;<\/p>\n<p class=\"read-more\"><a class=\"btn btn-default\" href=\"https:\/\/marcali.plebania.hu\/?p=292\"> Read More<span class=\"screen-reader-text\">  Read More<\/span><\/a><\/p>\n","protected":false},"author":2,"featured_media":0,"comment_status":"closed","ping_status":"open","sticky":false,"template":"","format":"standard","meta":{"footnotes":""},"categories":[1],"tags":[],"class_list":["post-292","post","type-post","status-publish","format-standard","hentry","category-egyeb"],"_links":{"self":[{"href":"https:\/\/marcali.plebania.hu\/index.php?rest_route=\/wp\/v2\/posts\/292","targetHints":{"allow":["GET"]}}],"collection":[{"href":"https:\/\/marcali.plebania.hu\/index.php?rest_route=\/wp\/v2\/posts"}],"about":[{"href":"https:\/\/marcali.plebania.hu\/index.php?rest_route=\/wp\/v2\/types\/post"}],"author":[{"embeddable":true,"href":"https:\/\/marcali.plebania.hu\/index.php?rest_route=\/wp\/v2\/users\/2"}],"replies":[{"embeddable":true,"href":"https:\/\/marcali.plebania.hu\/index.php?rest_route=%2Fwp%2Fv2%2Fcomments&post=292"}],"version-history":[{"count":1,"href":"https:\/\/marcali.plebania.hu\/index.php?rest_route=\/wp\/v2\/posts\/292\/revisions"}],"predecessor-version":[{"id":295,"href":"https:\/\/marcali.plebania.hu\/index.php?rest_route=\/wp\/v2\/posts\/292\/revisions\/295"}],"wp:attachment":[{"href":"https:\/\/marcali.plebania.hu\/index.php?rest_route=%2Fwp%2Fv2%2Fmedia&parent=292"}],"wp:term":[{"taxonomy":"category","embeddable":true,"href":"https:\/\/marcali.plebania.hu\/index.php?rest_route=%2Fwp%2Fv2%2Fcategories&post=292"},{"taxonomy":"post_tag","embeddable":true,"href":"https:\/\/marcali.plebania.hu\/index.php?rest_route=%2Fwp%2Fv2%2Ftags&post=292"}],"curies":[{"name":"wp","href":"https:\/\/api.w.org\/{rel}","templated":true}]}}