{"id":2925,"date":"2021-10-29T13:38:09","date_gmt":"2021-10-29T13:38:09","guid":{"rendered":"https:\/\/marcali.plebania.hu\/?p=2925"},"modified":"2021-10-29T13:38:09","modified_gmt":"2021-10-29T13:38:09","slug":"meghivo-es-program-szent-ii-janos-pal-papa-szobranak-szentelesrol","status":"publish","type":"post","link":"https:\/\/marcali.plebania.hu\/?p=2925","title":{"rendered":"Megh\u00edv\u00f3 \u00e9s program Szent II. J\u00e1nos P\u00e1l p\u00e1pa szobr\u00e1nak szentel\u00e9sr\u0151l"},"content":{"rendered":"\n<figure class=\"wp-block-image size-large\"><img loading=\"lazy\" decoding=\"async\" width=\"960\" height=\"720\" src=\"https:\/\/marcali.plebania.hu\/wp-content\/uploads\/2021\/10\/Szoborszentel\u00e9s.jpg\" alt=\"\" class=\"wp-image-2926\" srcset=\"https:\/\/marcali.plebania.hu\/wp-content\/uploads\/2021\/10\/Szoborszentel\u00e9s.jpg 960w, https:\/\/marcali.plebania.hu\/wp-content\/uploads\/2021\/10\/Szoborszentel\u00e9s-300x225.jpg 300w, https:\/\/marcali.plebania.hu\/wp-content\/uploads\/2021\/10\/Szoborszentel\u00e9s-768x576.jpg 768w, https:\/\/marcali.plebania.hu\/wp-content\/uploads\/2021\/10\/Szoborszentel\u00e9s-360x270.jpg 360w\" sizes=\"auto, (max-width: 960px) 100vw, 960px\" \/><\/figure>\n","protected":false},"excerpt":{"rendered":"","protected":false},"author":2,"featured_media":0,"comment_status":"closed","ping_status":"open","sticky":false,"template":"","format":"standard","meta":{"footnotes":""},"categories":[1],"tags":[],"class_list":["post-2925","post","type-post","status-publish","format-standard","hentry","category-egyeb"],"_links":{"self":[{"href":"https:\/\/marcali.plebania.hu\/index.php?rest_route=\/wp\/v2\/posts\/2925","targetHints":{"allow":["GET"]}}],"collection":[{"href":"https:\/\/marcali.plebania.hu\/index.php?rest_route=\/wp\/v2\/posts"}],"about":[{"href":"https:\/\/marcali.plebania.hu\/index.php?rest_route=\/wp\/v2\/types\/post"}],"author":[{"embeddable":true,"href":"https:\/\/marcali.plebania.hu\/index.php?rest_route=\/wp\/v2\/users\/2"}],"replies":[{"embeddable":true,"href":"https:\/\/marcali.plebania.hu\/index.php?rest_route=%2Fwp%2Fv2%2Fcomments&post=2925"}],"version-history":[{"count":1,"href":"https:\/\/marcali.plebania.hu\/index.php?rest_route=\/wp\/v2\/posts\/2925\/revisions"}],"predecessor-version":[{"id":2927,"href":"https:\/\/marcali.plebania.hu\/index.php?rest_route=\/wp\/v2\/posts\/2925\/revisions\/2927"}],"wp:attachment":[{"href":"https:\/\/marcali.plebania.hu\/index.php?rest_route=%2Fwp%2Fv2%2Fmedia&parent=2925"}],"wp:term":[{"taxonomy":"category","embeddable":true,"href":"https:\/\/marcali.plebania.hu\/index.php?rest_route=%2Fwp%2Fv2%2Fcategories&post=2925"},{"taxonomy":"post_tag","embeddable":true,"href":"https:\/\/marcali.plebania.hu\/index.php?rest_route=%2Fwp%2Fv2%2Ftags&post=2925"}],"curies":[{"name":"wp","href":"https:\/\/api.w.org\/{rel}","templated":true}]}}