{"id":2929,"date":"2021-11-03T16:39:23","date_gmt":"2021-11-03T16:39:23","guid":{"rendered":"https:\/\/marcali.plebania.hu\/?p=2929"},"modified":"2021-11-03T16:39:23","modified_gmt":"2021-11-03T16:39:23","slug":"unnepi-keretek-kozott-aldottak-meg-szent-ii-janos-pal-papa-szobrat-marcaliban","status":"publish","type":"post","link":"https:\/\/marcali.plebania.hu\/?p=2929","title":{"rendered":"\u00dcnnepi keretek k\u00f6z\u00f6tt \u00e1ldott\u00e1k meg Szent II. J\u00e1nos P\u00e1l p\u00e1pa szobr\u00e1t Marcaliban"},"content":{"rendered":"\n<p>2021. okt\u00f3ber 31-\u00e9n, vas\u00e1rnap 11 \u00f3rakor Varga L\u00e1szl\u00f3 kaposv\u00e1ri megy\u00e9sp\u00fcsp\u00f6k szentmis\u00e9j\u00e9vel kezd\u0151d\u00f6tt az \u00fcnneps\u00e9g a Gy\u00fcm\u00f6lcsolt\u00f3 Boldogasszony Pl\u00e9b\u00e1niatemplomban. Szentbesz\u00e9d\u00e9ben az evang\u00e9liumban elhangzott legf\u0151bb m\u00f3zesi parancsr\u00f3l elm\u00e9lkedett. J\u00e9zus az istenszeretetet \u00e9s az emberszeretetet nevezi meg a legf\u0151bb parancsnak. Az ember annak az Istennek a k\u00e9pm\u00e1s\u00e1ra lett teremtve, aki maga a szeretet. Ahogyan a Mindenhat\u00f3 minden tev\u00e9kenys\u00e9g\u00e9t a szeretet vez\u00e9rli, \u00fagy kellene az embereknek is az \u00e9rz\u00e9s\u00e9t, gondolat\u00e1t, cselekedet\u00e9t ir\u00e1ny\u00edtania ugyanennek. Az igazi szeretet mindig egy m\u00e1sik szem\u00e9ly fel\u00e9 fordul: Isten vagy embert\u00e1rs fel\u00e9. Az \u00f6nzetlen szeretet megny\u00edlik a m\u00e1sik fel\u00e9, hogy \u0151t gazdag\u00edtsa. Ez\u00e1ltal Isten orsz\u00e1ga is n\u00f6vekszik a szeretet \u00e1ltal.<\/p>\n\n\n\n<figure class=\"wp-block-gallery columns-3 is-cropped wp-block-gallery-1 is-layout-flex wp-block-gallery-is-layout-flex\"><ul class=\"blocks-gallery-grid\"><li class=\"blocks-gallery-item\"><figure><img loading=\"lazy\" decoding=\"async\" width=\"1024\" height=\"683\" src=\"https:\/\/marcali.plebania.hu\/wp-content\/uploads\/2021\/11\/03-1024x683.jpg\" alt=\"\" data-id=\"2930\" data-link=\"https:\/\/marcali.plebania.hu\/?attachment_id=2930\" class=\"wp-image-2930\" srcset=\"https:\/\/marcali.plebania.hu\/wp-content\/uploads\/2021\/11\/03-1024x683.jpg 1024w, https:\/\/marcali.plebania.hu\/wp-content\/uploads\/2021\/11\/03-300x200.jpg 300w, https:\/\/marcali.plebania.hu\/wp-content\/uploads\/2021\/11\/03-768x512.jpg 768w, https:\/\/marcali.plebania.hu\/wp-content\/uploads\/2021\/11\/03-1536x1024.jpg 1536w, https:\/\/marcali.plebania.hu\/wp-content\/uploads\/2021\/11\/03-2048x1365.jpg 2048w, https:\/\/marcali.plebania.hu\/wp-content\/uploads\/2021\/11\/03-405x270.jpg 405w\" sizes=\"auto, (max-width: 1024px) 100vw, 1024px\" \/><\/figure><\/li><li class=\"blocks-gallery-item\"><figure><img loading=\"lazy\" decoding=\"async\" width=\"1024\" height=\"683\" src=\"https:\/\/marcali.plebania.hu\/wp-content\/uploads\/2021\/11\/04-1024x683.jpg\" alt=\"\" data-id=\"2931\" data-link=\"https:\/\/marcali.plebania.hu\/?attachment_id=2931\" class=\"wp-image-2931\" srcset=\"https:\/\/marcali.plebania.hu\/wp-content\/uploads\/2021\/11\/04-1024x683.jpg 1024w, https:\/\/marcali.plebania.hu\/wp-content\/uploads\/2021\/11\/04-300x200.jpg 300w, https:\/\/marcali.plebania.hu\/wp-content\/uploads\/2021\/11\/04-768x512.jpg 768w, https:\/\/marcali.plebania.hu\/wp-content\/uploads\/2021\/11\/04-1536x1024.jpg 1536w, https:\/\/marcali.plebania.hu\/wp-content\/uploads\/2021\/11\/04-2048x1365.jpg 2048w, https:\/\/marcali.plebania.hu\/wp-content\/uploads\/2021\/11\/04-405x270.jpg 405w\" sizes=\"auto, (max-width: 1024px) 100vw, 1024px\" \/><\/figure><\/li><li class=\"blocks-gallery-item\"><figure><img loading=\"lazy\" decoding=\"async\" width=\"1024\" height=\"683\" src=\"https:\/\/marcali.plebania.hu\/wp-content\/uploads\/2021\/11\/06-1024x683.jpg\" alt=\"\" data-id=\"2932\" data-full-url=\"https:\/\/marcali.plebania.hu\/wp-content\/uploads\/2021\/11\/06-scaled.jpg\" data-link=\"https:\/\/marcali.plebania.hu\/?attachment_id=2932\" class=\"wp-image-2932\" srcset=\"https:\/\/marcali.plebania.hu\/wp-content\/uploads\/2021\/11\/06-1024x683.jpg 1024w, https:\/\/marcali.plebania.hu\/wp-content\/uploads\/2021\/11\/06-300x200.jpg 300w, https:\/\/marcali.plebania.hu\/wp-content\/uploads\/2021\/11\/06-768x512.jpg 768w, https:\/\/marcali.plebania.hu\/wp-content\/uploads\/2021\/11\/06-1536x1024.jpg 1536w, https:\/\/marcali.plebania.hu\/wp-content\/uploads\/2021\/11\/06-2048x1365.jpg 2048w, https:\/\/marcali.plebania.hu\/wp-content\/uploads\/2021\/11\/06-405x270.jpg 405w\" sizes=\"auto, (max-width: 1024px) 100vw, 1024px\" \/><\/figure><\/li><li class=\"blocks-gallery-item\"><figure><img loading=\"lazy\" decoding=\"async\" width=\"1024\" height=\"683\" src=\"https:\/\/marcali.plebania.hu\/wp-content\/uploads\/2021\/11\/07-1024x683.jpg\" alt=\"\" data-id=\"2933\" data-full-url=\"https:\/\/marcali.plebania.hu\/wp-content\/uploads\/2021\/11\/07-scaled.jpg\" data-link=\"https:\/\/marcali.plebania.hu\/?attachment_id=2933\" class=\"wp-image-2933\" srcset=\"https:\/\/marcali.plebania.hu\/wp-content\/uploads\/2021\/11\/07-1024x683.jpg 1024w, https:\/\/marcali.plebania.hu\/wp-content\/uploads\/2021\/11\/07-300x200.jpg 300w, https:\/\/marcali.plebania.hu\/wp-content\/uploads\/2021\/11\/07-768x512.jpg 768w, https:\/\/marcali.plebania.hu\/wp-content\/uploads\/2021\/11\/07-1536x1024.jpg 1536w, https:\/\/marcali.plebania.hu\/wp-content\/uploads\/2021\/11\/07-2048x1365.jpg 2048w, https:\/\/marcali.plebania.hu\/wp-content\/uploads\/2021\/11\/07-405x270.jpg 405w\" sizes=\"auto, (max-width: 1024px) 100vw, 1024px\" \/><\/figure><\/li><\/ul><\/figure>\n\n\n\n<p>Az istentisztelet ut\u00e1n a templom k\u00f6r\u00fcli t\u00e9ren egy sz\u00e9p m\u0171sor keret\u00e9ben leplezt\u00e9k le, \u00e1ldott\u00e1k meg, \u00e9s adt\u00e1k \u00e1t a Sz\u00f3r\u00e1di Zsigmond szobr\u00e1szm\u0171v\u00e9sz \u00e1ltal elk\u00e9sz\u00edtett \u201eSzent II. J\u00e1nos P\u00e1l p\u00e1pa csillaga\u201d elnevez\u00e9s\u0171 alkot\u00e1st.<\/p>\n\n\n\n<figure class=\"wp-block-gallery columns-3 is-cropped wp-block-gallery-2 is-layout-flex wp-block-gallery-is-layout-flex\"><ul class=\"blocks-gallery-grid\"><li class=\"blocks-gallery-item\"><figure><img loading=\"lazy\" decoding=\"async\" width=\"1024\" height=\"683\" src=\"https:\/\/marcali.plebania.hu\/wp-content\/uploads\/2021\/11\/21-1024x683.jpg\" alt=\"\" data-id=\"2934\" data-link=\"https:\/\/marcali.plebania.hu\/?attachment_id=2934\" class=\"wp-image-2934\" srcset=\"https:\/\/marcali.plebania.hu\/wp-content\/uploads\/2021\/11\/21-1024x683.jpg 1024w, https:\/\/marcali.plebania.hu\/wp-content\/uploads\/2021\/11\/21-300x200.jpg 300w, https:\/\/marcali.plebania.hu\/wp-content\/uploads\/2021\/11\/21-768x512.jpg 768w, https:\/\/marcali.plebania.hu\/wp-content\/uploads\/2021\/11\/21-1536x1024.jpg 1536w, https:\/\/marcali.plebania.hu\/wp-content\/uploads\/2021\/11\/21-2048x1365.jpg 2048w, https:\/\/marcali.plebania.hu\/wp-content\/uploads\/2021\/11\/21-405x270.jpg 405w\" sizes=\"auto, (max-width: 1024px) 100vw, 1024px\" \/><\/figure><\/li><li class=\"blocks-gallery-item\"><figure><img loading=\"lazy\" decoding=\"async\" width=\"1024\" height=\"683\" src=\"https:\/\/marcali.plebania.hu\/wp-content\/uploads\/2021\/11\/34-1024x683.jpg\" alt=\"\" data-id=\"2935\" data-link=\"https:\/\/marcali.plebania.hu\/?attachment_id=2935\" class=\"wp-image-2935\" srcset=\"https:\/\/marcali.plebania.hu\/wp-content\/uploads\/2021\/11\/34-1024x683.jpg 1024w, https:\/\/marcali.plebania.hu\/wp-content\/uploads\/2021\/11\/34-300x200.jpg 300w, https:\/\/marcali.plebania.hu\/wp-content\/uploads\/2021\/11\/34-768x512.jpg 768w, https:\/\/marcali.plebania.hu\/wp-content\/uploads\/2021\/11\/34-1536x1024.jpg 1536w, https:\/\/marcali.plebania.hu\/wp-content\/uploads\/2021\/11\/34-2048x1365.jpg 2048w, https:\/\/marcali.plebania.hu\/wp-content\/uploads\/2021\/11\/34-405x270.jpg 405w\" sizes=\"auto, (max-width: 1024px) 100vw, 1024px\" \/><\/figure><\/li><li class=\"blocks-gallery-item\"><figure><img loading=\"lazy\" decoding=\"async\" width=\"1024\" height=\"683\" src=\"https:\/\/marcali.plebania.hu\/wp-content\/uploads\/2021\/11\/41-1024x683.jpg\" alt=\"\" data-id=\"2936\" data-link=\"https:\/\/marcali.plebania.hu\/?attachment_id=2936\" class=\"wp-image-2936\" srcset=\"https:\/\/marcali.plebania.hu\/wp-content\/uploads\/2021\/11\/41-1024x683.jpg 1024w, https:\/\/marcali.plebania.hu\/wp-content\/uploads\/2021\/11\/41-300x200.jpg 300w, https:\/\/marcali.plebania.hu\/wp-content\/uploads\/2021\/11\/41-768x512.jpg 768w, https:\/\/marcali.plebania.hu\/wp-content\/uploads\/2021\/11\/41-1536x1024.jpg 1536w, https:\/\/marcali.plebania.hu\/wp-content\/uploads\/2021\/11\/41-2048x1365.jpg 2048w, https:\/\/marcali.plebania.hu\/wp-content\/uploads\/2021\/11\/41-405x270.jpg 405w\" sizes=\"auto, (max-width: 1024px) 100vw, 1024px\" \/><\/figure><\/li><li class=\"blocks-gallery-item\"><figure><img loading=\"lazy\" decoding=\"async\" width=\"1024\" height=\"683\" src=\"https:\/\/marcali.plebania.hu\/wp-content\/uploads\/2021\/11\/46-1024x683.jpg\" alt=\"\" data-id=\"2937\" data-full-url=\"https:\/\/marcali.plebania.hu\/wp-content\/uploads\/2021\/11\/46-scaled.jpg\" data-link=\"https:\/\/marcali.plebania.hu\/?attachment_id=2937\" class=\"wp-image-2937\" srcset=\"https:\/\/marcali.plebania.hu\/wp-content\/uploads\/2021\/11\/46-1024x683.jpg 1024w, https:\/\/marcali.plebania.hu\/wp-content\/uploads\/2021\/11\/46-300x200.jpg 300w, https:\/\/marcali.plebania.hu\/wp-content\/uploads\/2021\/11\/46-768x512.jpg 768w, https:\/\/marcali.plebania.hu\/wp-content\/uploads\/2021\/11\/46-1536x1024.jpg 1536w, https:\/\/marcali.plebania.hu\/wp-content\/uploads\/2021\/11\/46-2048x1365.jpg 2048w, https:\/\/marcali.plebania.hu\/wp-content\/uploads\/2021\/11\/46-405x270.jpg 405w\" sizes=\"auto, (max-width: 1024px) 100vw, 1024px\" \/><\/figure><\/li><\/ul><\/figure>\n\n\n\n<p>Az \u00fcnneps\u00e9get a F\u00e9ny Gyermekei Katolikus Zenekar \u201eCsak \u00e1llok sz\u00f3tlanul\u201d c\u00edm\u0171 git\u00e1ros \u00e9neke nyitotta meg, ezut\u00e1n Kiss Iv\u00e1n c\u00edmzetes pr\u00e9post, pl\u00e9b\u00e1nos k\u00f6sz\u00f6nt\u00f6tte a megjelent vend\u00e9geket, h\u00edveket \u00e9s a v\u00e1roslak\u00f3kat. Majd dr. S\u00fct\u0151 L\u00e1szl\u00f3 polg\u00e1rmester felsz\u00f3lal\u00e1s\u00e1ban m\u00e9ltatta Szent II. J\u00e1nos P\u00e1l p\u00e1pa nagys\u00e1g\u00e1t, t\u00f6rt\u00e9nelmi szerep\u00e9t, a magyar vonatkoz\u00e1sokat. Ezt k\u00f6vet\u0151en a zenekar a zalal\u00f6v\u0151i Szent Veronika K\u00f3rus \u201eEml\u00e9ked \u0151rizz\u00fck\u201d c\u00edm\u0171 dal\u00e1t adta el\u0151. Majd pedig T\u00f3th Eszter \u00c1gnes gimnazista felolvasta a Szentatya \u00e9let\u00fatj\u00e1t, k\u00fcl\u00f6n megeml\u00edtve a nevezetes magyarorsz\u00e1gi p\u00e1pal\u00e1togat\u00e1sokat is. Ezut\u00e1n felhangzott a \u201eLegyetek hajnali f\u00e9ny\u201d kezdet\u0171 \u00e9neke, amely szint\u00e9n II. J\u00e1nos P\u00e1lr\u00f3l \u00edr\u00f3dott, \u00e9s amit az egy\u00fcttes k\u00fcl\u00f6n erre az alkalomra tanult meg. Ut\u00e1na a p\u00e1pa im\u00e1j\u00e1t Pozsonyi Anna egyetemista mondta el. Melynek z\u00e1r\u00f3 sorai j\u00f3l jellemzik a Szentatya al\u00e1zatos, \u00f6nzetlen \u00e9let\u00e9t \u00e9s tiszta jellem\u00e9t: \u201eUram, maradj az, aki mindig is volt\u00e1l: a megbocs\u00e1t\u00f3 \u00c9desaty\u00e1m. Ez ind\u00edtson arra, hogy \u00e9n is tudjak megbocs\u00e1tani. Ne engedd, hogy valaha is f\u00e1radt legyek a k\u00f6sz\u00f6net-mond\u00e1shoz. Ne engedd, hogy valaha is abbahagyjam a dics\u00e9retedet. Tartsd meg \u00e9s n\u00f6veld a hitemet. Sz\u00f3lj Uram, m\u00e9g hallja a Te szolg\u00e1d!\u201d<\/p>\n\n\n\n<figure class=\"wp-block-gallery columns-3 is-cropped wp-block-gallery-3 is-layout-flex wp-block-gallery-is-layout-flex\"><ul class=\"blocks-gallery-grid\"><li class=\"blocks-gallery-item\"><figure><img loading=\"lazy\" decoding=\"async\" width=\"1024\" height=\"683\" src=\"https:\/\/marcali.plebania.hu\/wp-content\/uploads\/2021\/11\/57-1024x683.jpg\" alt=\"\" data-id=\"2938\" data-link=\"https:\/\/marcali.plebania.hu\/?attachment_id=2938\" class=\"wp-image-2938\" srcset=\"https:\/\/marcali.plebania.hu\/wp-content\/uploads\/2021\/11\/57-1024x683.jpg 1024w, https:\/\/marcali.plebania.hu\/wp-content\/uploads\/2021\/11\/57-300x200.jpg 300w, https:\/\/marcali.plebania.hu\/wp-content\/uploads\/2021\/11\/57-768x512.jpg 768w, https:\/\/marcali.plebania.hu\/wp-content\/uploads\/2021\/11\/57-1536x1024.jpg 1536w, https:\/\/marcali.plebania.hu\/wp-content\/uploads\/2021\/11\/57-2048x1365.jpg 2048w, https:\/\/marcali.plebania.hu\/wp-content\/uploads\/2021\/11\/57-405x270.jpg 405w\" sizes=\"auto, (max-width: 1024px) 100vw, 1024px\" \/><\/figure><\/li><li class=\"blocks-gallery-item\"><figure><img loading=\"lazy\" decoding=\"async\" width=\"1024\" height=\"683\" src=\"https:\/\/marcali.plebania.hu\/wp-content\/uploads\/2021\/11\/65-1024x683.jpg\" alt=\"\" data-id=\"2939\" data-link=\"https:\/\/marcali.plebania.hu\/?attachment_id=2939\" class=\"wp-image-2939\" srcset=\"https:\/\/marcali.plebania.hu\/wp-content\/uploads\/2021\/11\/65-1024x683.jpg 1024w, https:\/\/marcali.plebania.hu\/wp-content\/uploads\/2021\/11\/65-300x200.jpg 300w, https:\/\/marcali.plebania.hu\/wp-content\/uploads\/2021\/11\/65-768x512.jpg 768w, https:\/\/marcali.plebania.hu\/wp-content\/uploads\/2021\/11\/65-1536x1024.jpg 1536w, https:\/\/marcali.plebania.hu\/wp-content\/uploads\/2021\/11\/65-2048x1365.jpg 2048w, https:\/\/marcali.plebania.hu\/wp-content\/uploads\/2021\/11\/65-405x270.jpg 405w\" sizes=\"auto, (max-width: 1024px) 100vw, 1024px\" \/><\/figure><\/li><li class=\"blocks-gallery-item\"><figure><img loading=\"lazy\" decoding=\"async\" width=\"1024\" height=\"683\" src=\"https:\/\/marcali.plebania.hu\/wp-content\/uploads\/2021\/11\/73-1024x683.jpg\" alt=\"\" data-id=\"2940\" data-link=\"https:\/\/marcali.plebania.hu\/?attachment_id=2940\" class=\"wp-image-2940\" srcset=\"https:\/\/marcali.plebania.hu\/wp-content\/uploads\/2021\/11\/73-1024x683.jpg 1024w, https:\/\/marcali.plebania.hu\/wp-content\/uploads\/2021\/11\/73-300x200.jpg 300w, https:\/\/marcali.plebania.hu\/wp-content\/uploads\/2021\/11\/73-768x512.jpg 768w, https:\/\/marcali.plebania.hu\/wp-content\/uploads\/2021\/11\/73-1536x1024.jpg 1536w, https:\/\/marcali.plebania.hu\/wp-content\/uploads\/2021\/11\/73-2048x1365.jpg 2048w, https:\/\/marcali.plebania.hu\/wp-content\/uploads\/2021\/11\/73-405x270.jpg 405w\" sizes=\"auto, (max-width: 1024px) 100vw, 1024px\" \/><\/figure><\/li><li class=\"blocks-gallery-item\"><figure><img loading=\"lazy\" decoding=\"async\" width=\"1024\" height=\"683\" src=\"https:\/\/marcali.plebania.hu\/wp-content\/uploads\/2021\/11\/79-1024x683.jpg\" alt=\"\" data-id=\"2943\" data-full-url=\"https:\/\/marcali.plebania.hu\/wp-content\/uploads\/2021\/11\/79-scaled.jpg\" data-link=\"https:\/\/marcali.plebania.hu\/?attachment_id=2943\" class=\"wp-image-2943\" srcset=\"https:\/\/marcali.plebania.hu\/wp-content\/uploads\/2021\/11\/79-1024x683.jpg 1024w, https:\/\/marcali.plebania.hu\/wp-content\/uploads\/2021\/11\/79-300x200.jpg 300w, https:\/\/marcali.plebania.hu\/wp-content\/uploads\/2021\/11\/79-768x512.jpg 768w, https:\/\/marcali.plebania.hu\/wp-content\/uploads\/2021\/11\/79-1536x1024.jpg 1536w, https:\/\/marcali.plebania.hu\/wp-content\/uploads\/2021\/11\/79-2048x1365.jpg 2048w, https:\/\/marcali.plebania.hu\/wp-content\/uploads\/2021\/11\/79-405x270.jpg 405w\" sizes=\"auto, (max-width: 1024px) 100vw, 1024px\" \/><\/figure><\/li><\/ul><\/figure>\n\n\n\n<p>Ezut\u00e1n ker\u00fclt sor a szobor leleplez\u00e9s\u00e9re, melynek megtisztel\u0151 feladata M\u00f3ring J\u00f3zsef Attila orsz\u00e1ggy\u0171l\u00e9si k\u00e9pvisel\u0151re \u00e9s dr. S\u00fct\u0151 L\u00e1szl\u00f3 marcali polg\u00e1rmesterre h\u00e1rult. Majd Varga L\u00e1szl\u00f3 megy\u00e9sp\u00fcsp\u00f6k meg\u00e1ldotta \u00e9s megszentelte az alkot\u00e1st. Ezt k\u00f6vet\u0151en Moln\u00e1r \u00c1gnes Anna \u00f6nkorm\u00e1nyzati k\u00e9pvisel\u0151n\u0151, a szobor\u00e1ll\u00edt\u00e1s \u00f6tletad\u00f3ja feleleven\u00edtette a kezdeteket, a koronav\u00edrus-j\u00e1rv\u00e1ny miatti neh\u00e9zs\u00e9geket, az adom\u00e1nygy\u0171jt\u00e9s k\u00f6r\u00fclm\u00e9nyeit, amelynek k\u00f6vetkezt\u00e9ben v\u00e9g\u00fcl \u00f6sszefog\u00e1ssal siker\u00fclt megval\u00f3s\u00edtani a terveket. Ezeken t\u00fal Sz\u00f3r\u00e1di Zsigmond szobr\u00e1szm\u0171v\u00e9sz p\u00e1ly\u00e1j\u00e1t \u00e9s alkot\u00e1sait, valamint marcali k\u00f6t\u0151d\u00e9s\u00e9t is m\u00e9ltatta besz\u00e9d\u00e9ben, tov\u00e1bb\u00e1 elmagyar\u00e1zta a jelenl\u00e9v\u0151knek a szobor\u00e1sz \u00e1ltal megform\u00e1lt alkot\u00e1s legf\u0151bb jellegzetess\u00e9geit, mondanival\u00f3j\u00e1t.<\/p>\n\n\n\n<figure class=\"wp-block-gallery columns-3 is-cropped wp-block-gallery-4 is-layout-flex wp-block-gallery-is-layout-flex\"><ul class=\"blocks-gallery-grid\"><li class=\"blocks-gallery-item\"><figure><img loading=\"lazy\" decoding=\"async\" width=\"1024\" height=\"683\" src=\"https:\/\/marcali.plebania.hu\/wp-content\/uploads\/2021\/11\/48-1024x683.jpg\" alt=\"\" data-id=\"2944\" data-link=\"https:\/\/marcali.plebania.hu\/?attachment_id=2944\" class=\"wp-image-2944\" srcset=\"https:\/\/marcali.plebania.hu\/wp-content\/uploads\/2021\/11\/48-1024x683.jpg 1024w, https:\/\/marcali.plebania.hu\/wp-content\/uploads\/2021\/11\/48-300x200.jpg 300w, https:\/\/marcali.plebania.hu\/wp-content\/uploads\/2021\/11\/48-768x512.jpg 768w, https:\/\/marcali.plebania.hu\/wp-content\/uploads\/2021\/11\/48-1536x1024.jpg 1536w, https:\/\/marcali.plebania.hu\/wp-content\/uploads\/2021\/11\/48-2048x1365.jpg 2048w, https:\/\/marcali.plebania.hu\/wp-content\/uploads\/2021\/11\/48-405x270.jpg 405w\" sizes=\"auto, (max-width: 1024px) 100vw, 1024px\" \/><\/figure><\/li><li class=\"blocks-gallery-item\"><figure><img loading=\"lazy\" decoding=\"async\" width=\"1024\" height=\"683\" src=\"https:\/\/marcali.plebania.hu\/wp-content\/uploads\/2021\/11\/92-1024x683.jpg\" alt=\"\" data-id=\"2946\" data-link=\"https:\/\/marcali.plebania.hu\/?attachment_id=2946\" class=\"wp-image-2946\" srcset=\"https:\/\/marcali.plebania.hu\/wp-content\/uploads\/2021\/11\/92-1024x683.jpg 1024w, https:\/\/marcali.plebania.hu\/wp-content\/uploads\/2021\/11\/92-300x200.jpg 300w, https:\/\/marcali.plebania.hu\/wp-content\/uploads\/2021\/11\/92-768x512.jpg 768w, https:\/\/marcali.plebania.hu\/wp-content\/uploads\/2021\/11\/92-1536x1024.jpg 1536w, https:\/\/marcali.plebania.hu\/wp-content\/uploads\/2021\/11\/92-2048x1365.jpg 2048w, https:\/\/marcali.plebania.hu\/wp-content\/uploads\/2021\/11\/92-405x270.jpg 405w\" sizes=\"auto, (max-width: 1024px) 100vw, 1024px\" \/><\/figure><\/li><li class=\"blocks-gallery-item\"><figure><img loading=\"lazy\" decoding=\"async\" width=\"1024\" height=\"683\" src=\"https:\/\/marcali.plebania.hu\/wp-content\/uploads\/2021\/11\/95-1-1024x683.jpg\" alt=\"\" data-id=\"2947\" data-link=\"https:\/\/marcali.plebania.hu\/?attachment_id=2947\" class=\"wp-image-2947\" srcset=\"https:\/\/marcali.plebania.hu\/wp-content\/uploads\/2021\/11\/95-1-1024x683.jpg 1024w, https:\/\/marcali.plebania.hu\/wp-content\/uploads\/2021\/11\/95-1-300x200.jpg 300w, https:\/\/marcali.plebania.hu\/wp-content\/uploads\/2021\/11\/95-1-768x512.jpg 768w, https:\/\/marcali.plebania.hu\/wp-content\/uploads\/2021\/11\/95-1-1536x1024.jpg 1536w, https:\/\/marcali.plebania.hu\/wp-content\/uploads\/2021\/11\/95-1-2048x1365.jpg 2048w, https:\/\/marcali.plebania.hu\/wp-content\/uploads\/2021\/11\/95-1-405x270.jpg 405w\" sizes=\"auto, (max-width: 1024px) 100vw, 1024px\" \/><\/figure><\/li><li class=\"blocks-gallery-item\"><figure><img loading=\"lazy\" decoding=\"async\" width=\"1024\" height=\"683\" src=\"https:\/\/marcali.plebania.hu\/wp-content\/uploads\/2021\/11\/101-1024x683.jpg\" alt=\"\" data-id=\"2948\" data-full-url=\"https:\/\/marcali.plebania.hu\/wp-content\/uploads\/2021\/11\/101-scaled.jpg\" data-link=\"https:\/\/marcali.plebania.hu\/?attachment_id=2948\" class=\"wp-image-2948\" srcset=\"https:\/\/marcali.plebania.hu\/wp-content\/uploads\/2021\/11\/101-1024x683.jpg 1024w, https:\/\/marcali.plebania.hu\/wp-content\/uploads\/2021\/11\/101-300x200.jpg 300w, https:\/\/marcali.plebania.hu\/wp-content\/uploads\/2021\/11\/101-768x512.jpg 768w, https:\/\/marcali.plebania.hu\/wp-content\/uploads\/2021\/11\/101-1536x1024.jpg 1536w, https:\/\/marcali.plebania.hu\/wp-content\/uploads\/2021\/11\/101-2048x1365.jpg 2048w, https:\/\/marcali.plebania.hu\/wp-content\/uploads\/2021\/11\/101-405x270.jpg 405w\" sizes=\"auto, (max-width: 1024px) 100vw, 1024px\" \/><\/figure><\/li><\/ul><\/figure>\n\n\n\n<p>V\u00e9g\u00fcl a Lengyel K\u00f6zt\u00e1rsas\u00e1g Budapesti Nagyk\u00f6vets\u00e9g\u00e9nek konzulja, Andrzej Kalinowski els\u0151 tan\u00e1csos \u00far sz\u00f3lt a hallgat\u00f3s\u00e1ghoz. Besz\u00e9d\u00e9ben a k\u00f6z\u00f6s lengyel-magyar t\u00f6rt\u00e9nelmi m\u00faltat, a k\u00e9t n\u00e9p bar\u00e1ts\u00e1g\u00e1t, k\u00fczdelmeit, \u00f6sszetartoz\u00e1s\u00e1t emelte ki, valamint Szent II. J\u00e1nos P\u00e1l p\u00e1pa egyh\u00e1zf\u0151i szerep\u00e9t; tov\u00e1bb\u00e1 k\u00f6sz\u00f6netet mondott a marcali \u00fcnnep megval\u00f3s\u00edt\u00e1s\u00e1\u00e9rt.<\/p>\n\n\n\n<figure class=\"wp-block-gallery columns-3 is-cropped wp-block-gallery-5 is-layout-flex wp-block-gallery-is-layout-flex\"><ul class=\"blocks-gallery-grid\"><li class=\"blocks-gallery-item\"><figure><img loading=\"lazy\" decoding=\"async\" width=\"1024\" height=\"683\" src=\"https:\/\/marcali.plebania.hu\/wp-content\/uploads\/2021\/11\/103-1024x683.jpg\" alt=\"\" data-id=\"2949\" data-link=\"https:\/\/marcali.plebania.hu\/?attachment_id=2949\" class=\"wp-image-2949\" srcset=\"https:\/\/marcali.plebania.hu\/wp-content\/uploads\/2021\/11\/103-1024x683.jpg 1024w, https:\/\/marcali.plebania.hu\/wp-content\/uploads\/2021\/11\/103-300x200.jpg 300w, https:\/\/marcali.plebania.hu\/wp-content\/uploads\/2021\/11\/103-768x512.jpg 768w, https:\/\/marcali.plebania.hu\/wp-content\/uploads\/2021\/11\/103-1536x1024.jpg 1536w, https:\/\/marcali.plebania.hu\/wp-content\/uploads\/2021\/11\/103-2048x1365.jpg 2048w, https:\/\/marcali.plebania.hu\/wp-content\/uploads\/2021\/11\/103-405x270.jpg 405w\" sizes=\"auto, (max-width: 1024px) 100vw, 1024px\" \/><\/figure><\/li><li class=\"blocks-gallery-item\"><figure><img loading=\"lazy\" decoding=\"async\" width=\"1024\" height=\"683\" src=\"https:\/\/marcali.plebania.hu\/wp-content\/uploads\/2021\/11\/104-1024x683.jpg\" alt=\"\" data-id=\"2950\" data-link=\"https:\/\/marcali.plebania.hu\/?attachment_id=2950\" class=\"wp-image-2950\" srcset=\"https:\/\/marcali.plebania.hu\/wp-content\/uploads\/2021\/11\/104-1024x683.jpg 1024w, https:\/\/marcali.plebania.hu\/wp-content\/uploads\/2021\/11\/104-300x200.jpg 300w, https:\/\/marcali.plebania.hu\/wp-content\/uploads\/2021\/11\/104-768x512.jpg 768w, https:\/\/marcali.plebania.hu\/wp-content\/uploads\/2021\/11\/104-1536x1024.jpg 1536w, https:\/\/marcali.plebania.hu\/wp-content\/uploads\/2021\/11\/104-2048x1365.jpg 2048w, https:\/\/marcali.plebania.hu\/wp-content\/uploads\/2021\/11\/104-405x270.jpg 405w\" sizes=\"auto, (max-width: 1024px) 100vw, 1024px\" \/><\/figure><\/li><li class=\"blocks-gallery-item\"><figure><img loading=\"lazy\" decoding=\"async\" width=\"1024\" height=\"683\" src=\"https:\/\/marcali.plebania.hu\/wp-content\/uploads\/2021\/11\/97-1024x683.jpg\" alt=\"\" data-id=\"2951\" data-link=\"https:\/\/marcali.plebania.hu\/?attachment_id=2951\" class=\"wp-image-2951\" srcset=\"https:\/\/marcali.plebania.hu\/wp-content\/uploads\/2021\/11\/97-1024x683.jpg 1024w, https:\/\/marcali.plebania.hu\/wp-content\/uploads\/2021\/11\/97-300x200.jpg 300w, https:\/\/marcali.plebania.hu\/wp-content\/uploads\/2021\/11\/97-768x512.jpg 768w, https:\/\/marcali.plebania.hu\/wp-content\/uploads\/2021\/11\/97-1536x1024.jpg 1536w, https:\/\/marcali.plebania.hu\/wp-content\/uploads\/2021\/11\/97-2048x1365.jpg 2048w, https:\/\/marcali.plebania.hu\/wp-content\/uploads\/2021\/11\/97-405x270.jpg 405w\" sizes=\"auto, (max-width: 1024px) 100vw, 1024px\" \/><\/figure><\/li><li class=\"blocks-gallery-item\"><figure><img loading=\"lazy\" decoding=\"async\" width=\"1024\" height=\"683\" src=\"https:\/\/marcali.plebania.hu\/wp-content\/uploads\/2021\/11\/94-1024x683.jpg\" alt=\"\" data-id=\"2952\" data-full-url=\"https:\/\/marcali.plebania.hu\/wp-content\/uploads\/2021\/11\/94-scaled.jpg\" data-link=\"https:\/\/marcali.plebania.hu\/?attachment_id=2952\" class=\"wp-image-2952\" srcset=\"https:\/\/marcali.plebania.hu\/wp-content\/uploads\/2021\/11\/94-1024x683.jpg 1024w, https:\/\/marcali.plebania.hu\/wp-content\/uploads\/2021\/11\/94-300x200.jpg 300w, https:\/\/marcali.plebania.hu\/wp-content\/uploads\/2021\/11\/94-768x512.jpg 768w, https:\/\/marcali.plebania.hu\/wp-content\/uploads\/2021\/11\/94-1536x1024.jpg 1536w, https:\/\/marcali.plebania.hu\/wp-content\/uploads\/2021\/11\/94-2048x1365.jpg 2048w, https:\/\/marcali.plebania.hu\/wp-content\/uploads\/2021\/11\/94-405x270.jpg 405w\" sizes=\"auto, (max-width: 1024px) 100vw, 1024px\" \/><\/figure><\/li><\/ul><\/figure>\n\n\n\n<p>A m\u0171sor v\u00e9g\u00e9n Iv\u00e1n atya mindenkinek megk\u00f6sz\u00f6nte a felaj\u00e1nl\u00e1sokat, amelyekb\u0151l megsz\u00fclethetett ez a sz\u00e9p alkot\u00e1s. Majd a Magyar \u00e9s a Lengyel Himnuszokkal z\u00e1rult a program.<\/p>\n\n\n\n<figure class=\"wp-block-gallery columns-3 is-cropped wp-block-gallery-6 is-layout-flex wp-block-gallery-is-layout-flex\"><ul class=\"blocks-gallery-grid\"><li class=\"blocks-gallery-item\"><figure><img loading=\"lazy\" decoding=\"async\" width=\"1024\" height=\"683\" src=\"https:\/\/marcali.plebania.hu\/wp-content\/uploads\/2021\/11\/68-1024x683.jpg\" alt=\"\" data-id=\"2953\" data-link=\"https:\/\/marcali.plebania.hu\/?attachment_id=2953\" class=\"wp-image-2953\" srcset=\"https:\/\/marcali.plebania.hu\/wp-content\/uploads\/2021\/11\/68-1024x683.jpg 1024w, https:\/\/marcali.plebania.hu\/wp-content\/uploads\/2021\/11\/68-300x200.jpg 300w, https:\/\/marcali.plebania.hu\/wp-content\/uploads\/2021\/11\/68-768x512.jpg 768w, https:\/\/marcali.plebania.hu\/wp-content\/uploads\/2021\/11\/68-1536x1024.jpg 1536w, https:\/\/marcali.plebania.hu\/wp-content\/uploads\/2021\/11\/68-2048x1365.jpg 2048w, https:\/\/marcali.plebania.hu\/wp-content\/uploads\/2021\/11\/68-405x270.jpg 405w\" sizes=\"auto, (max-width: 1024px) 100vw, 1024px\" \/><\/figure><\/li><li class=\"blocks-gallery-item\"><figure><img loading=\"lazy\" decoding=\"async\" width=\"1024\" height=\"683\" src=\"https:\/\/marcali.plebania.hu\/wp-content\/uploads\/2021\/11\/69-1-1024x683.jpg\" alt=\"\" data-id=\"2957\" data-link=\"https:\/\/marcali.plebania.hu\/?attachment_id=2957\" class=\"wp-image-2957\" srcset=\"https:\/\/marcali.plebania.hu\/wp-content\/uploads\/2021\/11\/69-1-1024x683.jpg 1024w, https:\/\/marcali.plebania.hu\/wp-content\/uploads\/2021\/11\/69-1-300x200.jpg 300w, https:\/\/marcali.plebania.hu\/wp-content\/uploads\/2021\/11\/69-1-768x512.jpg 768w, https:\/\/marcali.plebania.hu\/wp-content\/uploads\/2021\/11\/69-1-1536x1024.jpg 1536w, https:\/\/marcali.plebania.hu\/wp-content\/uploads\/2021\/11\/69-1-2048x1365.jpg 2048w, https:\/\/marcali.plebania.hu\/wp-content\/uploads\/2021\/11\/69-1-405x270.jpg 405w\" sizes=\"auto, (max-width: 1024px) 100vw, 1024px\" \/><\/figure><\/li><li class=\"blocks-gallery-item\"><figure><img loading=\"lazy\" decoding=\"async\" width=\"1024\" height=\"683\" src=\"https:\/\/marcali.plebania.hu\/wp-content\/uploads\/2021\/11\/53-1-1024x683.jpg\" alt=\"\" data-id=\"2958\" data-link=\"https:\/\/marcali.plebania.hu\/?attachment_id=2958\" class=\"wp-image-2958\" srcset=\"https:\/\/marcali.plebania.hu\/wp-content\/uploads\/2021\/11\/53-1-1024x683.jpg 1024w, https:\/\/marcali.plebania.hu\/wp-content\/uploads\/2021\/11\/53-1-300x200.jpg 300w, https:\/\/marcali.plebania.hu\/wp-content\/uploads\/2021\/11\/53-1-768x512.jpg 768w, https:\/\/marcali.plebania.hu\/wp-content\/uploads\/2021\/11\/53-1-1536x1024.jpg 1536w, https:\/\/marcali.plebania.hu\/wp-content\/uploads\/2021\/11\/53-1-2048x1365.jpg 2048w, https:\/\/marcali.plebania.hu\/wp-content\/uploads\/2021\/11\/53-1-405x270.jpg 405w\" sizes=\"auto, (max-width: 1024px) 100vw, 1024px\" \/><\/figure><\/li><li class=\"blocks-gallery-item\"><figure><img loading=\"lazy\" decoding=\"async\" width=\"1024\" height=\"683\" src=\"https:\/\/marcali.plebania.hu\/wp-content\/uploads\/2021\/11\/45-1-1024x683.jpg\" alt=\"\" data-id=\"2959\" data-full-url=\"https:\/\/marcali.plebania.hu\/wp-content\/uploads\/2021\/11\/45-1-scaled.jpg\" data-link=\"https:\/\/marcali.plebania.hu\/?attachment_id=2959\" class=\"wp-image-2959\" srcset=\"https:\/\/marcali.plebania.hu\/wp-content\/uploads\/2021\/11\/45-1-1024x683.jpg 1024w, https:\/\/marcali.plebania.hu\/wp-content\/uploads\/2021\/11\/45-1-300x200.jpg 300w, https:\/\/marcali.plebania.hu\/wp-content\/uploads\/2021\/11\/45-1-768x512.jpg 768w, https:\/\/marcali.plebania.hu\/wp-content\/uploads\/2021\/11\/45-1-1536x1024.jpg 1536w, https:\/\/marcali.plebania.hu\/wp-content\/uploads\/2021\/11\/45-1-2048x1365.jpg 2048w, https:\/\/marcali.plebania.hu\/wp-content\/uploads\/2021\/11\/45-1-405x270.jpg 405w\" sizes=\"auto, (max-width: 1024px) 100vw, 1024px\" \/><\/figure><\/li><\/ul><\/figure>\n\n\n\n<p>A\nszoborszentel\u00e9sen jelen volt m\u00e9g a Lengyel K\u00f6zt\u00e1rsas\u00e1g Keszthelyi\nKonzul\u00e1tus\u00e1r\u00f3l Cs\u00e9by G\u00e9za tiszteletbeli konzul \u00e9s csal\u00e1dja; Huszti G\u00e1bor, a\nSomogy Megyei K\u00f6zgy\u0171l\u00e9s aleln\u00f6ke, Bereczk Bal\u00e1zs alpolg\u00e1rmester, Sz\u00f3r\u00e1di\nZsigmond szobr\u00e1szm\u0171v\u00e9sz, valamint marcali \u00f6nkorm\u00e1nyzati k\u00e9pvisel\u0151k,\nint\u00e9zm\u00e9nyek, \u00e9s civil szervezetek vezet\u0151i tov\u00e1bb\u00e1 az adom\u00e1nyoz\u00f3k \u00e9s a h\u00edvek is.<\/p>\n\n\n\n<p>Ezt k\u00f6vet\u0151en a megh\u00edvott vend\u00e9geket a Marcali R\u00f3mai Katolikus Egyh\u00e1zk\u00f6zs\u00e9g egy d\u00edszeb\u00e9den l\u00e1tta vend\u00e9g\u00fcl, amely k\u00f6tetlen besz\u00e9lget\u00e9ssel z\u00e1rult.<\/p>\n","protected":false},"excerpt":{"rendered":"<p>2021. okt\u00f3ber 31-\u00e9n, vas\u00e1rnap 11 \u00f3rakor Varga L\u00e1szl\u00f3 kaposv\u00e1ri megy\u00e9sp\u00fcsp\u00f6k szentmis\u00e9j\u00e9vel kezd\u0151d\u00f6tt az \u00fcnneps\u00e9g a Gy\u00fcm\u00f6lcsolt\u00f3 Boldogasszony Pl\u00e9b\u00e1niatemplomban. Szentbesz\u00e9d\u00e9ben az evang\u00e9liumban elhangzott legf\u0151bb m\u00f3zesi parancsr\u00f3l elm\u00e9lkedett. J\u00e9zus az istenszeretetet \u00e9s az emberszeretetet nevezi meg a legf\u0151bb parancsnak. Az ember annak az Istennek a k\u00e9pm\u00e1s\u00e1ra lett teremtve, aki maga a szeretet. Ahogyan a Mindenhat\u00f3 minden tev\u00e9kenys\u00e9g\u00e9t a szeretet vez\u00e9rli, \u00fagy kellene az embereknek is az \u00e9rz\u00e9s\u00e9t, gondolat\u00e1t, cselekedet\u00e9t ir\u00e1ny\u00edtania ugyanennek. Az igazi szeretet mindig egy m\u00e1sik szem\u00e9ly fel\u00e9 fordul: Isten vagy&#8230;<\/p>\n<p class=\"read-more\"><a class=\"btn btn-default\" href=\"https:\/\/marcali.plebania.hu\/?p=2929\"> Read More<span class=\"screen-reader-text\">  Read More<\/span><\/a><\/p>\n","protected":false},"author":2,"featured_media":0,"comment_status":"closed","ping_status":"open","sticky":false,"template":"","format":"standard","meta":{"footnotes":""},"categories":[1],"tags":[],"class_list":["post-2929","post","type-post","status-publish","format-standard","hentry","category-egyeb"],"_links":{"self":[{"href":"https:\/\/marcali.plebania.hu\/index.php?rest_route=\/wp\/v2\/posts\/2929","targetHints":{"allow":["GET"]}}],"collection":[{"href":"https:\/\/marcali.plebania.hu\/index.php?rest_route=\/wp\/v2\/posts"}],"about":[{"href":"https:\/\/marcali.plebania.hu\/index.php?rest_route=\/wp\/v2\/types\/post"}],"author":[{"embeddable":true,"href":"https:\/\/marcali.plebania.hu\/index.php?rest_route=\/wp\/v2\/users\/2"}],"replies":[{"embeddable":true,"href":"https:\/\/marcali.plebania.hu\/index.php?rest_route=%2Fwp%2Fv2%2Fcomments&post=2929"}],"version-history":[{"count":1,"href":"https:\/\/marcali.plebania.hu\/index.php?rest_route=\/wp\/v2\/posts\/2929\/revisions"}],"predecessor-version":[{"id":2960,"href":"https:\/\/marcali.plebania.hu\/index.php?rest_route=\/wp\/v2\/posts\/2929\/revisions\/2960"}],"wp:attachment":[{"href":"https:\/\/marcali.plebania.hu\/index.php?rest_route=%2Fwp%2Fv2%2Fmedia&parent=2929"}],"wp:term":[{"taxonomy":"category","embeddable":true,"href":"https:\/\/marcali.plebania.hu\/index.php?rest_route=%2Fwp%2Fv2%2Fcategories&post=2929"},{"taxonomy":"post_tag","embeddable":true,"href":"https:\/\/marcali.plebania.hu\/index.php?rest_route=%2Fwp%2Fv2%2Ftags&post=2929"}],"curies":[{"name":"wp","href":"https:\/\/api.w.org\/{rel}","templated":true}]}}