{"id":2962,"date":"2021-11-05T10:26:53","date_gmt":"2021-11-05T10:26:53","guid":{"rendered":"https:\/\/marcali.plebania.hu\/?p=2962"},"modified":"2021-11-05T10:26:53","modified_gmt":"2021-11-05T10:26:53","slug":"hirdetesek-2021-11-07","status":"publish","type":"post","link":"https:\/\/marcali.plebania.hu\/?p=2962","title":{"rendered":"Hirdet\u00e9sek, 2021. 11. 07."},"content":{"rendered":"\n<ol class=\"wp-block-list\"><li>Ma\nvan az \u00e9vk\u00f6zi 32. vas\u00e1rnap.<\/li><li>A\nj\u00f6v\u0151 h\u00e9ten 17 \u00f3rakor kezd\u0151dnek a h\u00e9tk\u00f6znapi szentmis\u00e9k.<\/li><li>Szombaton,\nnovember 13-\u00e1n 16 \u00f3rakor fatimai \u00e1jtatoss\u00e1got tartunk, 17 \u00f3rakor szentmise.<\/li><li>A\nNemzetk\u00f6zi Eukarisztikus Kongresszus Titk\u00e1rs\u00e1ga felh\u00edv\u00e1s\u00e1ra mi is csatlakozunk\naz orsz\u00e1gos h\u00e1laad\u00e1shoz \u00e9s szents\u00e9gim\u00e1d\u00e1shoz november 20-\u00e1n, szombaton 16\n\u00f3rakor (Krisztus Kir\u00e1ly vas\u00e1rnapj\u00e1nak el\u0151est\u00e9j\u00e9n), majd 17 \u00f3rakor szentmise\nlesz.<\/li><li>A\nKaposv\u00e1ri P\u00fcsp\u00f6k \u00faj j\u00e1rv\u00e1ny\u00fcgyi rendelkez\u00e9st adott ki, mely \u00e9rtelm\u00e9ben, a\ntemplomokban a maszkvisel\u00e9s k\u00f6telez\u0151. A perselyez\u00e9sre nem mennek ki \u00f6sszeszedni,\nhanem a szentmise v\u00e9g\u00e9n k\u00e9rj\u00fck a kij\u00e1ratn\u00e1l elhelyezett kos\u00e1rba dobni a\nperselyp\u00e9nzt.<\/li><li>Napt\u00e1rak,\nkalend\u00e1riumok kaphat\u00f3k a sekresty\u00e9ben.<\/li><\/ol>\n","protected":false},"excerpt":{"rendered":"<p>Ma van az \u00e9vk\u00f6zi 32. vas\u00e1rnap. A j\u00f6v\u0151 h\u00e9ten 17 \u00f3rakor kezd\u0151dnek a h\u00e9tk\u00f6znapi szentmis\u00e9k. Szombaton, november 13-\u00e1n 16 \u00f3rakor fatimai \u00e1jtatoss\u00e1got tartunk, 17 \u00f3rakor szentmise. A Nemzetk\u00f6zi Eukarisztikus Kongresszus Titk\u00e1rs\u00e1ga felh\u00edv\u00e1s\u00e1ra mi is csatlakozunk az orsz\u00e1gos h\u00e1laad\u00e1shoz \u00e9s szents\u00e9gim\u00e1d\u00e1shoz november 20-\u00e1n, szombaton 16 \u00f3rakor (Krisztus Kir\u00e1ly vas\u00e1rnapj\u00e1nak el\u0151est\u00e9j\u00e9n), majd 17 \u00f3rakor szentmise lesz. A Kaposv\u00e1ri P\u00fcsp\u00f6k \u00faj j\u00e1rv\u00e1ny\u00fcgyi rendelkez\u00e9st adott ki, mely \u00e9rtelm\u00e9ben, a templomokban a maszkvisel\u00e9s k\u00f6telez\u0151. A perselyez\u00e9sre nem mennek ki \u00f6sszeszedni, hanem a szentmise v\u00e9g\u00e9n k\u00e9rj\u00fck&#8230;<\/p>\n<p class=\"read-more\"><a class=\"btn btn-default\" href=\"https:\/\/marcali.plebania.hu\/?p=2962\"> Read More<span class=\"screen-reader-text\">  Read More<\/span><\/a><\/p>\n","protected":false},"author":2,"featured_media":0,"comment_status":"closed","ping_status":"open","sticky":false,"template":"","format":"standard","meta":{"footnotes":""},"categories":[1],"tags":[],"class_list":["post-2962","post","type-post","status-publish","format-standard","hentry","category-egyeb"],"_links":{"self":[{"href":"https:\/\/marcali.plebania.hu\/index.php?rest_route=\/wp\/v2\/posts\/2962","targetHints":{"allow":["GET"]}}],"collection":[{"href":"https:\/\/marcali.plebania.hu\/index.php?rest_route=\/wp\/v2\/posts"}],"about":[{"href":"https:\/\/marcali.plebania.hu\/index.php?rest_route=\/wp\/v2\/types\/post"}],"author":[{"embeddable":true,"href":"https:\/\/marcali.plebania.hu\/index.php?rest_route=\/wp\/v2\/users\/2"}],"replies":[{"embeddable":true,"href":"https:\/\/marcali.plebania.hu\/index.php?rest_route=%2Fwp%2Fv2%2Fcomments&post=2962"}],"version-history":[{"count":1,"href":"https:\/\/marcali.plebania.hu\/index.php?rest_route=\/wp\/v2\/posts\/2962\/revisions"}],"predecessor-version":[{"id":2963,"href":"https:\/\/marcali.plebania.hu\/index.php?rest_route=\/wp\/v2\/posts\/2962\/revisions\/2963"}],"wp:attachment":[{"href":"https:\/\/marcali.plebania.hu\/index.php?rest_route=%2Fwp%2Fv2%2Fmedia&parent=2962"}],"wp:term":[{"taxonomy":"category","embeddable":true,"href":"https:\/\/marcali.plebania.hu\/index.php?rest_route=%2Fwp%2Fv2%2Fcategories&post=2962"},{"taxonomy":"post_tag","embeddable":true,"href":"https:\/\/marcali.plebania.hu\/index.php?rest_route=%2Fwp%2Fv2%2Ftags&post=2962"}],"curies":[{"name":"wp","href":"https:\/\/api.w.org\/{rel}","templated":true}]}}