{"id":2964,"date":"2021-11-12T09:06:28","date_gmt":"2021-11-12T09:06:28","guid":{"rendered":"https:\/\/marcali.plebania.hu\/?p=2964"},"modified":"2021-11-12T09:06:28","modified_gmt":"2021-11-12T09:06:28","slug":"hirdetesek-2021-11-14","status":"publish","type":"post","link":"https:\/\/marcali.plebania.hu\/?p=2964","title":{"rendered":"Hirdet\u00e9sek, 2021. 11. 14."},"content":{"rendered":"\n<ol class=\"wp-block-list\"><li>Ma\nvan az \u00e9vk\u00f6zi 33. vas\u00e1rnap.<\/li><li>J\u00f6v\u0151\np\u00e9nteken 16.45-kor a lelki adopt\u00e1l\u00f3k im\u00e1ja \u00e9s tal\u00e1lkoz\u00f3ja lesz a\npl\u00e9b\u00e1niatemplomban.<\/li><li>A\nj\u00f6v\u0151 h\u00e9ten, szombaton 16 \u00f3rakor mi is csatlakozunk az orsz\u00e1gos\nszents\u00e9gim\u00e1d\u00e1shoz, mely az Eukarisztikus Kongresszus\u00e9rt lesz h\u00e1laad\u00e1s. A\nszents\u00e9gim\u00e1d\u00e1shoz jelentkezni kell, kifel\u00e9 menet a templom ajt\u00f3n\u00e1l fel kell iratkozni\na r\u00e9szv\u00e9telre. (P\u00e9nteken a szents\u00e9gim\u00e1d\u00e1s elmarad.)<\/li><li>A\nj\u00f6v\u0151 vas\u00e1rnap, Krisztus Kir\u00e1ly vas\u00e1rnapja, Karit\u00e1sz vas\u00e1rnap. Az orsz\u00e1g\nvalamennyi katolikus templom\u00e1ban perselygy\u0171jt\u00e9s lesz a helyi Karit\u00e1sz jav\u00e1ra.<\/li><li>Napt\u00e1rak,\nkalend\u00e1rium \u00e9s a Sz\u00edvem els\u0151 gondolata c\u00edm\u0171 k\u00f6nyv kaphat\u00f3 a sekresty\u00e9ben.<\/li><\/ol>\n","protected":false},"excerpt":{"rendered":"<p>Ma van az \u00e9vk\u00f6zi 33. vas\u00e1rnap. J\u00f6v\u0151 p\u00e9nteken 16.45-kor a lelki adopt\u00e1l\u00f3k im\u00e1ja \u00e9s tal\u00e1lkoz\u00f3ja lesz a pl\u00e9b\u00e1niatemplomban. A j\u00f6v\u0151 h\u00e9ten, szombaton 16 \u00f3rakor mi is csatlakozunk az orsz\u00e1gos szents\u00e9gim\u00e1d\u00e1shoz, mely az Eukarisztikus Kongresszus\u00e9rt lesz h\u00e1laad\u00e1s. A szents\u00e9gim\u00e1d\u00e1shoz jelentkezni kell, kifel\u00e9 menet a templom ajt\u00f3n\u00e1l fel kell iratkozni a r\u00e9szv\u00e9telre. (P\u00e9nteken a szents\u00e9gim\u00e1d\u00e1s elmarad.) A j\u00f6v\u0151 vas\u00e1rnap, Krisztus Kir\u00e1ly vas\u00e1rnapja, Karit\u00e1sz vas\u00e1rnap. Az orsz\u00e1g valamennyi katolikus templom\u00e1ban perselygy\u0171jt\u00e9s lesz a helyi Karit\u00e1sz jav\u00e1ra. Napt\u00e1rak, kalend\u00e1rium \u00e9s a Sz\u00edvem els\u0151 gondolata&#8230;<\/p>\n<p class=\"read-more\"><a class=\"btn btn-default\" href=\"https:\/\/marcali.plebania.hu\/?p=2964\"> Read More<span class=\"screen-reader-text\">  Read More<\/span><\/a><\/p>\n","protected":false},"author":2,"featured_media":0,"comment_status":"closed","ping_status":"open","sticky":false,"template":"","format":"standard","meta":{"footnotes":""},"categories":[1],"tags":[],"class_list":["post-2964","post","type-post","status-publish","format-standard","hentry","category-egyeb"],"_links":{"self":[{"href":"https:\/\/marcali.plebania.hu\/index.php?rest_route=\/wp\/v2\/posts\/2964","targetHints":{"allow":["GET"]}}],"collection":[{"href":"https:\/\/marcali.plebania.hu\/index.php?rest_route=\/wp\/v2\/posts"}],"about":[{"href":"https:\/\/marcali.plebania.hu\/index.php?rest_route=\/wp\/v2\/types\/post"}],"author":[{"embeddable":true,"href":"https:\/\/marcali.plebania.hu\/index.php?rest_route=\/wp\/v2\/users\/2"}],"replies":[{"embeddable":true,"href":"https:\/\/marcali.plebania.hu\/index.php?rest_route=%2Fwp%2Fv2%2Fcomments&post=2964"}],"version-history":[{"count":1,"href":"https:\/\/marcali.plebania.hu\/index.php?rest_route=\/wp\/v2\/posts\/2964\/revisions"}],"predecessor-version":[{"id":2965,"href":"https:\/\/marcali.plebania.hu\/index.php?rest_route=\/wp\/v2\/posts\/2964\/revisions\/2965"}],"wp:attachment":[{"href":"https:\/\/marcali.plebania.hu\/index.php?rest_route=%2Fwp%2Fv2%2Fmedia&parent=2964"}],"wp:term":[{"taxonomy":"category","embeddable":true,"href":"https:\/\/marcali.plebania.hu\/index.php?rest_route=%2Fwp%2Fv2%2Fcategories&post=2964"},{"taxonomy":"post_tag","embeddable":true,"href":"https:\/\/marcali.plebania.hu\/index.php?rest_route=%2Fwp%2Fv2%2Ftags&post=2964"}],"curies":[{"name":"wp","href":"https:\/\/api.w.org\/{rel}","templated":true}]}}