{"id":297,"date":"2018-07-25T15:23:17","date_gmt":"2018-07-25T15:23:17","guid":{"rendered":"https:\/\/marcali.plebania.hu\/?p=297"},"modified":"2018-07-25T15:23:17","modified_gmt":"2018-07-25T15:23:17","slug":"az-idei-nyar-masodik-hittantabora-73-resztvevovel","status":"publish","type":"post","link":"https:\/\/marcali.plebania.hu\/?p=297","title":{"rendered":"Az idei ny\u00e1r m\u00e1sodik hittant\u00e1bora 73 r\u00e9sztvev\u0151vel"},"content":{"rendered":"<p style=\"text-align: left;\">2018. j\u00falius 23-\u00e1n h\u00e9tf\u0151n reggel 8 \u00f3rakor megkezd\u0151d\u00f6tt a Marcali<br \/>\nEgyh\u00e1zk\u00f6zs\u00e9g m\u00e1sodik ny\u00e1ri napk\u00f6zis hittanos t\u00e1bora \u00f6sszesen 73 f\u0151vel<br \/>\n(k\u00f6zt\u00fck a seg\u00edt\u0151kkel). A minden iskol\u00e1s korcsoportot k\u00e9pvisel\u0151 gyermekek m\u00e1r<br \/>\nnagy izgalommal v\u00e1rt\u00e1k az 1 h\u00e9tig tart\u00f3 tartalmas programot A nap k\u00f6z\u00f6s<br \/>\nim\u00e1dkoz\u00e1ssal \u00e9s \u00e9nekl\u00e9ssel kezd\u0151dik a nemr\u00e9giben \u00faj burkolatot kapott<br \/>\npl\u00e9b\u00e1niatemplomban, majd k\u00fcl\u00f6nf\u00e9le el\u0151ad\u00e1sok hangzanak el. Az idei<br \/>\nesztend\u0151ben a &#8222;N\u0151k a Bibli\u00e1ban&#8221; t\u00e9m\u00e1t j\u00e1rj\u00e1k k\u00f6r\u00fcl \u00e9s ismerhetik meg a<br \/>\ngyermekek. Az el\u0151ad\u00f3k k\u00f6zt van fazekas Kriszti\u00e1n reform\u00e1tus lelkip\u00e1sztor<br \/>\nis. Az id\u00e9n a keddi nap volt a kir\u00e1ndul\u00e1s\u00e9, amikor Balatonkereszt\u00faron \u00e9s<br \/>\nBalatonfenyvesen megn\u00e9zt\u00e9k \u00e9s megismerkedtek a templomok t\u00f6rt\u00e9net\u00e9vel, majd<br \/>\nkisvas\u00fattal Imremajorba is ell\u00e1togattak. Cs\u00fct\u00f6rt\u00f6k\u00f6n a Marcali V\u00e1rosi F\u00fcrd\u00f6<br \/>\nvend\u00e9gei lesznek.<\/p>\n<p style=\"text-align: left;\"><img loading=\"lazy\" decoding=\"async\" class=\"wp-image-298 size-large aligncenter\" src=\"https:\/\/marcali.plebania.hu\/wp-content\/uploads\/2018\/07\/hittant\u00e1bor18.2-002-1024x678.jpg\" alt=\"\" width=\"640\" height=\"424\" srcset=\"https:\/\/marcali.plebania.hu\/wp-content\/uploads\/2018\/07\/hittant\u00e1bor18.2-002.jpg 1024w, https:\/\/marcali.plebania.hu\/wp-content\/uploads\/2018\/07\/hittant\u00e1bor18.2-002-300x199.jpg 300w, https:\/\/marcali.plebania.hu\/wp-content\/uploads\/2018\/07\/hittant\u00e1bor18.2-002-768x509.jpg 768w, https:\/\/marcali.plebania.hu\/wp-content\/uploads\/2018\/07\/hittant\u00e1bor18.2-002-408x270.jpg 408w\" sizes=\"auto, (max-width: 640px) 100vw, 640px\" \/><br \/>\nP\u00e9nteken d\u00e9lut\u00e1n t\u00e1bort\u0171z \u00e9s sorverseny v\u00e1rja majd a kicsiket \u00e9s nagyokat<br \/>\negyar\u00e1nt, akik m\u00e1r most igazi kis k\u00f6z\u00f6ss\u00e9gg\u00e9 form\u00e1l\u00f3dtak. A t\u00e1bort pedig<br \/>\nvas\u00e1rnap a 9 \u00f3r\u00e1s szentmis\u00e9vel z\u00e1rj\u00e1k, ahol a gyerekek a h\u00e9ten \u00e9nekelt<br \/>\ndalokat adj\u00e1k majd el\u0151 \u00e9s k\u00f6sz\u00f6nik meg az egyh\u00e1zk\u00f6zs\u00e9g, a sz\u00fcl\u0151k \u00e9s a h\u00edvek<br \/>\nseg\u00edts\u00e9g\u00e9t a program megval\u00f3s\u00edt\u00e1s\u00e1ban. A t\u00e1borvezet\u0151k: Bojtorn\u00e9 Kir\u00e1ly<br \/>\nM\u00e1rta, \u00e9s Tombor Erzs\u00e9bet hitoktat\u00f3k, akiknek pedag\u00f3gusok, k\u00f6z\u00e9piskol\u00e1s \u00e9s<br \/>\negyetemista fiatalok, mint csoportvezet\u0151k is seg\u00edtenek. Rajtuk k\u00edv\u00fcl a h\u00edvek<br \/>\nk\u00f6z\u00fcl is t\u00f6bben seg\u00e9dkeznek a t\u00edz\u00f3rai \u00e9s az uzsonna elk\u00e9sz\u00edt\u00e9s\u00e9ben.<br \/>\nMarcali Szoci\u00e1lis \u00e9s Eg\u00e9szs\u00e9g\u00fcgyi Szolg\u00e1ltat\u00f3 K\u00f6zpont \u00e9s Marcali V\u00e1ros<br \/>\n\u00d6nkorm\u00e1nyzata az EFOP 3.9.2-16-2017-00014 k\u00f3dsz\u00e1m\u00fa p\u00e1ly\u00e1zati forr\u00e1sb\u00f3l<br \/>\n250.000,- Ft \u00e9rt\u00e9kben j\u00e1t\u00e9kokat \u00e9s eszk\u00f6z\u00f6ket v\u00e1s\u00e1rolt a hittant\u00e1boros<br \/>\ngyermekek r\u00e9sz\u00e9re. K\u00f6sz\u00f6net \u00e9rte!. A t\u00e1bort t\u00e1mogatta m\u00e9g dr. S\u00fct\u0151 L\u00e1szl\u00f3<br \/>\npolg\u00e1rmese \u00far, Gelencs\u00e9r R\u00f3bert vil\u00e1gi eln\u00f6k \u00e9s sok marcali lakos. A t\u00e1bor<br \/>\nf\u0151szponzora a R\u00f3mai Katolikus Egyh\u00e1zk\u00f6zs\u00e9g.<\/p>\n<p><img loading=\"lazy\" decoding=\"async\" class=\"aligncenter wp-image-299 size-large\" src=\"https:\/\/marcali.plebania.hu\/wp-content\/uploads\/2018\/07\/hittant\u00e1bor18.2-029-1024x678.jpg\" alt=\"\" width=\"640\" height=\"424\" srcset=\"https:\/\/marcali.plebania.hu\/wp-content\/uploads\/2018\/07\/hittant\u00e1bor18.2-029.jpg 1024w, https:\/\/marcali.plebania.hu\/wp-content\/uploads\/2018\/07\/hittant\u00e1bor18.2-029-300x199.jpg 300w, https:\/\/marcali.plebania.hu\/wp-content\/uploads\/2018\/07\/hittant\u00e1bor18.2-029-768x509.jpg 768w, https:\/\/marcali.plebania.hu\/wp-content\/uploads\/2018\/07\/hittant\u00e1bor18.2-029-408x270.jpg 408w\" sizes=\"auto, (max-width: 640px) 100vw, 640px\" \/><\/p>\n","protected":false},"excerpt":{"rendered":"<p>2018. j\u00falius 23-\u00e1n h\u00e9tf\u0151n reggel 8 \u00f3rakor megkezd\u0151d\u00f6tt a Marcali Egyh\u00e1zk\u00f6zs\u00e9g m\u00e1sodik ny\u00e1ri napk\u00f6zis hittanos t\u00e1bora \u00f6sszesen 73 f\u0151vel (k\u00f6zt\u00fck a seg\u00edt\u0151kkel). A minden iskol\u00e1s korcsoportot k\u00e9pvisel\u0151 gyermekek m\u00e1r nagy izgalommal v\u00e1rt\u00e1k az 1 h\u00e9tig tart\u00f3 tartalmas programot A nap k\u00f6z\u00f6s im\u00e1dkoz\u00e1ssal \u00e9s \u00e9nekl\u00e9ssel kezd\u0151dik a nemr\u00e9giben \u00faj burkolatot kapott pl\u00e9b\u00e1niatemplomban, majd k\u00fcl\u00f6nf\u00e9le el\u0151ad\u00e1sok hangzanak el. Az idei esztend\u0151ben a &#8222;N\u0151k a Bibli\u00e1ban&#8221; t\u00e9m\u00e1t j\u00e1rj\u00e1k k\u00f6r\u00fcl \u00e9s ismerhetik meg a gyermekek. Az el\u0151ad\u00f3k k\u00f6zt van fazekas Kriszti\u00e1n reform\u00e1tus lelkip\u00e1sztor is&#8230;.<\/p>\n<p class=\"read-more\"><a class=\"btn btn-default\" href=\"https:\/\/marcali.plebania.hu\/?p=297\"> Read More<span class=\"screen-reader-text\">  Read More<\/span><\/a><\/p>\n","protected":false},"author":2,"featured_media":0,"comment_status":"closed","ping_status":"open","sticky":false,"template":"","format":"standard","meta":{"footnotes":""},"categories":[1],"tags":[],"class_list":["post-297","post","type-post","status-publish","format-standard","hentry","category-egyeb"],"_links":{"self":[{"href":"https:\/\/marcali.plebania.hu\/index.php?rest_route=\/wp\/v2\/posts\/297","targetHints":{"allow":["GET"]}}],"collection":[{"href":"https:\/\/marcali.plebania.hu\/index.php?rest_route=\/wp\/v2\/posts"}],"about":[{"href":"https:\/\/marcali.plebania.hu\/index.php?rest_route=\/wp\/v2\/types\/post"}],"author":[{"embeddable":true,"href":"https:\/\/marcali.plebania.hu\/index.php?rest_route=\/wp\/v2\/users\/2"}],"replies":[{"embeddable":true,"href":"https:\/\/marcali.plebania.hu\/index.php?rest_route=%2Fwp%2Fv2%2Fcomments&post=297"}],"version-history":[{"count":1,"href":"https:\/\/marcali.plebania.hu\/index.php?rest_route=\/wp\/v2\/posts\/297\/revisions"}],"predecessor-version":[{"id":300,"href":"https:\/\/marcali.plebania.hu\/index.php?rest_route=\/wp\/v2\/posts\/297\/revisions\/300"}],"wp:attachment":[{"href":"https:\/\/marcali.plebania.hu\/index.php?rest_route=%2Fwp%2Fv2%2Fmedia&parent=297"}],"wp:term":[{"taxonomy":"category","embeddable":true,"href":"https:\/\/marcali.plebania.hu\/index.php?rest_route=%2Fwp%2Fv2%2Fcategories&post=297"},{"taxonomy":"post_tag","embeddable":true,"href":"https:\/\/marcali.plebania.hu\/index.php?rest_route=%2Fwp%2Fv2%2Ftags&post=297"}],"curies":[{"name":"wp","href":"https:\/\/api.w.org\/{rel}","templated":true}]}}